{"id":6887,"date":"2022-04-19T20:37:41","date_gmt":"2022-04-19T18:37:41","guid":{"rendered":"https:\/\/salonsauvignon.eu\/?p=6887"},"modified":"2022-04-19T20:45:35","modified_gmt":"2022-04-19T18:45:35","slug":"jarc-2022","status":"publish","type":"post","link":"https:\/\/salonsauvignon.eu\/eng\/jarc-2022\/","title":{"rendered":"Jarc 2022"},"content":{"rendered":"<p><img fetchpriority=\"high\" decoding=\"async\" class=\"alignnone wp-image-6888\" src=\"https:\/\/salonsauvignon.eu\/wp-content\/uploads\/2022\/04\/Jarc-kolaz-SS2022-300x300.jpeg\" alt=\"Jarc\" width=\"658\" height=\"658\" \/><\/p>\n<p>Salon SAUVIGNON Ptuj 2022, Art &amp; Wine festival.<br \/>\nSaturday, 7 May at 13:00.<\/p>\n<p><strong>Jarc family farm<\/strong>\u00a0is located in the middle of the Sve\u010din vineyards, where the fourth generation has been involved in viticulture. We cultivate 10 hectares of vineyards and since 2011 you can also visit us on our tourist farm. Our location is ideal for vineyards because it is the ideal combination of labyrinthine soils, sunny days, cooler climate and people who have been carefully tending the vines here for centuries. This combination provides the best basis for the vigneron to create, while nature gives the best fruit in return for the hard work, or the ideal base for excellent fresh wines. Our wines reflect the uniqueness of Styria's growing conditions, which is reflected in the fruitiness, beautiful structure and lively acidity that make our wines fresh and a perfect accompaniment to food. <a href=\"https:\/\/www.facebook.com\/Turisti\u010dna-Kmetija-Jarc-1747212385540408\/\" target=\"_blank\" rel=\"noopener\">https:\/\/www.facebook.com\/Turisti\u010dna-Kmetija-Jarc-1747212385540408\/<\/a><\/p>\n<p>\/\/ The eighth time - again in the beautiful Gothic cloisters of the Dominican Monastery in Ptuj.<\/p>\n<p>In a picturesque medieval town surrounded by vineyards.<\/p>\n<p>The best sauvignons of Slovenia and the world.<\/p>\n<p>Fine cuisine.<\/p>\n<p>Master Class. This year's winners will be\u00a0<span lang=\"SL\">prof. Dr. Klemen Lisjak and doc. Dr. Guillaume Antalick.<\/span><\/p>\n<p>Art. Music.<\/p>\n<p>We end our Saturday within the walls of a charismatic medieval monastery with a concert by the popular singer Ditka.<\/p>\n<p>Ticket price:<\/p>\n<p>\u20ac18 in advance and for larger groups on the day of the event.<\/p>\n<p>\u20ac21 on the day of the event.<\/p>\n<p>Master Class price:<\/p>\n<p>\u20ac36, including a ticket to the event.<\/p>\n<p>More information at<\/p>\n<p>mobn. 041328488<br \/>\n<a href=\"https:\/\/salonsauvignon.eu\/eng\/\" target=\"_blank\" rel=\"noopener noreferrer\" data-saferedirecturl=\"https:\/\/www.google.com\/url?q=https:\/\/www.salonsauvignon.eu&amp;source=gmail&amp;ust=1648842252240000&amp;usg=AOvVaw1VdxKrb5FHYGp9vVuMuB3I\">www.salonsauvignon.eu<\/a><\/p>\n<p>Follow, share and like us on:<\/p>\n<p><a href=\"https:\/\/salonsauvignon.eu\/eng\/\" target=\"_blank\" rel=\"noopener noreferrer\" data-saferedirecturl=\"https:\/\/www.google.com\/url?q=https:\/\/salonsauvignon.eu\/&amp;source=gmail&amp;ust=1648842252240000&amp;usg=AOvVaw0DpkoQYw562Pn3MPqwCo9l\">https:\/\/salonsauvignon.eu\/<\/a><br \/>\n<a href=\"https:\/\/www.facebook.com\/salonsauvignon\/\" target=\"_blank\" rel=\"noopener noreferrer\" data-saferedirecturl=\"https:\/\/www.google.com\/url?q=https:\/\/www.facebook.com\/salonsauvignon\/&amp;source=gmail&amp;ust=1648842252240000&amp;usg=AOvVaw2Xo5tyjZgiltrV02pvwoq_\">https:\/\/www.facebook.com\/salon<wbr \/>sauvignon\/<\/a><br \/>\ninstagram: salonsauvignon2022<\/p>\n<p>ENG<\/p>\n<p>Salon SAUVIGNON Ptuj 2022, Art &amp; Wine festival.<br \/>\nSaturday 7th May from 1 pm<\/p>\n<p>For the eighth time - once again in the beautiful Gothic cloisters of the Dominican monastery in Ptuj.<\/p>\n<p>Within a picturesque medieval town surrounded by vineyards.<\/p>\n<p>The best sauvignons Slovenia and the world has to offer.<\/p>\n<p>Top cuisine.<\/p>\n<p>Master Class. <span lang=\"SL\">prof. Dr. Klemen Lisjak and doc. Dr. Guillaume Antalick.<\/span><\/p>\n<p>Art. Music.<\/p>\n<p>We will end Saturday among the walls of the charismatic medieval monastery with a concert by the popular singer Ditka.<\/p>\n<p>Entrance fee:<\/p>\n<p>\u20ac 18 in presale and for larger announced groups on the day of the event.<\/p>\n<p>\u20ac 21 on the day of the event.<\/p>\n<p>Master Class price:<\/p>\n<p>\u20ac 36 with entrance fee.<\/p>\n<p>Additional information:<\/p>\n<p>Phone number: +386 41 328 488<br \/>\n<a href=\"https:\/\/salonsauvignon.eu\/eng\/\" target=\"_blank\" rel=\"noopener noreferrer\" data-saferedirecturl=\"https:\/\/www.google.com\/url?q=https:\/\/www.salonsauvignon.eu&amp;source=gmail&amp;ust=1648842252240000&amp;usg=AOvVaw1VdxKrb5FHYGp9vVuMuB3I\">www.salonsauvignon.eu<\/a><\/p>\n<p>Follow, share and like us at:<\/p>\n<p><a href=\"https:\/\/salonsauvignon.eu\/eng\/\" target=\"_blank\" rel=\"noopener noreferrer\" data-saferedirecturl=\"https:\/\/www.google.com\/url?q=https:\/\/salonsauvignon.eu\/&amp;source=gmail&amp;ust=1648842252240000&amp;usg=AOvVaw0DpkoQYw562Pn3MPqwCo9l\">https:\/\/salonsauvignon.eu\/<\/a><br \/>\n<a href=\"https:\/\/www.facebook.com\/salonsauvignon\/\" target=\"_blank\" rel=\"noopener noreferrer\" data-saferedirecturl=\"https:\/\/www.google.com\/url?q=https:\/\/www.facebook.com\/salonsauvignon\/&amp;source=gmail&amp;ust=1648842252240000&amp;usg=AOvVaw2Xo5tyjZgiltrV02pvwoq_\">https:\/\/www.facebook.com\/salon<wbr \/>sauvignon\/<\/a><br \/>\ninstagram: salonsauvignon2022<\/p>\n<p>#SalonSauvignon #Ptuj #sauvignon #sauvignonblanc #cabernetsauvignon #vino #wine #wine #art #art #culinary #cuisine #enogastronomy #ourism #tourism #VisitPtuj #winefestival #winelovers #food #masterclass #winejudge #salonsauvignonptuj2022 #salonsauvignon2022 #Slovenia<\/p>","protected":false},"excerpt":{"rendered":"<p>Salon SAUVIGNON Ptuj 2022, Art &amp; Wine festival. Sobota, 7. maja ob 13. uri. Dru\u017einska kmetija Jarc\u00a0se nahaja sredi sve\u010dinskih vinogradov, kjer se \u017ee \u010detrta generacija ukvarja z vinogradni\u0161tvom. Obdelujemo 10 hektarjev vinogradov in od leta 2011 nas lahko obi\u0161\u010dete tudi na na\u0161i turisti\u010dni kmetiji. Na\u0161e lege so idealne za vinograde saj predstavljajo idealno kombinacijo [&hellip;]<\/p>","protected":false},"author":2,"featured_media":0,"comment_status":"closed","ping_status":"closed","sticky":false,"template":"","format":"standard","meta":{"_jetpack_memberships_contains_paid_content":false,"footnotes":"","jetpack_publicize_message":"","jetpack_publicize_feature_enabled":true,"jetpack_social_post_already_shared":false,"jetpack_social_options":{"image_generator_settings":{"template":"highway","enabled":false},"version":2},"_wpscppro_custom_social_share_image":0,"_facebook_share_type":"","_twitter_share_type":"","_linkedin_share_type":"","_pinterest_share_type":"","_linkedin_share_type_page":"","_instagram_share_type":"","_selected_social_profile":[]},"categories":[47,63],"tags":[],"class_list":["post-6887","post","type-post","status-publish","format-standard","hentry","category-novice","category-vinarji"],"jetpack_publicize_connections":[],"jetpack_featured_media_url":"","jetpack_sharing_enabled":true,"_links":{"self":[{"href":"https:\/\/salonsauvignon.eu\/eng\/wp-json\/wp\/v2\/posts\/6887","targetHints":{"allow":["GET"]}}],"collection":[{"href":"https:\/\/salonsauvignon.eu\/eng\/wp-json\/wp\/v2\/posts"}],"about":[{"href":"https:\/\/salonsauvignon.eu\/eng\/wp-json\/wp\/v2\/types\/post"}],"author":[{"embeddable":true,"href":"https:\/\/salonsauvignon.eu\/eng\/wp-json\/wp\/v2\/users\/2"}],"replies":[{"embeddable":true,"href":"https:\/\/salonsauvignon.eu\/eng\/wp-json\/wp\/v2\/comments?post=6887"}],"version-history":[{"count":6,"href":"https:\/\/salonsauvignon.eu\/eng\/wp-json\/wp\/v2\/posts\/6887\/revisions"}],"predecessor-version":[{"id":6895,"href":"https:\/\/salonsauvignon.eu\/eng\/wp-json\/wp\/v2\/posts\/6887\/revisions\/6895"}],"wp:attachment":[{"href":"https:\/\/salonsauvignon.eu\/eng\/wp-json\/wp\/v2\/media?parent=6887"}],"wp:term":[{"taxonomy":"category","embeddable":true,"href":"https:\/\/salonsauvignon.eu\/eng\/wp-json\/wp\/v2\/categories?post=6887"},{"taxonomy":"post_tag","embeddable":true,"href":"https:\/\/salonsauvignon.eu\/eng\/wp-json\/wp\/v2\/tags?post=6887"}],"curies":[{"name":"wp","href":"https:\/\/api.w.org\/{rel}","templated":true}]}}