{"id":9394,"date":"2024-04-22T18:27:36","date_gmt":"2024-04-22T16:27:36","guid":{"rendered":"https:\/\/salonsauvignon.eu\/?p=9394"},"modified":"2024-04-30T06:54:07","modified_gmt":"2024-04-30T04:54:07","slug":"kuster-2024","status":"publish","type":"post","link":"https:\/\/salonsauvignon.eu\/eng\/kuster-2024\/","title":{"rendered":"KU\u0160TER 2024"},"content":{"rendered":"<h3><img fetchpriority=\"high\" decoding=\"async\" class=\"alignnone wp-image-9395\" src=\"https:\/\/salonsauvignon.eu\/wp-content\/uploads\/2024\/04\/KUSTER-SS24-300x300.jpg\" alt=\"\" width=\"584\" height=\"584\"><\/h3>\n<h3><b>SALON SAUVIGNON PTUJ 2024 \/\/ SATURDAY, 18 MAY 2024 \/\/ 13:00 - 19:00 \/\/ DOMINICAN MONASTERY PTUJ<\/b><\/h3>\n<div class=\"x11i5rnm xat24cr x1mh8g0r x1vvkbs xtlvy1s x126k92a\">\n<p>&nbsp;<\/p>\n<p><strong>VINO KU\u0160TER\u00a0<\/strong>\u201cNa za\u010detku vasice Sve\u010dina se nahaja vinska hi\u0161a Ku\u0161ter. To dru\u017einsko ime se pojavlja \u017ee dobrih 500 let, po doma\u010de pa se \u017ee 250 let imenujemo Ku\u0161ter in tako se imenujejo tudi na\u0161a vina.<\/p>\n<p>Smo dru\u017einska kmetija, kjer se tradicija pridelave vina prena\u0161a iz roda v rod. Iz vinogradni\u0161kih leg z razli\u010dnimi vrstami prsti in oson\u010denji, si kot vinogradniki, vinarji in vinoljubi prizadevamo pridelati zrela in bogata, a hkrati sve\u017ea , sadna in sortna suha ter polsuha vina.<\/p>\n<p>Tej Ku\u0161trovi mladostnosti se v zadnjih letih \u00a0v kleti pridru\u017eujejo tudi suha vina krepkej\u0161ega telesa in zna\u010daja, kot tudi vina posebnih trgatev z ve\u010djim ostankom sladkorja. Obi\u0161\u010dite nas ter poskusite paleto na\u0161ih doma\u010dih dobrot.\u201d Ve\u010d:\u00a0\u00a0<a href=\"https:\/\/vino-kuster.com\/\" target=\"_blank\" rel=\"noopener\">https:\/\/vino-kuster.com<\/a><\/p>\n<\/div>\n<p>&nbsp;<\/p>\n<div dir=\"auto\">\n<div>\/\/\/<\/div>\n<div><\/div>\n<div class=\"x11i5rnm xat24cr x1mh8g0r x1vvkbs xtlvy1s x126k92a\">\n<p><b>For the tenth time in the beautiful Gothic cloisters of the Dominican monastery in Ptuj,\nSlovenia.<\/b><\/p>\n<\/div>\n<p>&nbsp;<\/p>\n<p>In a picturesque medieval town surrounded by vineyards.<\/p>\n<p>The best Sauvignons Blanc from Slovenia and the world has to offer. Selected Cabernet\nSauvignons.<\/p>\n<p>Culinary creations by the Grabar restaurant from Ptuj and the Spargus restaurant from \u017di\u010dka Carthage.<\/p>\n<p>Art.<\/p>\n<p>Music; concert by four young top singers OD5 KVARTET.<\/p>\n<p>&nbsp;<\/p>\n<p>The Master Class is dedicated to the tenth anniversary of the festival and to the idea that one of the best sauvignon growing regions stretches across Austria, Slovenia and Croatia with branches to Italy, Hungary and Serbia. That's why we invited wine experts to the Master Class:<\/p>\n<p>- Sa\u0161a \u0160piranec is the director of the iconic Croatian wine festival Vinart and an international wine expert,<\/p>\n<p>- Robert Gorjak is an internationally renowned expert with a WSET diploma and one of Slovenia's leading wine professionals, co-founder of the Belvin School, Slovenia's first wine school.<\/p>\n<p>- Reinhard Muster, world-class winemaker, cosmopolitan, winner of numerous awards at world-class wine competitions. This year, he received the highest award at the International Sauvignon Selection by Concours Mondial Bruxelles - \"Trophy Winner\" for his Sauvignon Blanc Ried Grubthal 2020.<\/p>\n<p>&nbsp;<\/p>\n<p>Ticket price:<\/p>\n<p>\u20ac20 in advance and for large groups on the day of the event.<\/p>\n<p>&nbsp;<\/p>\n<p>\u20ac22 on the day of the event.<\/p>\n<p>&nbsp;<\/p>\n<p>Master Class price:<\/p>\n<p>\u20ac50 - includes a ticket to the event.<\/p>\n<p>&nbsp;<\/p>\n<p>Tickets for the Festival or Master Class are available for pre-sale on the Festival website\u00a0<a href=\"https:\/\/salonsauvignon.eu\/eng\/\">salonsauvignon.eu<\/a>.\u00a0<a href=\"https:\/\/salonsauvignon.eu\/eng\/dogodek\/salon-sauvignon-ptuj\/\">https:\/\/salonsauvignon.eu\/dogodek\/salon-sauvignon-ptuj\/<\/a><\/p>\n<p>&nbsp;<\/p>\n<p>&nbsp;<\/p>\n<p>Further information:<\/p>\n<p><b>Slavko DOBNIK<\/b>,<\/p>\n<p>Festival Director,<\/p>\n<p>041\/328-488<\/p>\n<p><a href=\"http:\/\/ars.vino18@gmail.com\/\" target=\"_blank\" rel=\"noopener\">ars.vino18@gmail.com<\/a><\/p>\n<p>&nbsp;<\/p>\n<p>&nbsp;<\/p>\n<p>Follow, share and like us on:<\/p>\n<p><a href=\"https:\/\/l.facebook.com\/l.php?u=http%3A%2F%2Fsalonsauvignon.eu%2F%3Ffbclid%3DIwAR1uSPZ9UoavTiTB45W1qEem5Kml5YJ9v8dT2xnnAkFqth1Rrw58AK4fV2U&amp;h=AT2rcV-lY-LA0MNEu4xJu4zTA5vjIfOVr66L9U2ZSxV8ExX3zymYeK1CSb9plEFB67emWN-gCTjoqbuLWurdv8oCG8p0eil7NyZ8Tmrw0YoSokB7yl2aQSTySXGW9kiCio15QvhDug&amp;__tn__=q&amp;c%5B0%5D=AT3wTnzNP1CJbelAg8JInHmm_J3qX0wedZqq1IOFr95FGaA0LvXk8DLAx4Ko3KY35MZUMlQhreclSTNIFUaVyYd-wA7aazNTft7z9H7jJQ7D1maidXo_goqVmYOY7KPxhEZFeh_y6ro4gbPVjKFoLHUE\">http:\/\/salonsauvignon.eu\/<\/a><br \/>\n<a href=\"https:\/\/www.facebook.com\/salonsauvignon\/\" target=\"_blank\" rel=\"noopener\">https:\/\/www.facebook.com\/salonsauvignon\/<\/a><\/p>\n<p><a href=\"https:\/\/www.instagram.com\/salonsauvignon2024\/\" target=\"_blank\" rel=\"noopener\">https:\/\/www.instagram.com\/salonsauvignon2024\/<\/a><\/p>\n<p>FB event:\u00a0<a href=\"https:\/\/www.facebook.com\/events\/1401749227094515\/permalink\/1401749257094512\" target=\"_blank\" rel=\"noopener\">https:\/\/www.facebook.com\/events\/1401749227094515\/permalink\/1401749257094512<\/a><\/p>\n<p>&nbsp;<\/p>\n<h3><b>SALON SAUVIGNON PTUJ 2023 \/\/ ON SATURDAY 18. MAY 2024 \/\/ 1:00 PM - 7:00 PM \/\/ DOMINICAN MONASTERY PTUJ \/\/ SLOVENIA<\/b><\/h3>\n<p>&nbsp;<\/p>\n<p><b>Salon SAUVIGNON Ptuj 2024, Art &amp; Wine festival.<\/b><\/p>\n<p>For the tenth time in the beautiful Gothic cloisters of the Dominican monastery in Ptuj.<\/p>\n<p>Within a picturesque medieval town surrounded by vineyards.<\/p>\n<p>The best Sauvignons Blanc from Slovenia and the world has to offer. Selected Cabernet Sauvignons.<\/p>\n<p>Top cuisine.<\/p>\n<p>Art. Music.<\/p>\n<p>Master Class.<\/p>\n<p>The Master Class is dedicated to the tenth anniversary of the festival and the idea that one of the best wine growing areas of sauvignon stretches across Austria, Slovenia and Croatia with branches towards Italy, Hungary and Serbia. That's why we gathered top experts:<\/p>\n<p>- Sa\u0161a \u0160piranec is the director of the cult Croatian wine festival Vinart and an international wine expert,<\/p>\n<p>- Robert Gorjak is the internationally renowned expert with WSET Diploma and one of the leading Slovenian wine professionals, co-founder of the Belvin School, the first Slovenian wine school.<\/p>\n<\/div>\n<p id=\"tw-target-text\" class=\"tw-data-text tw-text-large tw-ta\" dir=\"ltr\" data-placeholder=\"Prevod\" aria-label=\"Translated text\" data-ved=\"2ahUKEwiPzZykseeFAxUP1QIHHZdUCI0Q3ewLegQIBRAU\"><span class=\"Y2IQFc\" lang=\"en\">- Reinhard Muster, top winemaker, cosmopolitan, recipient of numerous awards at world-class wine evaluations. This year he received the highest award at the international wine evaluation Sauvignon Selection by Concours Mondial Bruxelles - \"Trophy Winner\" for Sauvignon Blanc Ried Grubthal 2020.<\/span><\/p>\n<div dir=\"auto\">\n<p>&nbsp;<\/p>\n<p>Entrance fee:<\/p>\n<p>\u20ac 20 in presale and for larger announced groups on the day of the event.<\/p>\n<p>\u20ac 22 on the day of the event.<\/p>\n<p>You can reserve a ticket on the festival's website salonsauvignon.eu.<\/p>\n<p>Master Class price:<\/p>\n<p>\u20ac 50 with entrance fee.<\/p>\n<p>You can buy a ticket for festival or Master Class in advance on the website:\u00a0<a href=\"https:\/\/salonsauvignon.eu\/eng\/dogodek\/salon-sauvignon-ptuj\/\">https:\/\/salonsauvignon.eu\/dogodek\/salon-sauvignon-ptuj\/<\/a><\/p>\n<p>&nbsp;<\/p>\n<p>Additional information:<\/p>\n<p>Phone number: 00386 41 328 488<\/p>\n<p>E-mail: ars.vino18@gmail.com<\/p>\n<p>Follow, share and like us at:<\/p>\n<p><a href=\"https:\/\/www.facebook.com\/salonsauvignon\/\" target=\"_blank\" rel=\"noopener\">https:\/\/www.facebook.com\/salonsauvignon\/<\/a><\/p>\n<p><a href=\"https:\/\/www.instagram.com\/salonsauvignon2024\/\" target=\"_blank\" rel=\"noopener\">https:\/\/www.instagram.com\/salonsauvignon2024\/<\/a><\/p>\n<\/div>","protected":false},"excerpt":{"rendered":"<p>SALON SAUVIGNON PTUJ 2024 \/\/ V SOBOTO, 18. MAJA 2024 \/\/ 13:00 \u2013 19:00 \/\/ DOMINIKANSKI SAMOSTAN PTUJ &nbsp; VINO KU\u0160TER\u00a0\u201cNa za\u010detku vasice Sve\u010dina se nahaja vinska hi\u0161a Ku\u0161ter. To dru\u017einsko ime se pojavlja \u017ee dobrih 500 let, po doma\u010de pa se \u017ee 250 let imenujemo Ku\u0161ter in tako se imenujejo tudi na\u0161a vina. Smo [&hellip;]<\/p>","protected":false},"author":2,"featured_media":0,"comment_status":"closed","ping_status":"closed","sticky":false,"template":"","format":"standard","meta":{"_jetpack_memberships_contains_paid_content":false,"footnotes":"","jetpack_publicize_message":"","jetpack_publicize_feature_enabled":true,"jetpack_social_post_already_shared":false,"jetpack_social_options":{"image_generator_settings":{"template":"highway","enabled":false},"version":2},"_wpscppro_custom_social_share_image":0,"_facebook_share_type":"","_twitter_share_type":"","_linkedin_share_type":"","_pinterest_share_type":"","_linkedin_share_type_page":"","_instagram_share_type":"","_selected_social_profile":[]},"categories":[63,47],"tags":[],"class_list":["post-9394","post","type-post","status-publish","format-standard","hentry","category-vinarji","category-novice"],"jetpack_publicize_connections":[],"jetpack_featured_media_url":"","jetpack_sharing_enabled":true,"_links":{"self":[{"href":"https:\/\/salonsauvignon.eu\/eng\/wp-json\/wp\/v2\/posts\/9394","targetHints":{"allow":["GET"]}}],"collection":[{"href":"https:\/\/salonsauvignon.eu\/eng\/wp-json\/wp\/v2\/posts"}],"about":[{"href":"https:\/\/salonsauvignon.eu\/eng\/wp-json\/wp\/v2\/types\/post"}],"author":[{"embeddable":true,"href":"https:\/\/salonsauvignon.eu\/eng\/wp-json\/wp\/v2\/users\/2"}],"replies":[{"embeddable":true,"href":"https:\/\/salonsauvignon.eu\/eng\/wp-json\/wp\/v2\/comments?post=9394"}],"version-history":[{"count":3,"href":"https:\/\/salonsauvignon.eu\/eng\/wp-json\/wp\/v2\/posts\/9394\/revisions"}],"predecessor-version":[{"id":9591,"href":"https:\/\/salonsauvignon.eu\/eng\/wp-json\/wp\/v2\/posts\/9394\/revisions\/9591"}],"wp:attachment":[{"href":"https:\/\/salonsauvignon.eu\/eng\/wp-json\/wp\/v2\/media?parent=9394"}],"wp:term":[{"taxonomy":"category","embeddable":true,"href":"https:\/\/salonsauvignon.eu\/eng\/wp-json\/wp\/v2\/categories?post=9394"},{"taxonomy":"post_tag","embeddable":true,"href":"https:\/\/salonsauvignon.eu\/eng\/wp-json\/wp\/v2\/tags?post=9394"}],"curies":[{"name":"wp","href":"https:\/\/api.w.org\/{rel}","templated":true}]}}