{"id":6275,"date":"2022-04-28T21:10:15","date_gmt":"2022-04-28T19:10:15","guid":{"rendered":"https:\/\/salonsauvignon.eu\/?p=6275"},"modified":"2022-04-28T21:14:16","modified_gmt":"2022-04-28T19:14:16","slug":"salon-sauvignon-ptuj-2022-bomo-zakljucili-z-izjemno-glasbenico-ditko","status":"publish","type":"post","link":"https:\/\/salonsauvignon.eu\/ger\/salon-sauvignon-ptuj-2022-wir-wollen-mit-einem-ausgefallenen-musiker-ditka-abschliesen\/","title":{"rendered":"Der Salon Sauvignon Ptuj 2022 wird mit dem Ausnahmemusiker DITKA abgeschlossen"},"content":{"rendered":"<p><img fetchpriority=\"high\" decoding=\"async\" class=\"alignnone wp-image-6382\" src=\"https:\/\/salonsauvignon.eu\/wp-content\/uploads\/2022\/03\/DITKA-2-300x200.jpg\" alt=\"\" width=\"805\" height=\"536\"><\/p>\n<p>Ein einzigartiger Ansatz, eine andere und zarte Musik, die von Dualit\u00e4t, N\u00e4he und vielen Gef\u00fchlen der Sch\u00f6nheit singt, beschreibt die Arbeit des Singer-Songwriters und Komponisten Ditka.<\/p>\n<p>Zur Verkostung:\u00a0<a href=\"https:\/\/youtu.be\/kKdFufnKLPs\" target=\"_blank\" rel=\"noopener\" data-saferedirecturl=\"https:\/\/www.google.com\/url?q=https:\/\/youtu.be\/kKdFufnKLPs&amp;source=gmail&amp;ust=1648842513653000&amp;usg=AOvVaw0X0XWEdH2VeS5DjaGQHjHh\">https:\/\/youtu.be\/<wbr \/>kKdFufnKLPs<\/a><\/p>\n<p>Zwischen 2013 und 2019 ver\u00f6ffentlichte Ditka drei Alben mit aufgenommener Poesie in Zusammenarbeit mit dem Dichter und Schriftsteller Feri Lain\u0161\u010dko und ihrem Vater Gorazd \u010cepin, einem Komponisten und Pianisten, mit der Liebe als Hauptthema und dem Wort \"Nein\" in den Titeln (Don't Be Like Others, Don't Change Me, Don't Be What You Are Not), was auf symbolischer Ebene ein sanftes Ma\u00df an Rebellion darstellt, um eine eigene und andere Geschichte zu schaffen, indem man sich von den aktuellen musikalischen Trends zur\u00fcckzieht.<\/p>\n<p>Ditkas musikalische Geschichte umfasst nicht nur ihre aufgezeichneten Gedichte, sondern auch ihre eigenen, meist international ausgezeichneten Gedichte in englischer Sprache. Unter anderem gewann er das Bulgaria International Songwriters' Festival 2019, das Finale des UK Songwriting Contest in London und arbeitete mit dem britischen Produzenten Stuart Epps zusammen, der bereits mit Namen wie Elton John, Robbie Williams und anderen zusammengearbeitet hat.<\/p>\n<p>Die Qualit\u00e4t und die Botschaft der Texte sind Ditka sehr wichtig, weshalb sie die Poesie bekannter slowenischer Dichter bevorzugt. Auch wenn sie ihre Texte in englischer Sprache schreibt, haben sie eine starke Botschaft, die von ihren eigenen Erfahrungen und Geschichten interessanter Menschen inspiriert ist und Themen ber\u00fchrt, die vielen Menschen am Herzen liegen.<\/p>\n<p>In diesem Sommer bereitet Ditka die Ver\u00f6ffentlichung ihres vierten Poesiealbums vor, f\u00fcr das sie und ihr Vater Gorazd neben Lain\u0161\u010dkos Poesie auch die Poesie von f\u00fcnf anderen bekannten Dichtern aufgenommen haben.<\/p>\n<p>Ditka und Gorazd, begleitet von Akustikgitarre und Klavier, werden eine Kombination von Liedern aus Ditkas drei Alben pr\u00e4sentieren und in einer Zeit, in der wir mehr denn je Licht brauchen, mit sanften Melodien und sch\u00f6nen Worten W\u00e4rme und das Wissen, dass Tr\u00e4ume ewig sind, in die Herzen der Menschen bringen.<\/p>\n<p><a href=\"https:\/\/www.24ur.com\/popin\/glasba\/ditka.html\" target=\"_blank\" rel=\"noopener\" data-saferedirecturl=\"https:\/\/www.google.com\/url?q=https:\/\/www.24ur.com\/popin\/glasba\/ditka.html&amp;source=gmail&amp;ust=1648842513653000&amp;usg=AOvVaw3TCBODiZCD8FNHpWXDWBHR\">https:\/\/www.24ur.com\/popin\/<wbr \/>musik\/ditka.html<\/a><\/p>","protected":false},"excerpt":{"rendered":"<p>Ein einzigartiger Ansatz, eine andere und zarte Musik, die von Dualit\u00e4t, N\u00e4he und vielen Gef\u00fchlen der Sch\u00f6nheit singt, beschreibt die Arbeit des Singer-Songwriters und Komponisten Ditka. Eine Kostprobe: https:\/\/youtu.be\/kKdFufnKLPs Ditka hat in Zusammenarbeit mit dem Dichter und Schriftsteller Feri Lain\u0161\u010dko und ihrem Vater Gorazd \u010cepin, einem Komponisten und Pianisten, zwischen 2013 und 2019 drei Alben mit aufgenommenen Gedichten ver\u00f6ffentlicht, [...]<\/p>","protected":false},"author":2,"featured_media":0,"comment_status":"closed","ping_status":"closed","sticky":false,"template":"","format":"standard","meta":{"_jetpack_memberships_contains_paid_content":false,"footnotes":"","jetpack_publicize_message":"","jetpack_publicize_feature_enabled":true,"jetpack_social_post_already_shared":false,"jetpack_social_options":{"image_generator_settings":{"template":"highway","enabled":false},"version":2},"_wpscppro_custom_social_share_image":0,"_facebook_share_type":"","_twitter_share_type":"","_linkedin_share_type":"","_pinterest_share_type":"","_linkedin_share_type_page":"","_instagram_share_type":"","_selected_social_profile":[]},"categories":[60,47],"tags":[],"class_list":["post-6275","post","type-post","status-publish","format-standard","hentry","category-izpostava","category-novice"],"jetpack_publicize_connections":[],"jetpack_featured_media_url":"","jetpack_sharing_enabled":true,"_links":{"self":[{"href":"https:\/\/salonsauvignon.eu\/ger\/wp-json\/wp\/v2\/posts\/6275","targetHints":{"allow":["GET"]}}],"collection":[{"href":"https:\/\/salonsauvignon.eu\/ger\/wp-json\/wp\/v2\/posts"}],"about":[{"href":"https:\/\/salonsauvignon.eu\/ger\/wp-json\/wp\/v2\/types\/post"}],"author":[{"embeddable":true,"href":"https:\/\/salonsauvignon.eu\/ger\/wp-json\/wp\/v2\/users\/2"}],"replies":[{"embeddable":true,"href":"https:\/\/salonsauvignon.eu\/ger\/wp-json\/wp\/v2\/comments?post=6275"}],"version-history":[{"count":1,"href":"https:\/\/salonsauvignon.eu\/ger\/wp-json\/wp\/v2\/posts\/6275\/revisions"}],"predecessor-version":[{"id":6530,"href":"https:\/\/salonsauvignon.eu\/ger\/wp-json\/wp\/v2\/posts\/6275\/revisions\/6530"}],"wp:attachment":[{"href":"https:\/\/salonsauvignon.eu\/ger\/wp-json\/wp\/v2\/media?parent=6275"}],"wp:term":[{"taxonomy":"category","embeddable":true,"href":"https:\/\/salonsauvignon.eu\/ger\/wp-json\/wp\/v2\/categories?post=6275"},{"taxonomy":"post_tag","embeddable":true,"href":"https:\/\/salonsauvignon.eu\/ger\/wp-json\/wp\/v2\/tags?post=6275"}],"curies":[{"name":"wp","href":"https:\/\/api.w.org\/{rel}","templated":true}]}}