{"id":6498,"date":"2022-04-08T19:21:19","date_gmt":"2022-04-08T17:21:19","guid":{"rendered":"https:\/\/salonsauvignon.eu\/?p=6498"},"modified":"2022-04-17T19:58:36","modified_gmt":"2022-04-17T17:58:36","slug":"gaube","status":"publish","type":"post","link":"https:\/\/salonsauvignon.eu\/ger\/gaube\/","title":{"rendered":"Gaube 2022"},"content":{"rendered":"<p><img fetchpriority=\"high\" decoding=\"async\" class=\"alignnone wp-image-6499\" src=\"https:\/\/salonsauvignon.eu\/wp-content\/uploads\/2022\/04\/Gaube-kolaz_SS2022-300x300.jpg\" alt=\"Gaube\" width=\"685\" height=\"685\" \/><\/p>\n<p>Salon SAUVIGNON Ptuj 2022, Festival f\u00fcr Kunst und Wein.<br \/>\nSamstag, 7. Mai um 13:00 Uhr.<\/p>\n<p><strong>Gaube (seit 1895)\u00a0<\/strong>\u00a0\"Die Geschichte des Weinbaus in unserem Betrieb reicht mehrere Generationen zur\u00fcck, aber in der Zwischenzeit wurde die Tradition der Produktion leider unterbrochen, so dass wir erst 1992 mit der Abf\u00fcllung unserer eigenen Weine begonnen haben. Seitdem hat sich viel ver\u00e4ndert, aber unser Engagement f\u00fcr die Rebe und den Wein ist das gleiche geblieben. Es ist immer wieder eine gro\u00dfe Herausforderung f\u00fcr uns, mit der unberechenbaren Natur eine gemeinsame Basis zu finden und ihr Geschenk zu unserem eigenen Vergn\u00fcgen und zum Vergn\u00fcgen der Weinliebhaber und -liebhaberinnen zu bereichern. Unser Geh\u00f6ft liegt im Amphitheater der Sve\u010dinsk\u00e9 hills, auf dem \u0160pi\u010dnik, direkt unterhalb der ber\u00fchmten Stra\u00dfe, die sich herzf\u00f6rmig durch die Weinberge zieht.\" <a href=\"https:\/\/vino-gaube.si\/sl\/\" target=\"_blank\" rel=\"noopener\">https:\/\/vino-gaube.si\/sl\/<\/a><\/p>\n<p>\/\/ Das achte Mal - wieder in den wundersch\u00f6nen gotischen Kreuzg\u00e4ngen des Dominikanerklosters in Ptuj.<\/p>\n<p>In einer malerischen mittelalterlichen Stadt, umgeben von Weinbergen.<\/p>\n<p>Die besten Sauvignons aus Slowenien und der Welt.<\/p>\n<p>Feine K\u00fcche.<\/p>\n<p>Meisterklasse. Die Gewinner in diesem Jahr sind\u00a0<span lang=\"SL\">Prof. Dr. Klemen Lisjak und Doc. Dr. Guillaume Antalick.<\/span><\/p>\n<p>Art. Musik.<\/p>\n<p>Wir beenden unseren Samstag in den Mauern eines charismatischen mittelalterlichen Klosters mit einem Konzert des beliebten S\u00e4ngers Ditka.<\/p>\n<p>Preis der Eintrittskarte:<\/p>\n<p>18 \u20ac im Voraus und f\u00fcr gr\u00f6\u00dfere Gruppen am Tag der Veranstaltung.<\/p>\n<p>21 \u20ac am Tag der Veranstaltung.<\/p>\n<p>Preis der Meisterklasse:<\/p>\n<p>36 \u20ac, einschlie\u00dflich einer Eintrittskarte f\u00fcr die Veranstaltung.<\/p>\n<p>Weitere Informationen unter<\/p>\n<p>Mobn. 041328488<br \/>\n<a href=\"https:\/\/salonsauvignon.eu\/ger\/\" target=\"_blank\" rel=\"noopener noreferrer\" data-saferedirecturl=\"https:\/\/www.google.com\/url?q=https:\/\/www.salonsauvignon.eu&amp;source=gmail&amp;ust=1648842252240000&amp;usg=AOvVaw1VdxKrb5FHYGp9vVuMuB3I\">www.salonsauvignon.eu<\/a><\/p>\n<p>Folgen, teilen und m\u00f6gen Sie uns auf:<\/p>\n<p><a href=\"https:\/\/salonsauvignon.eu\/ger\/\" target=\"_blank\" rel=\"noopener noreferrer\" data-saferedirecturl=\"https:\/\/www.google.com\/url?q=https:\/\/salonsauvignon.eu\/&amp;source=gmail&amp;ust=1648842252240000&amp;usg=AOvVaw0DpkoQYw562Pn3MPqwCo9l\">https:\/\/salonsauvignon.eu\/<\/a><br \/>\n<a href=\"https:\/\/www.facebook.com\/salonsauvignon\/\" target=\"_blank\" rel=\"noopener noreferrer\" data-saferedirecturl=\"https:\/\/www.google.com\/url?q=https:\/\/www.facebook.com\/salonsauvignon\/&amp;source=gmail&amp;ust=1648842252240000&amp;usg=AOvVaw2Xo5tyjZgiltrV02pvwoq_\">https:\/\/www.facebook.com\/salon<wbr \/>sauvignon\/<\/a><br \/>\ninstagram: salonsauvignon2022<\/p>\n<p>ENG<\/p>\n<p>Salon SAUVIGNON Ptuj 2022, Festival f\u00fcr Kunst und Wein.<br \/>\nSamstag, 7. Mai ab 13 Uhr<\/p>\n<p>Zum achten Mal - wieder in den wundersch\u00f6nen gotischen Kreuzg\u00e4ngen des Dominikanerklosters in Ptuj.<\/p>\n<p>In einer malerischen mittelalterlichen Stadt, umgeben von Weinbergen.<\/p>\n<p>Das Beste, was Slowenien und die Welt an Sauvignons zu bieten haben.<\/p>\n<p>Top-K\u00fcche.<\/p>\n<p>Meisterklasse. <span lang=\"SL\">Prof. Dr. Klemen Lisjak und Doc. Dr. Guillaume Antalick.<\/span><\/p>\n<p>Art. Musik.<\/p>\n<p>Wir werden den Samstag in den Mauern des charismatischen mittelalterlichen Klosters mit einem Konzert des beliebten S\u00e4ngers Ditka beenden.<\/p>\n<p>Der Eintritt ist frei:<\/p>\n<p>18 \u20ac im Vorverkauf und f\u00fcr gr\u00f6\u00dfere angemeldete Gruppen am Tag der Veranstaltung.<\/p>\n<p>21 \u20ac am Tag der Veranstaltung.<\/p>\n<p>Preis der Meisterklasse:<\/p>\n<p>36 \u20ac mit Eintrittspreis.<\/p>\n<p>Zus\u00e4tzliche Informationen:<\/p>\n<p>Telefonnummer: +386 41 328 488<br \/>\n<a href=\"https:\/\/salonsauvignon.eu\/ger\/\" target=\"_blank\" rel=\"noopener noreferrer\" data-saferedirecturl=\"https:\/\/www.google.com\/url?q=https:\/\/www.salonsauvignon.eu&amp;source=gmail&amp;ust=1648842252240000&amp;usg=AOvVaw1VdxKrb5FHYGp9vVuMuB3I\">www.salonsauvignon.eu<\/a><\/p>\n<p>Folgen Sie uns, teilen Sie uns und m\u00f6gen Sie uns:<\/p>\n<p><a href=\"https:\/\/salonsauvignon.eu\/ger\/\" target=\"_blank\" rel=\"noopener noreferrer\" data-saferedirecturl=\"https:\/\/www.google.com\/url?q=https:\/\/salonsauvignon.eu\/&amp;source=gmail&amp;ust=1648842252240000&amp;usg=AOvVaw0DpkoQYw562Pn3MPqwCo9l\">https:\/\/salonsauvignon.eu\/<\/a><br \/>\n<a href=\"https:\/\/www.facebook.com\/salonsauvignon\/\" target=\"_blank\" rel=\"noopener noreferrer\" data-saferedirecturl=\"https:\/\/www.google.com\/url?q=https:\/\/www.facebook.com\/salonsauvignon\/&amp;source=gmail&amp;ust=1648842252240000&amp;usg=AOvVaw2Xo5tyjZgiltrV02pvwoq_\">https:\/\/www.facebook.com\/salon<wbr \/>sauvignon\/<\/a><br \/>\ninstagram: salonsauvignon2022<\/p>\n<p>#SalonSauvignon #Ptuj #sauvignon #sauvignonblanc #cabernetsauvignon #vino #wine #wine #art #art #culinary #cuisine #enogastronomy #ourismus #ourismus #VisitPtuj #winefestival #winelovers #food #masterclass #winejudge #salonsauvignonptuj2022 #salonsauvignon2022 #Slovenia<\/p>","protected":false},"excerpt":{"rendered":"<p>SAUVIGNON Ptuj 2022, Festival f\u00fcr Kunst und Wein. Samstag, 7. Mai um 13:00 Uhr. Gaube (seit 1895) \"Die Geschichte des Weinbaus auf unserem Hof reicht mehrere Generationen zur\u00fcck, aber in der Zwischenzeit wurde die Tradition der Produktion leider unterbrochen, so dass wir erst 1992 mit der Abf\u00fcllung unserer eigenen Weine begonnen haben. Seitdem hat sich viel ver\u00e4ndert, aber [...]<\/p>","protected":false},"author":2,"featured_media":0,"comment_status":"closed","ping_status":"closed","sticky":false,"template":"","format":"standard","meta":{"_jetpack_memberships_contains_paid_content":false,"footnotes":"","jetpack_publicize_message":"","jetpack_publicize_feature_enabled":true,"jetpack_social_post_already_shared":false,"jetpack_social_options":{"image_generator_settings":{"template":"highway","enabled":false},"version":2},"_wpscppro_custom_social_share_image":0,"_facebook_share_type":"","_twitter_share_type":"","_linkedin_share_type":"","_pinterest_share_type":"","_linkedin_share_type_page":"","_instagram_share_type":"","_selected_social_profile":[]},"categories":[47,63],"tags":[],"class_list":["post-6498","post","type-post","status-publish","format-standard","hentry","category-novice","category-vinarji"],"jetpack_publicize_connections":[],"jetpack_featured_media_url":"","jetpack_sharing_enabled":true,"_links":{"self":[{"href":"https:\/\/salonsauvignon.eu\/ger\/wp-json\/wp\/v2\/posts\/6498","targetHints":{"allow":["GET"]}}],"collection":[{"href":"https:\/\/salonsauvignon.eu\/ger\/wp-json\/wp\/v2\/posts"}],"about":[{"href":"https:\/\/salonsauvignon.eu\/ger\/wp-json\/wp\/v2\/types\/post"}],"author":[{"embeddable":true,"href":"https:\/\/salonsauvignon.eu\/ger\/wp-json\/wp\/v2\/users\/2"}],"replies":[{"embeddable":true,"href":"https:\/\/salonsauvignon.eu\/ger\/wp-json\/wp\/v2\/comments?post=6498"}],"version-history":[{"count":8,"href":"https:\/\/salonsauvignon.eu\/ger\/wp-json\/wp\/v2\/posts\/6498\/revisions"}],"predecessor-version":[{"id":6865,"href":"https:\/\/salonsauvignon.eu\/ger\/wp-json\/wp\/v2\/posts\/6498\/revisions\/6865"}],"wp:attachment":[{"href":"https:\/\/salonsauvignon.eu\/ger\/wp-json\/wp\/v2\/media?parent=6498"}],"wp:term":[{"taxonomy":"category","embeddable":true,"href":"https:\/\/salonsauvignon.eu\/ger\/wp-json\/wp\/v2\/categories?post=6498"},{"taxonomy":"post_tag","embeddable":true,"href":"https:\/\/salonsauvignon.eu\/ger\/wp-json\/wp\/v2\/tags?post=6498"}],"curies":[{"name":"wp","href":"https:\/\/api.w.org\/{rel}","templated":true}]}}