{"id":6844,"date":"2022-04-17T14:03:12","date_gmt":"2022-04-17T12:03:12","guid":{"rendered":"https:\/\/salonsauvignon.eu\/?p=6844"},"modified":"2022-04-17T14:08:56","modified_gmt":"2022-04-17T12:08:56","slug":"moro-2022","status":"publish","type":"post","link":"https:\/\/salonsauvignon.eu\/ger\/moro-2022\/","title":{"rendered":"Moro 2022"},"content":{"rendered":"<p><img fetchpriority=\"high\" decoding=\"async\" class=\"alignnone wp-image-6847\" src=\"https:\/\/salonsauvignon.eu\/wp-content\/uploads\/2022\/04\/MORO-kolaz-SS2022-300x300.jpg\" alt=\"Moro\" width=\"550\" height=\"550\" \/><\/p>\n<p>Salon SAUVIGNON Ptuj 2022, Festival f\u00fcr Kunst und Wein.<br \/>\nSamstag, 7. Mai um 13:00 Uhr.<\/p>\n<p><strong>Vina Moro<\/strong> \"Die Geschichte des Moro-Familienbetriebs reicht viele Generationen zur\u00fcck, bis zu meiner Urgro\u00dfmutter Margerita, die mit der Bewirtschaftung eines halben Hektars Land begann und durch harte Arbeit weitere zehn Hektar erwarb. Mein Gro\u00dfvater, der wegen seines rabenschwarzen Haars den Spitznamen Moro trug, brachte Pferde auf das Grundst\u00fcck. Einer von ihnen wurde Pubi genannt. <span class=\"\">Mein Sohn Boris erinnert sich noch immer gerne an ihn, weshalb auf unseren Etiketten auch ein Pferd abgebildet ist. <\/span><span class=\"goog-text-highlight\">Im Laufe der letzten Jahrzehnte hat sich die Weinproduktion modernisiert, aber trotz der neuen Technologien bleiben wir der Tradition und der Qualit\u00e4t treu, die aus der Liebe zum Land entsteht, die sie zu einem Teil unserer Geschichte macht. Besuchen Sie uns in Dobrov in Gori\u0161ka Brda\". <a href=\"https:\/\/www.moro-wines.com\" target=\"_blank\" rel=\"noopener\">https:\/\/www.moro-wines.com\u00a0<\/a><\/span><\/p>\n<p>\/\/ Das achte Mal - wieder in den wundersch\u00f6nen gotischen Kreuzg\u00e4ngen des Dominikanerklosters in Ptuj.<\/p>\n<p>In einer malerischen mittelalterlichen Stadt, umgeben von Weinbergen.<\/p>\n<p>Die besten Sauvignons aus Slowenien und der Welt.<\/p>\n<p>Feine K\u00fcche.<\/p>\n<p>Meisterklasse. Die Gewinner in diesem Jahr sind\u00a0<span lang=\"SL\">Prof. Dr. Klemen Lisjak und Doc. Dr. Guillaume Antalick.<\/span><\/p>\n<p>Art. Musik.<\/p>\n<p>Wir beenden unseren Samstag in den Mauern eines charismatischen mittelalterlichen Klosters mit einem Konzert des beliebten S\u00e4ngers Ditka.<\/p>\n<p>Preis der Eintrittskarte:<\/p>\n<p>18 \u20ac im Voraus und f\u00fcr gr\u00f6\u00dfere Gruppen am Tag der Veranstaltung.<\/p>\n<p>21 \u20ac am Tag der Veranstaltung.<\/p>\n<p>Preis der Meisterklasse:<\/p>\n<p>36 \u20ac, einschlie\u00dflich einer Eintrittskarte f\u00fcr die Veranstaltung.<\/p>\n<p>Weitere Informationen unter<\/p>\n<p>Mobn. 041328488<br \/>\n<a href=\"https:\/\/salonsauvignon.eu\/ger\/\" target=\"_blank\" rel=\"noopener noreferrer\" data-saferedirecturl=\"https:\/\/www.google.com\/url?q=https:\/\/www.salonsauvignon.eu&amp;source=gmail&amp;ust=1648842252240000&amp;usg=AOvVaw1VdxKrb5FHYGp9vVuMuB3I\">www.salonsauvignon.eu<\/a><\/p>\n<p>Folgen, teilen und m\u00f6gen Sie uns auf:<\/p>\n<p><a href=\"https:\/\/salonsauvignon.eu\/ger\/\" target=\"_blank\" rel=\"noopener noreferrer\" data-saferedirecturl=\"https:\/\/www.google.com\/url?q=https:\/\/salonsauvignon.eu\/&amp;source=gmail&amp;ust=1648842252240000&amp;usg=AOvVaw0DpkoQYw562Pn3MPqwCo9l\">https:\/\/salonsauvignon.eu\/<\/a><br \/>\n<a href=\"https:\/\/www.facebook.com\/salonsauvignon\/\" target=\"_blank\" rel=\"noopener noreferrer\" data-saferedirecturl=\"https:\/\/www.google.com\/url?q=https:\/\/www.facebook.com\/salonsauvignon\/&amp;source=gmail&amp;ust=1648842252240000&amp;usg=AOvVaw2Xo5tyjZgiltrV02pvwoq_\">https:\/\/www.facebook.com\/salon<wbr \/>sauvignon\/<\/a><br \/>\ninstagram: salonsauvignon2022<\/p>\n<p>ENG<\/p>\n<p>Salon SAUVIGNON Ptuj 2022, Festival f\u00fcr Kunst und Wein.<br \/>\nSamstag, 7. Mai ab 13 Uhr<\/p>\n<p>Zum achten Mal - wieder in den wundersch\u00f6nen gotischen Kreuzg\u00e4ngen des Dominikanerklosters in Ptuj.<\/p>\n<p>In einer malerischen mittelalterlichen Stadt, umgeben von Weinbergen.<\/p>\n<p>Das Beste, was Slowenien und die Welt an Sauvignons zu bieten haben.<\/p>\n<p>Top-K\u00fcche.<\/p>\n<p>Meisterklasse. <span lang=\"SL\">Prof. Dr. Klemen Lisjak und Doc. Dr. Guillaume Antalick.<\/span><\/p>\n<p>Art. Musik.<\/p>\n<p>Wir werden den Samstag in den Mauern des charismatischen mittelalterlichen Klosters mit einem Konzert des beliebten S\u00e4ngers Ditka beenden.<\/p>\n<p>Der Eintritt ist frei:<\/p>\n<p>18 \u20ac im Vorverkauf und f\u00fcr gr\u00f6\u00dfere angemeldete Gruppen am Tag der Veranstaltung.<\/p>\n<p>21 \u20ac am Tag der Veranstaltung.<\/p>\n<p>Preis der Meisterklasse:<\/p>\n<p>36 \u20ac mit Eintrittspreis.<\/p>\n<p>Zus\u00e4tzliche Informationen:<\/p>\n<p>Telefonnummer: +386 41 328 488<br \/>\n<a href=\"https:\/\/salonsauvignon.eu\/ger\/\" target=\"_blank\" rel=\"noopener noreferrer\" data-saferedirecturl=\"https:\/\/www.google.com\/url?q=https:\/\/www.salonsauvignon.eu&amp;source=gmail&amp;ust=1648842252240000&amp;usg=AOvVaw1VdxKrb5FHYGp9vVuMuB3I\">www.salonsauvignon.eu<\/a><\/p>\n<p>Folgen Sie uns, teilen Sie uns und m\u00f6gen Sie uns:<\/p>\n<p><a href=\"https:\/\/salonsauvignon.eu\/ger\/\" target=\"_blank\" rel=\"noopener noreferrer\" data-saferedirecturl=\"https:\/\/www.google.com\/url?q=https:\/\/salonsauvignon.eu\/&amp;source=gmail&amp;ust=1648842252240000&amp;usg=AOvVaw0DpkoQYw562Pn3MPqwCo9l\">https:\/\/salonsauvignon.eu\/<\/a><br \/>\n<a href=\"https:\/\/www.facebook.com\/salonsauvignon\/\" target=\"_blank\" rel=\"noopener noreferrer\" data-saferedirecturl=\"https:\/\/www.google.com\/url?q=https:\/\/www.facebook.com\/salonsauvignon\/&amp;source=gmail&amp;ust=1648842252240000&amp;usg=AOvVaw2Xo5tyjZgiltrV02pvwoq_\">https:\/\/www.facebook.com\/salon<wbr \/>sauvignon\/<\/a><br \/>\ninstagram: salonsauvignon2022<\/p>\n<p>#SalonSauvignon #Ptuj #sauvignon #sauvignonblanc #cabernetsauvignon #vino #wine #wine #art #art #culinary #cuisine #enogastronomy #ourismus #ourismus #VisitPtuj #winefestival #winelovers #food #masterclass #winejudge #salonsauvignonptuj2022 #salonsauvignon2022 #Slovenia<\/p>","protected":false},"excerpt":{"rendered":"<p>Salon SAUVIGNON Ptuj 2022, Festival f\u00fcr Kunst und Wein. Samstag, 7. Mai um 13:00 Uhr. Moro Wines \"Die Geschichte des landwirtschaftlichen Betriebes der Familie Moro reicht \u00fcber viele Generationen zur\u00fcck, bis zur Urgro\u00dfmutter Margerita, die mit der Bewirtschaftung eines halben Hektars Land begann und durch harte Arbeit weitere zehn Hektar erwarb. Mein Gro\u00dfvater, der wegen seines rabenschwarzen Haars den Spitznamen Moro trug, [...]<\/p>","protected":false},"author":2,"featured_media":0,"comment_status":"closed","ping_status":"closed","sticky":false,"template":"","format":"standard","meta":{"_jetpack_memberships_contains_paid_content":false,"footnotes":"","jetpack_publicize_message":"","jetpack_publicize_feature_enabled":true,"jetpack_social_post_already_shared":false,"jetpack_social_options":{"image_generator_settings":{"template":"highway","enabled":false},"version":2},"_wpscppro_custom_social_share_image":0,"_facebook_share_type":"","_twitter_share_type":"","_linkedin_share_type":"","_pinterest_share_type":"","_linkedin_share_type_page":"","_instagram_share_type":"","_selected_social_profile":[]},"categories":[47,63],"tags":[],"class_list":["post-6844","post","type-post","status-publish","format-standard","hentry","category-novice","category-vinarji"],"jetpack_publicize_connections":[],"jetpack_featured_media_url":"","jetpack_sharing_enabled":true,"_links":{"self":[{"href":"https:\/\/salonsauvignon.eu\/ger\/wp-json\/wp\/v2\/posts\/6844","targetHints":{"allow":["GET"]}}],"collection":[{"href":"https:\/\/salonsauvignon.eu\/ger\/wp-json\/wp\/v2\/posts"}],"about":[{"href":"https:\/\/salonsauvignon.eu\/ger\/wp-json\/wp\/v2\/types\/post"}],"author":[{"embeddable":true,"href":"https:\/\/salonsauvignon.eu\/ger\/wp-json\/wp\/v2\/users\/2"}],"replies":[{"embeddable":true,"href":"https:\/\/salonsauvignon.eu\/ger\/wp-json\/wp\/v2\/comments?post=6844"}],"version-history":[{"count":4,"href":"https:\/\/salonsauvignon.eu\/ger\/wp-json\/wp\/v2\/posts\/6844\/revisions"}],"predecessor-version":[{"id":6849,"href":"https:\/\/salonsauvignon.eu\/ger\/wp-json\/wp\/v2\/posts\/6844\/revisions\/6849"}],"wp:attachment":[{"href":"https:\/\/salonsauvignon.eu\/ger\/wp-json\/wp\/v2\/media?parent=6844"}],"wp:term":[{"taxonomy":"category","embeddable":true,"href":"https:\/\/salonsauvignon.eu\/ger\/wp-json\/wp\/v2\/categories?post=6844"},{"taxonomy":"post_tag","embeddable":true,"href":"https:\/\/salonsauvignon.eu\/ger\/wp-json\/wp\/v2\/tags?post=6844"}],"curies":[{"name":"wp","href":"https:\/\/api.w.org\/{rel}","templated":true}]}}