{"id":7003,"date":"2022-04-26T14:57:39","date_gmt":"2022-04-26T12:57:39","guid":{"rendered":"https:\/\/salonsauvignon.eu\/?p=7003"},"modified":"2022-04-26T14:57:50","modified_gmt":"2022-04-26T12:57:50","slug":"pulec-2022","status":"publish","type":"post","link":"https:\/\/salonsauvignon.eu\/ger\/kaulquappe-2022\/","title":{"rendered":"Pulec 2022"},"content":{"rendered":"<p><img fetchpriority=\"high\" decoding=\"async\" class=\"alignnone wp-image-7004\" src=\"https:\/\/salonsauvignon.eu\/wp-content\/uploads\/2022\/04\/Pulec-kolaz-SS2022-300x300.jpg\" alt=\"Pulec\" width=\"568\" height=\"568\" srcset=\"https:\/\/salonsauvignon.eu\/wp-content\/uploads\/2022\/04\/Pulec-kolaz-SS2022-300x300.jpg 300w, https:\/\/salonsauvignon.eu\/wp-content\/uploads\/2022\/04\/Pulec-kolaz-SS2022-100x100.jpg 100w, https:\/\/salonsauvignon.eu\/wp-content\/uploads\/2022\/04\/Pulec-kolaz-SS2022-600x600.jpg 600w, https:\/\/salonsauvignon.eu\/wp-content\/uploads\/2022\/04\/Pulec-kolaz-SS2022-1024x1024.jpg 1024w, https:\/\/salonsauvignon.eu\/wp-content\/uploads\/2022\/04\/Pulec-kolaz-SS2022-150x150.jpg 150w, https:\/\/salonsauvignon.eu\/wp-content\/uploads\/2022\/04\/Pulec-kolaz-SS2022-768x768.jpg 768w, https:\/\/salonsauvignon.eu\/wp-content\/uploads\/2022\/04\/Pulec-kolaz-SS2022-1536x1536.jpg 1536w, https:\/\/salonsauvignon.eu\/wp-content\/uploads\/2022\/04\/Pulec-kolaz-SS2022-12x12.jpg 12w, https:\/\/salonsauvignon.eu\/wp-content\/uploads\/2022\/04\/Pulec-kolaz-SS2022.jpg 2048w\" sizes=\"(max-width: 568px) 100vw, 568px\" \/><\/p>\n<p><strong>Salon SAUVIGNON Ptuj 2022, Festival f\u00fcr Kunst und Wein.<\/strong><br \/>\n<strong>Samstag, 7. Mai um 13:00 Uhr. Ptuj, Dominikanerkloster.<\/strong><\/p>\n<div class=\"page\" title=\"Seite 1\">\n<div class=\"layoutArea\">\n<div class=\"column\">\n<div class=\"kvgmc6g5 cxmmr5t8 oygrvhab hcukyx3x c1et5uql ii04i59q\">\n<div dir=\"auto\"><strong>Landgut Pulec <\/strong>befindet sich in der Gemeinde Ple\u0161ivo, direkt an der Grenze zu Italien, wo die sonnigen H\u00fcgel der Gori\u0161ka Brda in die friaulische Ebene abfallen. Die Weinberge der Familie verteilen sich auf mehrere der besten Lagen von Brda: in Ple\u0161ivo, wo die Flussablagerungen optimal sind und den Weinen, insbesondere dem Yakote und dem Rebula, eine hohe Extraktion verleihen, und im Herzen der Region Brda, in Vedrijano, wo der Lava-Boden, der im Volksmund \"Opoka\" genannt wird, in Verbindung mit der H\u00f6henlage dem Wein den besten S\u00e4uregehalt verleiht. Unter diesen idealen Bedingungen f\u00fcr das Wachstum der Reben produziert die Familie Pulec seit Generationen Weine von h\u00f6chster Qualit\u00e4t. Der Betrieb wird von seinem Vater Radko gef\u00fchrt, der seine langj\u00e4hrige Erfahrung und sein Wissen im Bereich der Weinherstellung und des Weinbaus an seinen j\u00fcngeren Sohn Mitja weitergibt. Kontaktieren Sie uns: <a href=\"https:\/\/pulec.com\" target=\"_blank\" rel=\"noopener\">https:\/\/pulec.com<\/a><\/div>\n<\/div>\n<\/div>\n<\/div>\n<\/div>\n<p>\/\/ Das achte Mal - wieder in den wundersch\u00f6nen gotischen Kreuzg\u00e4ngen des Dominikanerklosters in Ptuj.<\/p>\n<p>In einer malerischen mittelalterlichen Stadt, umgeben von Weinbergen.<\/p>\n<p><strong>Die besten Sauvignons und Cabernet Sauvignons aus Slowenien und der Welt.<\/strong><\/p>\n<p><strong>Feine K\u00fcche.<\/strong><\/p>\n<p><strong>Meisterklasse. <\/strong>Die diesj\u00e4hrigen Vortragenden sind Associate Prof. Dr. Klemen Lisjak und Associate Prof. Dr. Guillaume Antalick. Sie werden von einem Gast begleitet, Univ. Prof. DI Dr. techn. Prof. Erich Leitner von der Universit\u00e4t Graz, \u00d6sterreich. Bei der diesj\u00e4hrigen Master Class werden wir die am besten bewerteten Festival-Sauvignons dieses Jahres verkosten und vergleichen, den franz\u00f6sischen von der Loire, den neuseel\u00e4ndischen und den \u00f6sterreichischen. Aus wissenschaftlicher und technischer Sicht werden wir die aromatische Zusammensetzung dieser aromatischen Sorte vergleichen. Wir werden auch \u00fcber die modernen Weinbereitungstechnologien sprechen, die bei der Vinifizierung von Sauvignons eingesetzt werden.<\/p>\n<p><strong>Art. Musik.<\/strong><\/p>\n<p>Samstag zwischen den Mauern eines charismatischen mittelalterlichen Klosters <strong>Zum Abschluss gibt es ein Konzert des beliebten S\u00e4ngers Ditka.<\/strong><\/p>\n<p><strong>Preis der Eintrittskarte:<\/strong><\/p>\n<p>18 \u20ac im Voraus und f\u00fcr gr\u00f6\u00dfere Gruppen am Tag der Veranstaltung.<\/p>\n<p>21 \u20ac am Tag der Veranstaltung.<\/p>\n<p>Preis der Meisterklasse:<\/p>\n<p>36 \u20ac, einschlie\u00dflich einer Eintrittskarte f\u00fcr die Veranstaltung.<\/p>\n<p>Weitere Informationen unter<\/p>\n<p>Mobn. 041328488<br \/>\n<a href=\"https:\/\/salonsauvignon.eu\/ger\/\" target=\"_blank\" rel=\"noopener noreferrer\" data-saferedirecturl=\"https:\/\/www.google.com\/url?q=https:\/\/www.salonsauvignon.eu&amp;source=gmail&amp;ust=1648842252240000&amp;usg=AOvVaw1VdxKrb5FHYGp9vVuMuB3I\">www.salonsauvignon.eu<\/a><\/p>\n<p>Folgen, teilen und m\u00f6gen Sie uns auf:<\/p>\n<p><a href=\"https:\/\/salonsauvignon.eu\/ger\/\" target=\"_blank\" rel=\"noopener noreferrer\" data-saferedirecturl=\"https:\/\/www.google.com\/url?q=https:\/\/salonsauvignon.eu\/&amp;source=gmail&amp;ust=1648842252240000&amp;usg=AOvVaw0DpkoQYw562Pn3MPqwCo9l\">https:\/\/salonsauvignon.eu\/<\/a><br \/>\n<a href=\"https:\/\/www.facebook.com\/salonsauvignon\/\" target=\"_blank\" rel=\"noopener noreferrer\" data-saferedirecturl=\"https:\/\/www.google.com\/url?q=https:\/\/www.facebook.com\/salonsauvignon\/&amp;source=gmail&amp;ust=1648842252240000&amp;usg=AOvVaw2Xo5tyjZgiltrV02pvwoq_\">https:\/\/www.facebook.com\/salon<wbr \/>sauvignon\/<\/a><br \/>\ninstagram: salonsauvignon2022<\/p>\n<p>ENG<\/p>\n<p>Salon SAUVIGNON Ptuj 2022, Festival f\u00fcr Kunst und Wein.<br \/>\nSamstag, 7. Mai ab 13 Uhr<\/p>\n<p>Zum achten Mal - wieder in den wundersch\u00f6nen gotischen Kreuzg\u00e4ngen des Dominikanerklosters in Ptuj.<\/p>\n<p>In einer malerischen mittelalterlichen Stadt, umgeben von Weinbergen.<\/p>\n<p>Das Beste, was Slowenien und die Welt an Sauvignons zu bieten haben.<\/p>\n<p>Top-K\u00fcche.<\/p>\n<p>Meisterklasse. <span lang=\"SL\">Prof. Dr. Klemen Lisjak und Doc. Dr. Guillaume Antalick.<\/span><\/p>\n<p>Art. Musik.<\/p>\n<p>Wir werden den Samstag in den Mauern des charismatischen mittelalterlichen Klosters mit einem Konzert des beliebten S\u00e4ngers Ditka beenden.<\/p>\n<p>Der Eintritt ist frei:<\/p>\n<p>18 \u20ac im Vorverkauf und f\u00fcr gr\u00f6\u00dfere angemeldete Gruppen am Tag der Veranstaltung.<\/p>\n<p>21 \u20ac am Tag der Veranstaltung.<\/p>\n<p>Preis der Meisterklasse:<\/p>\n<p>36 \u20ac mit Eintrittspreis.<\/p>\n<p>Zus\u00e4tzliche Informationen:<\/p>\n<p>Telefonnummer: +386 41 328 488<br \/>\n<a href=\"https:\/\/salonsauvignon.eu\/ger\/\" target=\"_blank\" rel=\"noopener noreferrer\" data-saferedirecturl=\"https:\/\/www.google.com\/url?q=https:\/\/www.salonsauvignon.eu&amp;source=gmail&amp;ust=1648842252240000&amp;usg=AOvVaw1VdxKrb5FHYGp9vVuMuB3I\">www.salonsauvignon.eu<\/a><\/p>\n<p>Folgen Sie uns, teilen Sie uns und m\u00f6gen Sie uns:<\/p>\n<p><a href=\"https:\/\/salonsauvignon.eu\/ger\/\" target=\"_blank\" rel=\"noopener noreferrer\" data-saferedirecturl=\"https:\/\/www.google.com\/url?q=https:\/\/salonsauvignon.eu\/&amp;source=gmail&amp;ust=1648842252240000&amp;usg=AOvVaw0DpkoQYw562Pn3MPqwCo9l\">https:\/\/salonsauvignon.eu\/<\/a><br \/>\n<a href=\"https:\/\/www.facebook.com\/salonsauvignon\/\" target=\"_blank\" rel=\"noopener noreferrer\" data-saferedirecturl=\"https:\/\/www.google.com\/url?q=https:\/\/www.facebook.com\/salonsauvignon\/&amp;source=gmail&amp;ust=1648842252240000&amp;usg=AOvVaw2Xo5tyjZgiltrV02pvwoq_\">https:\/\/www.facebook.com\/salon<wbr \/>sauvignon\/<\/a><br \/>\ninstagram: salonsauvignon2022<\/p>\n<p>#SalonSauvignon #Ptuj #sauvignon #sauvignonblanc #cabernetsauvignon #vino #wine #wine #art #art #culinary #cuisine #enogastronomy #ourismus #ourismus #VisitPtuj #winefestival #winelovers #food #masterclass #winejudge #salonsauvignonptuj2022 #salonsauvignon2022 #Slovenia<\/p>","protected":false},"excerpt":{"rendered":"<p>Salon SAUVIGNON Ptuj 2022, Festival f\u00fcr Kunst und Wein. Samstag, 7. Mai um 13:00 Uhr. Ptuj, Dominikanerkloster. Das Weingut Pulec befindet sich in der Gemeinde Ple\u0161ivo, direkt an der Grenze zu Italien, wo die sonnigen H\u00fcgel der Gori\u0161ka Brda in die friaulische Ebene abfallen. Die Weinberge der Familie liegen in einigen der besten Lagen [...]<\/p>","protected":false},"author":2,"featured_media":7004,"comment_status":"closed","ping_status":"closed","sticky":false,"template":"","format":"standard","meta":{"_jetpack_memberships_contains_paid_content":false,"footnotes":"","jetpack_publicize_message":"","jetpack_publicize_feature_enabled":true,"jetpack_social_post_already_shared":false,"jetpack_social_options":{"image_generator_settings":{"template":"highway","enabled":false},"version":2},"_wpscppro_custom_social_share_image":0,"_facebook_share_type":"","_twitter_share_type":"","_linkedin_share_type":"","_pinterest_share_type":"","_linkedin_share_type_page":"","_instagram_share_type":"","_selected_social_profile":[]},"categories":[47,63],"tags":[],"class_list":["post-7003","post","type-post","status-publish","format-standard","has-post-thumbnail","hentry","category-novice","category-vinarji"],"jetpack_publicize_connections":[],"jetpack_featured_media_url":"https:\/\/salonsauvignon.eu\/wp-content\/uploads\/2022\/04\/Pulec-kolaz-SS2022.jpg","jetpack_sharing_enabled":true,"_links":{"self":[{"href":"https:\/\/salonsauvignon.eu\/ger\/wp-json\/wp\/v2\/posts\/7003","targetHints":{"allow":["GET"]}}],"collection":[{"href":"https:\/\/salonsauvignon.eu\/ger\/wp-json\/wp\/v2\/posts"}],"about":[{"href":"https:\/\/salonsauvignon.eu\/ger\/wp-json\/wp\/v2\/types\/post"}],"author":[{"embeddable":true,"href":"https:\/\/salonsauvignon.eu\/ger\/wp-json\/wp\/v2\/users\/2"}],"replies":[{"embeddable":true,"href":"https:\/\/salonsauvignon.eu\/ger\/wp-json\/wp\/v2\/comments?post=7003"}],"version-history":[{"count":2,"href":"https:\/\/salonsauvignon.eu\/ger\/wp-json\/wp\/v2\/posts\/7003\/revisions"}],"predecessor-version":[{"id":7007,"href":"https:\/\/salonsauvignon.eu\/ger\/wp-json\/wp\/v2\/posts\/7003\/revisions\/7007"}],"wp:featuredmedia":[{"embeddable":true,"href":"https:\/\/salonsauvignon.eu\/ger\/wp-json\/wp\/v2\/media\/7004"}],"wp:attachment":[{"href":"https:\/\/salonsauvignon.eu\/ger\/wp-json\/wp\/v2\/media?parent=7003"}],"wp:term":[{"taxonomy":"category","embeddable":true,"href":"https:\/\/salonsauvignon.eu\/ger\/wp-json\/wp\/v2\/categories?post=7003"},{"taxonomy":"post_tag","embeddable":true,"href":"https:\/\/salonsauvignon.eu\/ger\/wp-json\/wp\/v2\/tags?post=7003"}],"curies":[{"name":"wp","href":"https:\/\/api.w.org\/{rel}","templated":true}]}}