{"id":7597,"date":"2022-08-12T20:33:01","date_gmt":"2022-08-12T18:33:01","guid":{"rendered":"https:\/\/salonsauvignon.eu\/?p=7597"},"modified":"2022-08-14T16:16:29","modified_gmt":"2022-08-14T14:16:29","slug":"drustvo-podezelske-mladine-spodnje-podravje-na-promenadi-okusov-ptuj-2022","status":"publish","type":"post","link":"https:\/\/salonsauvignon.eu\/ger\/verband-von-der-landlichen-jugend-von-der-landlichen-region-auf-den-geschmack-der-ptuj-2022\/","title":{"rendered":"VERBAND DER LANDJUGEND DER UNTEREN SUBREGION AN DER PROMENADE DER GESCHMACKSRICHTUNGEN PTUJ 2022"},"content":{"rendered":"<p><img fetchpriority=\"high\" decoding=\"async\" class=\"alignnone wp-image-7598 aligncenter\" src=\"https:\/\/salonsauvignon.eu\/wp-content\/uploads\/2022\/08\/A-11-300x200.jpg\" alt=\"\" width=\"774\" height=\"516\" srcset=\"https:\/\/salonsauvignon.eu\/wp-content\/uploads\/2022\/08\/A-11-300x200.jpg 300w, https:\/\/salonsauvignon.eu\/wp-content\/uploads\/2022\/08\/A-11-scaled-600x400.jpg 600w, https:\/\/salonsauvignon.eu\/wp-content\/uploads\/2022\/08\/A-11-1024x683.jpg 1024w, https:\/\/salonsauvignon.eu\/wp-content\/uploads\/2022\/08\/A-11-768x512.jpg 768w, https:\/\/salonsauvignon.eu\/wp-content\/uploads\/2022\/08\/A-11-1536x1024.jpg 1536w, https:\/\/salonsauvignon.eu\/wp-content\/uploads\/2022\/08\/A-11-2048x1365.jpg 2048w, https:\/\/salonsauvignon.eu\/wp-content\/uploads\/2022\/08\/A-11-18x12.jpg 18w\" sizes=\"(max-width: 774px) 100vw, 774px\" \/><\/p>\n<p style=\"text-align: center;\"><strong>SAMSTAG, 3. SEPTEMBER 2022 14:00 - 20:00 \/\/ OBERER HOF DES SCHLOSSES PTUJ \/\/<\/strong><\/p>\n<p style=\"text-align: center;\">Der Verein der Landjugend von Spodnje Podravje ist ein unverzichtbarer Partner des Sauvignon-Salons<\/p>\n<p style=\"text-align: center;\">\"Mit mehr als 100 Mitgliedern sind wir seit 2013 aktiv. Ziel des Vereins ist es, junge Menschen aus dem l\u00e4ndlichen Raum zusammenzubringen, um ihren Flei\u00df, ihr Wissen und ihre Freundlichkeit bei verschiedenen Veranstaltungen zu zeigen.<\/p>\n<p style=\"text-align: center;\">Der Verband bietet seinen Mitgliedern die M\u00f6glichkeit, ihr Wissen zu aktualisieren und auf verschiedene Weise zu pr\u00e4sentieren, und das alles mit viel Humor und Spa\u00df. Jedes Jahr nehmen wir an Bauern- und anderen Gesellschaftsspielen auf Verbands-, regionaler und nationaler Ebene teil.<\/p>\n<p style=\"text-align: center;\">Wir arbeiten oft mit anderen Organisationen bei gro\u00dfen lokalen Veranstaltungen zusammen. Wir m\u00f6chten Wissen und Spa\u00df miteinander verbinden, deshalb organisieren wir jedes Jahr einen Ausflug und seit einigen Jahren auch eine gemeinsame Ernte.<\/p>\n<p style=\"text-align: center;\">Wie jeder Verband treffen wir uns einmal im Jahr zu einer Generalversammlung und einer Abschlussfeier. Durch Austauschma\u00dfnahmen und andere Aktivit\u00e4ten haben die Mitglieder die M\u00f6glichkeit, unseren Namen und unsere Erfahrungen in Europa weiterzutragen. Unser Verein st\u00fctzt sich daher auf gute Leute, die jeden willkommen hei\u00dfen, der eine unvergessliche Erfahrung voller lustiger Abenteuer machen m\u00f6chte.<\/p>\n<p style=\"text-align: center;\">Kommen Sie zu uns!\"<\/p>\n<p style=\"text-align: center;\">Mehr \u00fcber die Landjugend der Unteren Subregion unter:<\/p>\n<p style=\"text-align: center;\"><a href=\"https:\/\/zspm.si\/dpm-spodnje-podravje\/\" target=\"_blank\" rel=\"noopener\">https:\/\/zspm.si\/dpm-spodnje-podravje\/<\/a><\/p>\n<p style=\"text-align: center;\">_____________________<\/p>\n<p style=\"text-align: center;\">Verbringen Sie einen Tag inmitten eines der sch\u00f6nsten Schl\u00f6sser Sloweniens.<\/p>\n<p style=\"text-align: center;\">Verbringen Sie ihn auf der Promenade der Geschm\u00e4cker in Sloweniens \u00e4ltester Stadt.<\/p>\n<p style=\"text-align: center;\">Die Ptujer Promenade der Geschm\u00e4cker findet zum dritten Mal auf der Burg Ptuj statt, von wo aus man einen herrlichen Blick auf die Weinberge des Halos, das slowenische Hochland und das Ljutomer-Ormo\u017e-Gebirge hat.<\/p>\n<p>&nbsp;<\/p>\n<p style=\"text-align: center;\">Was bietet die Promenade der Geschm\u00e4cker Ptuj 2022?<\/p>\n<p style=\"text-align: center;\">- feine K\u00fcche, verbunden mit den edlen Weinen der Ptujer Weinberge.<br \/>\n- eine musikalische \u00dcberraschung.<\/p>\n<p>&nbsp;<\/p>\n<p style=\"text-align: center;\">Was beinhaltet das Ticket f\u00fcr 18 \u20ac?<\/p>\n<p style=\"text-align: center;\">- Verkostung von \u00fcber sechzig Spitzenweinen,<br \/>\n- ein Degustationsglas mit dem Logo des Salon Sauvignon,<br \/>\n- Vorh\u00e4ngeschloss.<\/p>\n<p>&nbsp;<\/p>\n<p style=\"text-align: center;\">Mehr \u00fcber die Promenade der Geschm\u00e4cker erfahren Sie auf der FB-Veranstaltung<\/p>\n<p style=\"text-align: center;\">\u00a0<a href=\"https:\/\/www.facebook.com\/events\/2053397331536448\/?ref=newsfeed\" target=\"_blank\" rel=\"noopener\">https:\/\/www.facebook.com\/events\/2053397331536448\/?ref=newsfeed<\/a><\/p>\n<p style=\"text-align: center;\">wo Sie auch Tickets zum Vorverkaufspreis von 16 EUR buchen k\u00f6nnen.<\/p>\n<p style=\"text-align: center;\">Wenn Ihnen die Veranstaltung gef\u00e4llt, teilen Sie sie und laden Sie Ihre Freunde, Bekannten, Verwandten und Gesch\u00e4ftspartner ein.<\/p>\n<p style=\"text-align: center;\">Lasst uns an diesem Samstag im September eine tolle Zeit auf der Burg Ptuj verbringen!<\/p>\n<p style=\"text-align: center;\">Wir werden uns bei jedem Wetter auf der Burg Ptuj aufhalten.<\/p>\n<p style=\"text-align: center;\">Die Veranstaltung wird von Itadakimasu Ptuj organisiert.<\/p>\n<p style=\"text-align: center;\">Mitveranstalter sind das Regionalmuseum Ptuj - Ormo\u017e und das Tourismusinstitut Ptuj.<\/p>\n<p style=\"text-align: center;\">Die Veranstaltung steht unter der Schirmherrschaft des Festivals Salon Sauvignon.<\/p>\n<p style=\"text-align: center;\">Partner: Winzer, gastronomische Betriebe, der Landjugendverein Spodnje Podravje, das Land- und Forstwirtschaftsinstitut Ptuj.<\/p>","protected":false},"excerpt":{"rendered":"<p>V SOBOTO 3. SEPTEMBRA 2022 14:00 \u2013 20:00 \/\/ GORNJE DVORI\u0160\u010cE PTUJSKEGA GRADU \/\/ Dru\u0161tvo pode\u017eelske mladine Spodnje Podravje\u00a0je nepogre\u0161ljiv partner Salona Sauvignon \u201cS svojimi ve\u010d kot 100 \u010dlani aktivno delujemo od leta 2013. Namen dru\u0161tva je povezovanje mladih s pode\u017eelja, kjer ob razli\u010dnih dogodkih poka\u017eemo svojo marljivost, znanje in dobroto. Dru\u0161tvo \u010dlanom omogo\u010da, da [&hellip;]<\/p>","protected":false},"author":3,"featured_media":7599,"comment_status":"closed","ping_status":"closed","sticky":false,"template":"","format":"standard","meta":{"_jetpack_memberships_contains_paid_content":false,"footnotes":"","jetpack_publicize_message":"","jetpack_publicize_feature_enabled":true,"jetpack_social_post_already_shared":false,"jetpack_social_options":{"image_generator_settings":{"template":"highway","enabled":false},"version":2},"_wpscppro_custom_social_share_image":0,"_facebook_share_type":"","_twitter_share_type":"","_linkedin_share_type":"","_pinterest_share_type":"","_linkedin_share_type_page":"","_instagram_share_type":"","_selected_social_profile":[]},"categories":[47],"tags":[],"class_list":["post-7597","post","type-post","status-publish","format-standard","has-post-thumbnail","hentry","category-novice"],"jetpack_publicize_connections":[],"jetpack_featured_media_url":"https:\/\/salonsauvignon.eu\/wp-content\/uploads\/2022\/08\/U.jpg","jetpack_sharing_enabled":true,"_links":{"self":[{"href":"https:\/\/salonsauvignon.eu\/ger\/wp-json\/wp\/v2\/posts\/7597","targetHints":{"allow":["GET"]}}],"collection":[{"href":"https:\/\/salonsauvignon.eu\/ger\/wp-json\/wp\/v2\/posts"}],"about":[{"href":"https:\/\/salonsauvignon.eu\/ger\/wp-json\/wp\/v2\/types\/post"}],"author":[{"embeddable":true,"href":"https:\/\/salonsauvignon.eu\/ger\/wp-json\/wp\/v2\/users\/3"}],"replies":[{"embeddable":true,"href":"https:\/\/salonsauvignon.eu\/ger\/wp-json\/wp\/v2\/comments?post=7597"}],"version-history":[{"count":4,"href":"https:\/\/salonsauvignon.eu\/ger\/wp-json\/wp\/v2\/posts\/7597\/revisions"}],"predecessor-version":[{"id":7645,"href":"https:\/\/salonsauvignon.eu\/ger\/wp-json\/wp\/v2\/posts\/7597\/revisions\/7645"}],"wp:featuredmedia":[{"embeddable":true,"href":"https:\/\/salonsauvignon.eu\/ger\/wp-json\/wp\/v2\/media\/7599"}],"wp:attachment":[{"href":"https:\/\/salonsauvignon.eu\/ger\/wp-json\/wp\/v2\/media?parent=7597"}],"wp:term":[{"taxonomy":"category","embeddable":true,"href":"https:\/\/salonsauvignon.eu\/ger\/wp-json\/wp\/v2\/categories?post=7597"},{"taxonomy":"post_tag","embeddable":true,"href":"https:\/\/salonsauvignon.eu\/ger\/wp-json\/wp\/v2\/tags?post=7597"}],"curies":[{"name":"wp","href":"https:\/\/api.w.org\/{rel}","templated":true}]}}