{"id":7603,"date":"2022-08-13T10:59:38","date_gmt":"2022-08-13T08:59:38","guid":{"rendered":"https:\/\/salonsauvignon.eu\/?p=7603"},"modified":"2022-08-14T16:26:56","modified_gmt":"2022-08-14T14:26:56","slug":"gostilna-ostirka-na-promenado-okusov-celje-2022","status":"publish","type":"post","link":"https:\/\/salonsauvignon.eu\/ger\/tavern-estirka-auf-der-promenade-des-geschmacks-reisen-2022\/","title":{"rendered":"RESTAURANT O\u0160TIRKA AUF DER PROMENADE DER GESCHMACKSRICHTUNGEN CELJE 2022"},"content":{"rendered":"<p><img fetchpriority=\"high\" decoding=\"async\" class=\"alignnone wp-image-7604 aligncenter\" src=\"https:\/\/salonsauvignon.eu\/wp-content\/uploads\/2022\/08\/A-12-300x200.jpg\" alt=\"\" width=\"1017\" height=\"678\" srcset=\"https:\/\/salonsauvignon.eu\/wp-content\/uploads\/2022\/08\/A-12-300x200.jpg 300w, https:\/\/salonsauvignon.eu\/wp-content\/uploads\/2022\/08\/A-12-scaled-600x400.jpg 600w, https:\/\/salonsauvignon.eu\/wp-content\/uploads\/2022\/08\/A-12-1024x683.jpg 1024w, https:\/\/salonsauvignon.eu\/wp-content\/uploads\/2022\/08\/A-12-768x512.jpg 768w, https:\/\/salonsauvignon.eu\/wp-content\/uploads\/2022\/08\/A-12-1536x1025.jpg 1536w, https:\/\/salonsauvignon.eu\/wp-content\/uploads\/2022\/08\/A-12-2048x1367.jpg 2048w, https:\/\/salonsauvignon.eu\/wp-content\/uploads\/2022\/08\/A-12-18x12.jpg 18w\" sizes=\"(max-width: 1017px) 100vw, 1017px\" \/><\/p>\n<p>&nbsp;<\/p>\n<p style=\"text-align: center;\"><strong>10. SEPTEMBER 2022 \/\/ 14:00 - 20:00 \/\/ ALTSTADT \/\/<\/strong><\/p>\n<p>&nbsp;<\/p>\n<p style=\"text-align: center;\">\"Im Zentrum von Knezje, direkt neben dem Markt von Celje, befindet sich das Gasthaus O\u0161tirka.<\/p>\n<p style=\"text-align: center;\">K\u00fcchenchef Miran Ojster\u0161ek und sein Team kreieren zeitgen\u00f6ssische kulinarische Aromen auf kreativen Tellern, aber auch klassische Hausmannskost \"mit dem L\u00f6ffel\".<\/p>\n<p style=\"text-align: center;\">Unsere Liebe gilt der Zubereitung von Speisen aus einheimischen Zutaten mit lokaler Herkunft.<\/p>\n<p style=\"text-align: center;\">Da zu einer guten K\u00fcche auch ein guter Wein geh\u00f6rt, verf\u00fcgt unser Weinkeller \u00fcber eine gro\u00dfe Auswahl an slowenischen und ausl\u00e4ndischen Weinen.<\/p>\n<p style=\"text-align: center;\">Die schattige Terrasse an der alten Stadtmauer, umgeben von Gr\u00fcn, ist vor allem in den Sommermonaten eines der beliebtesten Ziele im Stadtzentrum.<\/p>\n<p style=\"text-align: center;\">Besuchen Sie uns auf der Promenade der Geschm\u00e4cker in Celje - wir freuen uns auf Sie!\"<\/p>\n<p style=\"text-align: center;\">Mehr \u00fcber das Gasthaus O\u0161tirka:<\/p>\n<p style=\"text-align: center;\"><a href=\"https:\/\/www.facebook.com\/GostilnaOstirka\/\" target=\"_blank\" rel=\"noopener\">https:\/\/www.facebook.com\/GostilnaOstirka\/<\/a><\/p>\n<p style=\"text-align: center;\"><a href=\"https:\/\/www.ostirka.com\/\" target=\"_blank\" rel=\"noopener\">https:\/\/www.ostirka.com\/<\/a><\/p>\n<p style=\"text-align: center;\"><img decoding=\"async\" class=\"alignnone wp-image-7605\" src=\"https:\/\/salonsauvignon.eu\/wp-content\/uploads\/2022\/08\/C-5-300x200.jpg\" alt=\"\" width=\"1127\" height=\"751\" srcset=\"https:\/\/salonsauvignon.eu\/wp-content\/uploads\/2022\/08\/C-5-300x200.jpg 300w, https:\/\/salonsauvignon.eu\/wp-content\/uploads\/2022\/08\/C-5-scaled-600x400.jpg 600w, https:\/\/salonsauvignon.eu\/wp-content\/uploads\/2022\/08\/C-5-1024x683.jpg 1024w, https:\/\/salonsauvignon.eu\/wp-content\/uploads\/2022\/08\/C-5-768x512.jpg 768w, https:\/\/salonsauvignon.eu\/wp-content\/uploads\/2022\/08\/C-5-1536x1024.jpg 1536w, https:\/\/salonsauvignon.eu\/wp-content\/uploads\/2022\/08\/C-5-2048x1365.jpg 2048w, https:\/\/salonsauvignon.eu\/wp-content\/uploads\/2022\/08\/C-5-18x12.jpg 18w\" sizes=\"(max-width: 1127px) 100vw, 1127px\" \/><\/p>\n<p style=\"text-align: center;\">________________________<\/p>\n<p style=\"text-align: center;\">Wir laden Sie herzlich ein, am Samstag, den 10. September, eine der malerischsten Innenst\u00e4dte Sloweniens zu besuchen - die Celje 2022 Promenade der Geschm\u00e4cker, zu einer Zeit, in der die Weinberge rund um die Stadt nach der S\u00fc\u00dfe reifer Trauben duften.<\/p>\n<p style=\"text-align: center;\">An diesem Samstag werden wir von 14 Uhr bis zum Sonnenuntergang um 20 Uhr die F\u00fcrstenstadt mit einem Glas Wein in der Hand erkunden.<\/p>\n<p style=\"text-align: center;\">Was bietet die Promenade der Geschm\u00e4cker Celje 2022?<\/p>\n<p style=\"text-align: center;\">- Spitzenweine aus den Weinbergen rund um Celje, aus der Steiermark und aus Slowenien.<br \/>\n- feine K\u00fcche aus den gastronomischen H\u00e4usern von Celje.<br \/>\n- geselliges Beisammensein und Erkundung des malerischen Stadtzentrums mit einem Glas Wein in der Hand.<br \/>\n- eine musikalische \u00dcberraschung.<\/p>\n<p style=\"text-align: center;\">Was ist im Ticket f\u00fcr 18 \u20ac enthalten?<\/p>\n<p style=\"text-align: center;\">- Verkostung von \u00fcber sechzig Spitzenweinen,<br \/>\n- ein Degustationsglas mit dem Logo des Salon Sauvignon,<br \/>\n- Vorh\u00e4ngeschloss.<\/p>\n<p style=\"text-align: center;\">Mehr \u00fcber die Promenade der Geschm\u00e4cker erfahren Sie auf der FB-Veranstaltung:<\/p>\n<p style=\"text-align: center;\"><a href=\"https:\/\/www.facebook.com\/events\/1107809909785375\/?ref=newsfeed\" target=\"_blank\" rel=\"noopener\">https:\/\/www.facebook.com\/events\/1107809909785375\/?ref=newsfeed<\/a>,<\/p>\n<p style=\"text-align: center;\">wo Sie auch Tickets zum Vorverkaufspreis von 16 EUR buchen k\u00f6nnen.<\/p>\n<p style=\"text-align: center;\">Wenn Ihnen die Veranstaltung gef\u00e4llt, teilen Sie sie und laden Sie Ihre Freunde, Bekannten, Verwandten und Gesch\u00e4ftspartner ein.<\/p>\n<p style=\"text-align: center;\">M\u00f6gen viele von uns an diesem Samstag in der Stadt des Prinzen sein!<\/p>\n<p style=\"text-align: center;\">Bei Regen wird die Veranstaltung auf den 24. September 2022 von 14:00 - 20:00 Uhr verschoben.<\/p>\n<p style=\"text-align: center;\">Organisiert vom Itadakimasu-Institut.<\/p>\n<p style=\"text-align: center;\">Mitveranstalter ist das Institut Celeia Celje.<\/p>\n<p style=\"text-align: center;\">Partner: Winzer, Gastronomen, Verein Vin.Ce, Projekt Wein &amp; Kunst.<\/p>\n<p style=\"text-align: center;\">Die Veranstaltung steht unter der Schirmherrschaft des Festivals Salon Sauvignon.<\/p>\n<p style=\"text-align: center;\">Erfahren Sie mehr \u00fcber Celje, die Stadt der Grafen, auf:<\/p>\n<p style=\"text-align: center;\"><a href=\"https:\/\/www.visitcelje.eu\/sl\/\" target=\"_blank\" rel=\"noopener\">https:\/\/www.visitcelje.eu\/sl\/<\/a><br \/>\n<a href=\"https:\/\/www.facebook.com\/gocelje?__cft__%5B0%5D=AZW-hRdqsLUNujT0gE1DuIckTtNbKbp1UeHsUmma_wT0RxVsVCAwhnZvAbz3RcRw_bGzuz-pBW0dJAUZ90TtScilgGiTRd0YMeqB7TQejpo4kWuQJFKga0L7HYB1sj4-JtI&amp;__tn__=q\" target=\"_blank\" rel=\"noopener\">https:\/\/www.facebook.com\/gocelje\/<\/a><br \/>\n<a href=\"https:\/\/www.facebook.com\/knezjemestocelje\/?__cft__%5B0%5D=AZW-hRdqsLUNujT0gE1DuIckTtNbKbp1UeHsUmma_wT0RxVsVCAwhnZvAbz3RcRw_bGzuz-pBW0dJAUZ90TtScilgGiTRd0YMeqB7TQejpo4kWuQJFKga0L7HYB1sj4-JtI&amp;__tn__=q\" target=\"_blank\" rel=\"noopener\">https:\/\/www.facebook.com\/knezjemestocelje\/<\/a><\/p>\n<p style=\"text-align: center;\">","protected":false},"excerpt":{"rendered":"<p>&nbsp; 10. SEPTEMBER 2022 \/\/ 14:00 \u2013 20:00 \/\/ STARO MESTNO JEDRO \/\/ &nbsp; \u00bbV sredi\u0161\u010du Kne\u017ejega mesta, tik ob celjski tr\u017enici, se nahaja Gostilna O\u0161tirka. Chef Miran Ojster\u0161ek s svojo ekipo kreira tako sodobne kulinari\u010dne okuse na kreativnih kro\u017enikih kot tudi klasi\u010dne doma\u010de jedi &#8216;na \u017elico&#8217;. Na\u0161a ljubezen je priprava hrane, ki temelji na [&hellip;]<\/p>","protected":false},"author":3,"featured_media":7607,"comment_status":"closed","ping_status":"closed","sticky":false,"template":"","format":"standard","meta":{"_jetpack_memberships_contains_paid_content":false,"footnotes":"","jetpack_publicize_message":"","jetpack_publicize_feature_enabled":true,"jetpack_social_post_already_shared":false,"jetpack_social_options":{"image_generator_settings":{"template":"highway","enabled":false},"version":2},"_wpscppro_custom_social_share_image":0,"_facebook_share_type":"","_twitter_share_type":"","_linkedin_share_type":"","_pinterest_share_type":"","_linkedin_share_type_page":"","_instagram_share_type":"","_selected_social_profile":[]},"categories":[47],"tags":[],"class_list":["post-7603","post","type-post","status-publish","format-standard","has-post-thumbnail","hentry","category-novice"],"jetpack_publicize_connections":[],"jetpack_featured_media_url":"https:\/\/salonsauvignon.eu\/wp-content\/uploads\/2022\/08\/T.jpg","jetpack_sharing_enabled":true,"_links":{"self":[{"href":"https:\/\/salonsauvignon.eu\/ger\/wp-json\/wp\/v2\/posts\/7603","targetHints":{"allow":["GET"]}}],"collection":[{"href":"https:\/\/salonsauvignon.eu\/ger\/wp-json\/wp\/v2\/posts"}],"about":[{"href":"https:\/\/salonsauvignon.eu\/ger\/wp-json\/wp\/v2\/types\/post"}],"author":[{"embeddable":true,"href":"https:\/\/salonsauvignon.eu\/ger\/wp-json\/wp\/v2\/users\/3"}],"replies":[{"embeddable":true,"href":"https:\/\/salonsauvignon.eu\/ger\/wp-json\/wp\/v2\/comments?post=7603"}],"version-history":[{"count":3,"href":"https:\/\/salonsauvignon.eu\/ger\/wp-json\/wp\/v2\/posts\/7603\/revisions"}],"predecessor-version":[{"id":7627,"href":"https:\/\/salonsauvignon.eu\/ger\/wp-json\/wp\/v2\/posts\/7603\/revisions\/7627"}],"wp:featuredmedia":[{"embeddable":true,"href":"https:\/\/salonsauvignon.eu\/ger\/wp-json\/wp\/v2\/media\/7607"}],"wp:attachment":[{"href":"https:\/\/salonsauvignon.eu\/ger\/wp-json\/wp\/v2\/media?parent=7603"}],"wp:term":[{"taxonomy":"category","embeddable":true,"href":"https:\/\/salonsauvignon.eu\/ger\/wp-json\/wp\/v2\/categories?post=7603"},{"taxonomy":"post_tag","embeddable":true,"href":"https:\/\/salonsauvignon.eu\/ger\/wp-json\/wp\/v2\/tags?post=7603"}],"curies":[{"name":"wp","href":"https:\/\/api.w.org\/{rel}","templated":true}]}}