{"id":7688,"date":"2022-08-18T16:30:50","date_gmt":"2022-08-18T14:30:50","guid":{"rendered":"https:\/\/salonsauvignon.eu\/?p=7688"},"modified":"2022-08-18T16:30:50","modified_gmt":"2022-08-18T14:30:50","slug":"vinogradnistvo-cvitanic-na-promenadi-okusov-ptuj-2022","status":"publish","type":"post","link":"https:\/\/salonsauvignon.eu\/ger\/weinbau-cvitanisch-auf-der-geschmackspromenade-ptuj-2022\/","title":{"rendered":"CVITANI\u010c WEINBAU AUF DER PROMENADE DER GESCHMACKSRICHTUNGEN PTUJ 2022"},"content":{"rendered":"<p><img fetchpriority=\"high\" decoding=\"async\" class=\"alignnone  wp-image-7689 aligncenter\" src=\"https:\/\/salonsauvignon.eu\/wp-content\/uploads\/2022\/08\/A-16-300x225.jpg\" alt=\"\" width=\"719\" height=\"539\" srcset=\"https:\/\/salonsauvignon.eu\/wp-content\/uploads\/2022\/08\/A-16-300x225.jpg 300w, https:\/\/salonsauvignon.eu\/wp-content\/uploads\/2022\/08\/A-16-600x450.jpg 600w, https:\/\/salonsauvignon.eu\/wp-content\/uploads\/2022\/08\/A-16-1024x768.jpg 1024w, https:\/\/salonsauvignon.eu\/wp-content\/uploads\/2022\/08\/A-16-768x576.jpg 768w, https:\/\/salonsauvignon.eu\/wp-content\/uploads\/2022\/08\/A-16-1536x1151.jpg 1536w, https:\/\/salonsauvignon.eu\/wp-content\/uploads\/2022\/08\/A-16-16x12.jpg 16w, https:\/\/salonsauvignon.eu\/wp-content\/uploads\/2022\/08\/A-16.jpg 2048w\" sizes=\"(max-width: 719px) 100vw, 719px\" \/><\/p>\n<p>&nbsp;<\/p>\n<p style=\"text-align: center;\"><strong>SAMSTAG, 3. SEPTEMBER 2022, 14:00 - 20:00 \/\/ OBERER HOF DES SCHLOSSES PTUJ \/\/<\/strong><\/p>\n<p style=\"text-align: center;\">\n<p style=\"text-align: center;\">Jurij Cvitani\u010d: \"Unsere reiche Weinbautradition geht auf das Jahr 1937 zur\u00fcck, als mein Gro\u00dfvater Jurij I., nach dem ich benannt wurde, ein Weingut mit Weinbergen in Zamu\u0161any im Mittelslowenischen Bergland kaufte. Auf diese Weise hat die f\u00fcnfte Generation den Weinbau erfolgreich fortgesetzt.<\/p>\n<p style=\"text-align: center;\">\n<p style=\"text-align: center;\">Wir bauen 5 000 Rebst\u00f6cke an, haupts\u00e4chlich Chiffon, Riesling, Riesling, La Riesling, duftenden Traminer und Muscat Ottonel. Wir pfl\u00fccken, keltern, f\u00fcllen ab und f\u00fcllen in Flaschen ab, alles nach Sorten.<\/p>\n<p style=\"text-align: center;\">\n<p style=\"text-align: center;\">Dieses Mal freuen wir uns darauf, Ihnen unsere Weine im wundersch\u00f6nen Schloss Ptuj zu pr\u00e4sentieren - auf der Ptujer Promenade der Geschm\u00e4cker!\"<\/p>\n<p style=\"text-align: center;\">\n<p style=\"text-align: center;\">\n<p style=\"text-align: center;\">Mehr \u00fcber Cvitani\u010d Vineyards unter:<\/p>\n<p style=\"text-align: center;\">\n<p style=\"text-align: center;\"><a href=\"https:\/\/www.facebook.com\/Vinogradni%C5%A1tvo-Cvitani%C4%8D-195042203899886\/\" target=\"_blank\" rel=\"noopener\">https:\/\/www.facebook.com\/Vinogradni\u0161tvo-Cvitani\u010d-195042203899886\/<\/a> <a href=\"https:\/\/vinogradnistvo-cvitanic.si\/\" target=\"_blank\" rel=\"noopener\">https:\/\/vinogradnistvo-cvitanic.si<\/a><\/p>\n<p style=\"text-align: center;\">\n<p style=\"text-align: center;\">\n<p style=\"text-align: center;\"><img decoding=\"async\" class=\"alignnone  wp-image-7690\" src=\"https:\/\/salonsauvignon.eu\/wp-content\/uploads\/2022\/08\/B-15-300x225.jpg\" alt=\"\" width=\"696\" height=\"522\" srcset=\"https:\/\/salonsauvignon.eu\/wp-content\/uploads\/2022\/08\/B-15-300x225.jpg 300w, https:\/\/salonsauvignon.eu\/wp-content\/uploads\/2022\/08\/B-15-600x450.jpg 600w, https:\/\/salonsauvignon.eu\/wp-content\/uploads\/2022\/08\/B-15-768x576.jpg 768w, https:\/\/salonsauvignon.eu\/wp-content\/uploads\/2022\/08\/B-15-16x12.jpg 16w, https:\/\/salonsauvignon.eu\/wp-content\/uploads\/2022\/08\/B-15.jpg 960w\" sizes=\"(max-width: 696px) 100vw, 696px\" \/><\/p>\n<p style=\"text-align: center;\">\n<p style=\"text-align: center;\">_____________________<\/p>\n<p style=\"text-align: center;\">\n<p style=\"text-align: center;\">\n<p style=\"text-align: center;\">Verbringen Sie einen Tag inmitten eines der sch\u00f6nsten Schl\u00f6sser Sloweniens.<\/p>\n<p style=\"text-align: center;\">\n<p style=\"text-align: center;\">Verbringen Sie ihn auf der Promenade der Geschm\u00e4cker in Sloweniens \u00e4ltester Stadt.<\/p>\n<p style=\"text-align: center;\">\n<p style=\"text-align: center;\">Die Ptujer Promenade der Geschm\u00e4cker findet zum dritten Mal auf der Burg Ptuj statt, von wo aus man einen herrlichen Blick auf die Weinberge des Halos, das slowenische Hochland und das Ljutomer-Ormo\u017e-Gebirge hat.<\/p>\n<p style=\"text-align: center;\">\n<p style=\"text-align: center;\">\n<p style=\"text-align: center;\">Was bietet die Promenade der Geschm\u00e4cker Ptuj 2022?<\/p>\n<p style=\"text-align: center;\">\n- feine K\u00fcche, verbunden mit den edlen Weinen der Ptujer Weinberge,<br \/>\n- Konzert von Tadeje VESENJAK, Liedermacher aus Jeruzalemskie gorice.<\/p>\n<p>Was beinhaltet das Ticket f\u00fcr 18 \u20ac?<\/p>\n<p style=\"text-align: center;\">\n- Verkostung von \u00fcber sechzig Spitzenweinen,<br \/>\n- ein Degustationsglas mit dem Logo des Salon Sauvignon,<br \/>\n- Vorh\u00e4ngeschloss.<\/p>\n<p style=\"text-align: center;\">\nMehr \u00fcber die Promenade der Geschm\u00e4cker erfahren Sie auf der FB-Veranstaltung<\/p>\n<p style=\"text-align: center;\">\n<p style=\"text-align: center;\">\u00a0<a href=\"https:\/\/www.facebook.com\/events\/2053397331536448\/?ref=newsfeed\" target=\"_blank\" rel=\"noopener\">https:\/\/www.facebook.com\/events\/2053397331536448\/?ref=newsfeed<\/a><\/p>\n<p style=\"text-align: center;\">\n<p style=\"text-align: center;\">wo Sie auch Tickets zum Vorverkaufspreis von 16 EUR buchen k\u00f6nnen.<\/p>\n<p style=\"text-align: center;\">\n<p>Wenn Ihnen die Veranstaltung gef\u00e4llt, teilen Sie sie und laden Sie Ihre Freunde, Bekannten, Verwandten und Gesch\u00e4ftspartner ein.<\/p>\n<p style=\"text-align: center;\">\nLasst uns an diesem Samstag im September eine tolle Zeit auf der Burg Ptuj verbringen!<\/p>\n<p>Wir werden uns bei jedem Wetter auf der Burg Ptuj aufhalten.<\/p>\n<p style=\"text-align: center;\">\n<p style=\"text-align: center;\">Die Veranstaltung wird von Itadakimasu Ptuj organisiert.<\/p>\n<p style=\"text-align: center;\">\n<p style=\"text-align: center;\">Mitveranstalter sind das Regionalmuseum Ptuj - Ormo\u017e und das Tourismusinstitut Ptuj.<\/p>\n<p style=\"text-align: center;\">\n<p style=\"text-align: center;\">Die Veranstaltung steht unter der Schirmherrschaft des Festivals Salon Sauvignon.<\/p>\n<p style=\"text-align: center;\">\nPartner: Winzer, gastronomische Betriebe, der Landjugendverein Spodnje Podravje, das Land- und Forstwirtschaftsinstitut Ptuj.<\/p>\n<p style=\"text-align: center;\">\n@pokrajinski.muzej.ptuj.ormoz @visitptuj<\/p>","protected":false},"excerpt":{"rendered":"<p>&nbsp; SAMSTAG, 3. SEPTEMBER 2022, 14:00 - 20:00 Uhr \/\/ OBENES GERICHTSHOF VON PTUJSKEGA GRAD \/\/ Jurij Cvitani\u010d: \"Unsere reiche Weinbautradition geht auf das Jahr 1937 zur\u00fcck, als mein Gro\u00dfvater, Jurij I., nach dem ich benannt wurde, ein Weingut mit Weinbergen in Zamu\u0161any im Mittelslowenischen Hochland kaufte. Auf diese Weise hat die f\u00fcnfte Generation erfolgreich die [...]<\/p>","protected":false},"author":3,"featured_media":0,"comment_status":"closed","ping_status":"closed","sticky":false,"template":"","format":"standard","meta":{"_jetpack_memberships_contains_paid_content":false,"footnotes":"","jetpack_publicize_message":"","jetpack_publicize_feature_enabled":true,"jetpack_social_post_already_shared":false,"jetpack_social_options":{"image_generator_settings":{"template":"highway","enabled":false},"version":2},"_wpscppro_custom_social_share_image":0,"_facebook_share_type":"","_twitter_share_type":"","_linkedin_share_type":"","_pinterest_share_type":"","_linkedin_share_type_page":"","_instagram_share_type":"","_selected_social_profile":[]},"categories":[63,47],"tags":[],"class_list":["post-7688","post","type-post","status-publish","format-standard","hentry","category-vinarji","category-novice"],"jetpack_publicize_connections":[],"jetpack_featured_media_url":"","jetpack_sharing_enabled":true,"_links":{"self":[{"href":"https:\/\/salonsauvignon.eu\/ger\/wp-json\/wp\/v2\/posts\/7688","targetHints":{"allow":["GET"]}}],"collection":[{"href":"https:\/\/salonsauvignon.eu\/ger\/wp-json\/wp\/v2\/posts"}],"about":[{"href":"https:\/\/salonsauvignon.eu\/ger\/wp-json\/wp\/v2\/types\/post"}],"author":[{"embeddable":true,"href":"https:\/\/salonsauvignon.eu\/ger\/wp-json\/wp\/v2\/users\/3"}],"replies":[{"embeddable":true,"href":"https:\/\/salonsauvignon.eu\/ger\/wp-json\/wp\/v2\/comments?post=7688"}],"version-history":[{"count":2,"href":"https:\/\/salonsauvignon.eu\/ger\/wp-json\/wp\/v2\/posts\/7688\/revisions"}],"predecessor-version":[{"id":7693,"href":"https:\/\/salonsauvignon.eu\/ger\/wp-json\/wp\/v2\/posts\/7688\/revisions\/7693"}],"wp:attachment":[{"href":"https:\/\/salonsauvignon.eu\/ger\/wp-json\/wp\/v2\/media?parent=7688"}],"wp:term":[{"taxonomy":"category","embeddable":true,"href":"https:\/\/salonsauvignon.eu\/ger\/wp-json\/wp\/v2\/categories?post=7688"},{"taxonomy":"post_tag","embeddable":true,"href":"https:\/\/salonsauvignon.eu\/ger\/wp-json\/wp\/v2\/tags?post=7688"}],"curies":[{"name":"wp","href":"https:\/\/api.w.org\/{rel}","templated":true}]}}