{"id":7702,"date":"2022-08-20T14:30:08","date_gmt":"2022-08-20T12:30:08","guid":{"rendered":"https:\/\/salonsauvignon.eu\/?p=7702"},"modified":"2022-08-20T14:32:03","modified_gmt":"2022-08-20T12:32:03","slug":"7702-2","status":"publish","type":"post","link":"https:\/\/salonsauvignon.eu\/ger\/7702-2\/","title":{"rendered":"NEUE RAJNGLA AUF DER GESCHMACKSPROMENADE CELJE 2022"},"content":{"rendered":"<p style=\"text-align: center;\"><strong><img fetchpriority=\"high\" decoding=\"async\" class=\"alignnone wp-image-7703\" src=\"https:\/\/salonsauvignon.eu\/wp-content\/uploads\/2022\/08\/1-Chef-Jan-Resnik-copy-300x225.jpg\" alt=\"\" width=\"835\" height=\"626\"><\/strong><\/p>\n<p style=\"text-align: center;\"><strong>10. SEPTEMBER 2022 \/\/ 14:00 - 20:00 \/\/ ALTSTADT \/\/<\/strong><\/p>\n<p style=\"text-align: center;\">\"Zuerst war es 'RAJNGLA', dann haben wir ihm etwas Frische eingehaucht und heute nennen wir es 'NEW RAJNGLA'.<\/p>\n<p style=\"text-align: center;\">Die Geschichte des Restaurants Nova Rajngla ist mit den Traditionen des Savinja-Tals und dem Teich, an dem es liegt, verbunden. Die Umgebung bietet viele M\u00f6glichkeiten, um neue Energie zu tanken.<\/p>\n<p style=\"text-align: center;\">Rajngla gibt es schon seit langem. Aber der neue Teil davon wagt sich an einen neuen Ansatz. Traditionelles wird modern - der Himmel ist unsere Grenze.<\/p>\n<p style=\"text-align: center;\">In Nova Rajngla verbinden wir das Lokale mit dem Nat\u00fcrlichen. Das Blau des Sees, nat\u00fcrliche Farben, ein moderner Ansatz, lokale Zutaten\".<\/p>\n<p style=\"text-align: center;\">Jan RESNIK, K\u00fcchenchef<\/p>\n<p style=\"text-align: center;\">\"Die Liebe zur K\u00fcche verbindet uns, die Kreativit\u00e4t auf dem Teller beschreibt uns.<\/p>\n<p style=\"text-align: center;\">Mit Respekt vor den Bem\u00fchungen unserer Fischer und lokalen Produzenten m\u00f6chte ich in meinen Kreationen das Moderne mit dem Vertrauten verbinden. Durch verschiedene Geschmacksrichtungen, Texturen und Farben m\u00f6chte ich Ihnen zeigen, dass ein Gericht nicht nur eine Mahlzeit ist, sondern auch etwas Magisches.<\/p>\n<p style=\"text-align: center;\">Kommen Sie zur Promenade der Aromen in Celje und probieren Sie die Magie! Wir freuen uns darauf, Sie kennenzulernen!\"<\/p>\n<p style=\"text-align: center;\">Mehr \u00fcber das Restaurant Nova rajngla erfahren Sie hier:<\/p>\n<p style=\"text-align: center;\"><a href=\"https:\/\/www.facebook.com\/novarajngla\/\" target=\"_blank\" rel=\"noopener\">https:\/\/www.facebook.com\/novarajngla\/<\/a><\/p>\n<p style=\"text-align: center;\"><a href=\"https:\/\/www.novarajngla.si\/\" target=\"_blank\" rel=\"noopener\">https:\/\/www.novarajngla.si\/<\/a><\/p>\n<p style=\"text-align: center;\"><strong><img decoding=\"async\" class=\"alignnone wp-image-7704\" src=\"https:\/\/salonsauvignon.eu\/wp-content\/uploads\/2022\/08\/8-Sladica-300x225.jpg\" alt=\"\" width=\"912\" height=\"684\" srcset=\"https:\/\/salonsauvignon.eu\/wp-content\/uploads\/2022\/08\/8-Sladica-300x225.jpg 300w, https:\/\/salonsauvignon.eu\/wp-content\/uploads\/2022\/08\/8-Sladica-scaled-600x450.jpg 600w, https:\/\/salonsauvignon.eu\/wp-content\/uploads\/2022\/08\/8-Sladica-1024x768.jpg 1024w, https:\/\/salonsauvignon.eu\/wp-content\/uploads\/2022\/08\/8-Sladica-768x576.jpg 768w, https:\/\/salonsauvignon.eu\/wp-content\/uploads\/2022\/08\/8-Sladica-1536x1152.jpg 1536w, https:\/\/salonsauvignon.eu\/wp-content\/uploads\/2022\/08\/8-Sladica-2048x1536.jpg 2048w, https:\/\/salonsauvignon.eu\/wp-content\/uploads\/2022\/08\/8-Sladica-16x12.jpg 16w\" sizes=\"(max-width: 912px) 100vw, 912px\" \/><\/strong><\/p>\n<p style=\"text-align: center;\">____________________<\/p>\n<p style=\"text-align: center;\">Wir laden Sie herzlich ein, am Samstag, den 10. September, eine der malerischsten Innenst\u00e4dte Sloweniens zu besuchen - die Celje 2022 Promenade der Geschm\u00e4cker, zu einer Zeit, in der die Weinberge rund um die Stadt nach der S\u00fc\u00dfe reifer Trauben duften.<\/p>\n<p style=\"text-align: center;\">An diesem Samstag werden wir von 14 Uhr bis zum Sonnenuntergang um 20 Uhr die F\u00fcrstenstadt mit einem Glas Wein in der Hand erkunden.<\/p>\n<p style=\"text-align: center;\">Was bietet die Promenade der Geschm\u00e4cker Celje 2022?<\/p>\n<p style=\"text-align: center;\">- Spitzenweine aus den Weinbergen rund um Celje, aus der Steiermark und aus Slowenien.<br \/>\n- feine K\u00fcche aus den gastronomischen H\u00e4usern von Celje.<br \/>\n- geselliges Beisammensein und Erkundung des malerischen Stadtzentrums mit einem Glas Wein in der Hand.<br \/>\n- eine musikalische \u00dcberraschung.<\/p>\n<p style=\"text-align: center;\">Was ist im Ticket f\u00fcr 18 \u20ac enthalten?<\/p>\n<p style=\"text-align: center;\">- Verkostung von \u00fcber sechzig Spitzenweinen,<br \/>\n- ein Degustationsglas mit dem Logo des Salon Sauvignon,<br \/>\n- Vorh\u00e4ngeschloss.<\/p>\n<p style=\"text-align: center;\">Mehr \u00fcber die Promenade der Geschm\u00e4cker erfahren Sie auf der FB-Veranstaltung:<\/p>\n<p style=\"text-align: center;\"><a href=\"https:\/\/www.facebook.com\/events\/1107809909785375\/?ref=newsfeed\" target=\"_blank\" rel=\"noopener\">https:\/\/www.facebook.com\/events\/1107809909785375\/?ref=newsfeed<\/a>,<\/p>\n<p style=\"text-align: center;\">wo Sie auch Tickets zum Vorverkaufspreis von 16 EUR buchen k\u00f6nnen.<\/p>\n<p style=\"text-align: center;\">Wenn Ihnen die Veranstaltung gef\u00e4llt, teilen Sie sie und laden Sie Ihre Freunde, Bekannten, Verwandten und Gesch\u00e4ftspartner ein.<\/p>\n<p style=\"text-align: center;\">M\u00f6gen viele von uns an diesem Samstag in der Stadt des Prinzen sein!<\/p>\n<p style=\"text-align: center;\">Bei Regen wird die Veranstaltung auf den 24. September 2022 von 14:00 - 20:00 Uhr verschoben.<\/p>\n<p style=\"text-align: center;\">Organisiert vom Itadakimasu-Institut.<\/p>\n<p style=\"text-align: center;\">Mitveranstalter ist das Institut Celeia Celje.<\/p>\n<p style=\"text-align: center;\">Partner: Winzer, Gastronomen, Verein Vin.Ce, Projekt Wein &amp; Kunst.<\/p>\n<p style=\"text-align: center;\">Die Veranstaltung steht unter der Schirmherrschaft des Festivals Salon Sauvignon.<\/p>\n<p style=\"text-align: center;\">Erfahren Sie mehr \u00fcber Celje, die Stadt der Grafen, auf:<\/p>\n<p style=\"text-align: center;\"><a href=\"https:\/\/www.visitcelje.eu\/sl\/\" target=\"_blank\" rel=\"noopener\">https:\/\/www.visitcelje.eu\/sl\/<\/a><br \/>\n<a href=\"https:\/\/www.facebook.com\/gocelje?__cft__%5B0%5D=AZW-hRdqsLUNujT0gE1DuIckTtNbKbp1UeHsUmma_wT0RxVsVCAwhnZvAbz3RcRw_bGzuz-pBW0dJAUZ90TtScilgGiTRd0YMeqB7TQejpo4kWuQJFKga0L7HYB1sj4-JtI&amp;__tn__=q\" target=\"_blank\" rel=\"noopener\">https:\/\/www.facebook.com\/gocelje\/<\/a><br \/>\n<a href=\"https:\/\/www.facebook.com\/knezjemestocelje\/?__cft__%5B0%5D=AZW-hRdqsLUNujT0gE1DuIckTtNbKbp1UeHsUmma_wT0RxVsVCAwhnZvAbz3RcRw_bGzuz-pBW0dJAUZ90TtScilgGiTRd0YMeqB7TQejpo4kWuQJFKga0L7HYB1sj4-JtI&amp;__tn__=q\" target=\"_blank\" rel=\"noopener\">https:\/\/www.facebook.com\/knezjemestocelje\/<\/a><\/p>\n<p style=\"text-align: center;\">","protected":false},"excerpt":{"rendered":"<p>10. SEPTEMBER 2022 \/\/ 14:00 - 20:00 \/\/ ALTSTADTZENTRUM \/\/ \"Zuerst war es 'RAJNGLA', dann haben wir ihm etwas Frische eingehaucht und heute nennen wir es 'NEW RAJNGLA'. Die Geschichte des Restaurants \"Nova Rajngla\" ist mit den Traditionen des Savinja-Tals und dem Teich, an dem es liegt, verbunden. Die [...]<\/p>","protected":false},"author":3,"featured_media":0,"comment_status":"closed","ping_status":"closed","sticky":false,"template":"","format":"standard","meta":{"_jetpack_memberships_contains_paid_content":false,"footnotes":"","jetpack_publicize_message":"","jetpack_publicize_feature_enabled":true,"jetpack_social_post_already_shared":false,"jetpack_social_options":{"image_generator_settings":{"template":"highway","enabled":false},"version":2},"_wpscppro_custom_social_share_image":0,"_facebook_share_type":"","_twitter_share_type":"","_linkedin_share_type":"","_pinterest_share_type":"","_linkedin_share_type_page":"","_instagram_share_type":"","_selected_social_profile":[]},"categories":[47],"tags":[],"class_list":["post-7702","post","type-post","status-publish","format-standard","hentry","category-novice"],"jetpack_publicize_connections":[],"jetpack_featured_media_url":"","jetpack_sharing_enabled":true,"_links":{"self":[{"href":"https:\/\/salonsauvignon.eu\/ger\/wp-json\/wp\/v2\/posts\/7702","targetHints":{"allow":["GET"]}}],"collection":[{"href":"https:\/\/salonsauvignon.eu\/ger\/wp-json\/wp\/v2\/posts"}],"about":[{"href":"https:\/\/salonsauvignon.eu\/ger\/wp-json\/wp\/v2\/types\/post"}],"author":[{"embeddable":true,"href":"https:\/\/salonsauvignon.eu\/ger\/wp-json\/wp\/v2\/users\/3"}],"replies":[{"embeddable":true,"href":"https:\/\/salonsauvignon.eu\/ger\/wp-json\/wp\/v2\/comments?post=7702"}],"version-history":[{"count":3,"href":"https:\/\/salonsauvignon.eu\/ger\/wp-json\/wp\/v2\/posts\/7702\/revisions"}],"predecessor-version":[{"id":7708,"href":"https:\/\/salonsauvignon.eu\/ger\/wp-json\/wp\/v2\/posts\/7702\/revisions\/7708"}],"wp:attachment":[{"href":"https:\/\/salonsauvignon.eu\/ger\/wp-json\/wp\/v2\/media?parent=7702"}],"wp:term":[{"taxonomy":"category","embeddable":true,"href":"https:\/\/salonsauvignon.eu\/ger\/wp-json\/wp\/v2\/categories?post=7702"},{"taxonomy":"post_tag","embeddable":true,"href":"https:\/\/salonsauvignon.eu\/ger\/wp-json\/wp\/v2\/tags?post=7702"}],"curies":[{"name":"wp","href":"https:\/\/api.w.org\/{rel}","templated":true}]}}