{"id":7759,"date":"2022-08-27T11:02:54","date_gmt":"2022-08-27T09:02:54","guid":{"rendered":"https:\/\/salonsauvignon.eu\/?p=7759"},"modified":"2022-08-27T11:02:54","modified_gmt":"2022-08-27T09:02:54","slug":"pizzerija-koper-na-promenadi-okusov-celje-2022","status":"publish","type":"post","link":"https:\/\/salonsauvignon.eu\/ger\/pizzeria-digger-auf-der-promenade-der-vorspeisen-total-2022\/","title":{"rendered":"PIZZERIA KOPER AUF DER PROMENADE DER GESCHMACKSRICHTUNGEN CELJE 2022\u00a0"},"content":{"rendered":"<p><img fetchpriority=\"high\" decoding=\"async\" class=\"alignnone  wp-image-7761 aligncenter\" src=\"https:\/\/salonsauvignon.eu\/wp-content\/uploads\/2022\/08\/E-4-225x300.jpg\" alt=\"\" width=\"582\" height=\"776\"><\/p>\n<p style=\"text-align: center;\">\n<p style=\"text-align: center;\"><strong>\u00a010. SEPTEMBER 2022 \/\/ 14:00 - 20:00 \/\/ ALTSTADT \/\/<\/strong><\/p>\n<p style=\"text-align: center;\">\n<p style=\"text-align: center;\">\"Das moderne Gastronomieangebot und das warme und einladende Ambiente mit ausgew\u00e4hlten Strandelementen vermitteln ein mediterranes Gef\u00fchl.<\/p>\n<p style=\"text-align: center;\">\n<p style=\"text-align: center;\">In der Spageteria und Pizzeria Koper bem\u00fchen wir uns jeden Tag, einzigartige Geschmackserlebnisse f\u00fcr Sie zu schaffen.<\/p>\n<p style=\"text-align: center;\">\n<p style=\"text-align: center;\">Neapolitanische Pizzen, hausgemachte Pasta und andere leckere mediterrane K\u00f6stlichkeiten - mit einer Auswahl frischer, schmackhafter und wohlschmeckender Zutaten wollen wir Ihnen beweisen, dass wir f\u00fcr jeden Moment die richtige Wahl sind.<\/p>\n<p style=\"text-align: center;\">\n<p style=\"text-align: center;\">Treffen Sie uns auf der Promenade der Geschm\u00e4cker in der F\u00fcrstenstadt! Wir freuen uns, Sie bei uns begr\u00fc\u00dfen zu d\u00fcrfen!\"<\/p>\n<p style=\"text-align: center;\">\n<p style=\"text-align: center;\">Erfahren Sie mehr \u00fcber die Pizzeria Koper auf:<\/p>\n<p style=\"text-align: center;\"><a href=\"https:\/\/www.facebook.com\/spageterijaInPizzerijaKoper\/\" target=\"_blank\" rel=\"noopener\">https:\/\/www.facebook.com\/spageterijaInPizzerijaKoper\/<\/a><\/p>\n<p style=\"text-align: center;\"><a href=\"https:\/\/pizzeria-koper.si\/\" target=\"_blank\" rel=\"noopener\">https:\/\/pizzeria-koper.si\/<\/a><\/p>\n<p style=\"text-align: center;\">\n<p style=\"text-align: center;\"><img decoding=\"async\" class=\"alignnone  wp-image-7762\" src=\"https:\/\/salonsauvignon.eu\/wp-content\/uploads\/2022\/08\/B-300x200.jpeg\" alt=\"\" width=\"780\" height=\"520\" srcset=\"https:\/\/salonsauvignon.eu\/wp-content\/uploads\/2022\/08\/B-300x200.jpeg 300w, https:\/\/salonsauvignon.eu\/wp-content\/uploads\/2022\/08\/B-600x400.jpeg 600w, https:\/\/salonsauvignon.eu\/wp-content\/uploads\/2022\/08\/B-1024x683.jpeg 1024w, https:\/\/salonsauvignon.eu\/wp-content\/uploads\/2022\/08\/B-768x512.jpeg 768w, https:\/\/salonsauvignon.eu\/wp-content\/uploads\/2022\/08\/B-1536x1024.jpeg 1536w, https:\/\/salonsauvignon.eu\/wp-content\/uploads\/2022\/08\/B-18x12.jpeg 18w, https:\/\/salonsauvignon.eu\/wp-content\/uploads\/2022\/08\/B.jpeg 1800w\" sizes=\"(max-width: 780px) 100vw, 780px\" \/><\/p>\n<p style=\"text-align: center;\">\n<p style=\"text-align: center;\">_____________<\/p>\n<p style=\"text-align: center;\">\n<p style=\"text-align: center;\">\n<p style=\"text-align: center;\">Wir laden Sie herzlich ein, am Samstag, den 10. September, eine der malerischsten Innenst\u00e4dte Sloweniens zu besuchen - die Celje 2022 Promenade der Geschm\u00e4cker, zu einer Zeit, in der die Weinberge rund um die Stadt nach der S\u00fc\u00dfe reifer Trauben duften.<\/p>\n<p style=\"text-align: center;\">\n<p style=\"text-align: center;\">An diesem Samstag werden wir von 14 Uhr bis zum Sonnenuntergang um 20 Uhr die F\u00fcrstenstadt mit einem Glas Wein in der Hand erkunden.<\/p>\n<p style=\"text-align: center;\">\n<p style=\"text-align: center;\">Was bietet die Promenade der Geschm\u00e4cker Celje 2022?<\/p>\n<p style=\"text-align: center;\">\n<p style=\"text-align: center;\">- Spitzenweine aus den Weinbergen rund um Celje, aus der Steiermark und aus Slowenien.<br \/>\n- feine K\u00fcche aus den gastronomischen H\u00e4usern von Celje.<br \/>\n- geselliges Beisammensein und Erkundung des malerischen Stadtzentrums mit einem Glas Wein in der Hand.<br \/>\n- eine musikalische \u00dcberraschung.<\/p>\n<p style=\"text-align: center;\">\n<p style=\"text-align: center;\">Was ist im Ticket f\u00fcr 18 \u20ac enthalten?<\/p>\n<p style=\"text-align: center;\">\n<p style=\"text-align: center;\">- Verkostung von \u00fcber sechzig Spitzenweinen,<br \/>\n- ein Degustationsglas mit dem Logo des Salon Sauvignon,<br \/>\n- Vorh\u00e4ngeschloss.<\/p>\n<p style=\"text-align: center;\">\n<p style=\"text-align: center;\">Mehr \u00fcber die Promenade der Geschm\u00e4cker erfahren Sie auf der FB-Veranstaltung:<\/p>\n<p style=\"text-align: center;\">\n<p style=\"text-align: center;\"><a href=\"https:\/\/www.facebook.com\/events\/1107809909785375\/?ref=newsfeed\" target=\"_blank\" rel=\"noopener\">https:\/\/www.facebook.com\/events\/1107809909785375\/?ref=newsfeed<\/a>,<\/p>\n<p style=\"text-align: center;\">\n<p style=\"text-align: center;\">wo Sie auch Tickets zum Vorverkaufspreis von 16 EUR buchen k\u00f6nnen.<\/p>\n<p style=\"text-align: center;\">\n<p style=\"text-align: center;\">Wenn Ihnen die Veranstaltung gef\u00e4llt, teilen Sie sie und laden Sie Ihre Freunde, Bekannten, Verwandten und Gesch\u00e4ftspartner ein.<\/p>\n<p style=\"text-align: center;\">\n<p style=\"text-align: center;\">M\u00f6gen viele von uns an diesem Samstag in der Stadt des Prinzen sein!<\/p>\n<p style=\"text-align: center;\">\n<p style=\"text-align: center;\">Bei Regen wird die Veranstaltung auf den 24. September 2022 von 14:00 - 20:00 Uhr verschoben.<\/p>\n<p style=\"text-align: center;\">\n<p style=\"text-align: center;\">Organisiert vom Itadakimasu-Institut.<\/p>\n<p style=\"text-align: center;\">\n<p style=\"text-align: center;\">Mitveranstalter ist das Institut Celeia Celje.<\/p>\n<p style=\"text-align: center;\">\n<p style=\"text-align: center;\">Partner: Winzer, Gastronomen, Verein Vin.Ce, Projekt Wein &amp; Kunst.<\/p>\n<p style=\"text-align: center;\">\n<p style=\"text-align: center;\">Die Veranstaltung steht unter der Schirmherrschaft des Festivals Salon Sauvignon.<\/p>\n<p style=\"text-align: center;\">\n<p style=\"text-align: center;\">\n<p style=\"text-align: center;\">Erfahren Sie mehr \u00fcber Celje, die Stadt der Grafen, auf:<\/p>\n<p style=\"text-align: center;\">\n<p style=\"text-align: center;\"><a href=\"https:\/\/www.visitcelje.eu\/sl\/\" target=\"_blank\" rel=\"noopener\">https:\/\/www.visitcelje.eu\/sl\/<\/a><br \/>\n<a href=\"https:\/\/www.facebook.com\/gocelje?__cft__%5B0%5D=AZW-hRdqsLUNujT0gE1DuIckTtNbKbp1UeHsUmma_wT0RxVsVCAwhnZvAbz3RcRw_bGzuz-pBW0dJAUZ90TtScilgGiTRd0YMeqB7TQejpo4kWuQJFKga0L7HYB1sj4-JtI&amp;__tn__=q\" target=\"_blank\" rel=\"noopener\">https:\/\/www.facebook.com\/gocelje\/<\/a><br \/>\n<a href=\"https:\/\/www.facebook.com\/knezjemestocelje\/?__cft__%5B0%5D=AZW-hRdqsLUNujT0gE1DuIckTtNbKbp1UeHsUmma_wT0RxVsVCAwhnZvAbz3RcRw_bGzuz-pBW0dJAUZ90TtScilgGiTRd0YMeqB7TQejpo4kWuQJFKga0L7HYB1sj4-JtI&amp;__tn__=q\" target=\"_blank\" rel=\"noopener\">https:\/\/www.facebook.com\/knezjemestocelje\/<\/a><\/p>\n<p style=\"text-align: center;\">\n<p style=\"text-align: center;\">@vin.ce_favorit<\/p>\n<p style=\"text-align: center;\">","protected":false},"excerpt":{"rendered":"<p>\u00a010. SEPTEMBER 2022 \/\/ 14:00 - 20:00 \/\/ ALTSTADTZENTRUM \/\/ \"Ein modernes gastronomisches Angebot und ein warmes und einladendes Ambiente mit ausgew\u00e4hlten K\u00fcstenelementen werden Ihnen ein mediterranes Gef\u00fchl vermitteln. In der Spageteria und Pizzeria Koper bem\u00fchen wir uns jeden Tag, einzigartige Geschmackserlebnisse f\u00fcr Sie zu schaffen. Neapolitanische Pizzen, hausgemachte Pasta und andere k\u00f6stliche mediterrane K\u00f6stlichkeiten - mit einer Auswahl an frischen, [...]<\/p>","protected":false},"author":3,"featured_media":7760,"comment_status":"closed","ping_status":"closed","sticky":false,"template":"","format":"standard","meta":{"_jetpack_memberships_contains_paid_content":false,"footnotes":"","jetpack_publicize_message":"","jetpack_publicize_feature_enabled":true,"jetpack_social_post_already_shared":false,"jetpack_social_options":{"image_generator_settings":{"template":"highway","enabled":false},"version":2},"_wpscppro_custom_social_share_image":0,"_facebook_share_type":"","_twitter_share_type":"","_linkedin_share_type":"","_pinterest_share_type":"","_linkedin_share_type_page":"","_instagram_share_type":"","_selected_social_profile":[]},"categories":[47],"tags":[],"class_list":["post-7759","post","type-post","status-publish","format-standard","has-post-thumbnail","hentry","category-novice"],"jetpack_publicize_connections":[],"jetpack_featured_media_url":"https:\/\/salonsauvignon.eu\/wp-content\/uploads\/2022\/08\/ZZ.jpg","jetpack_sharing_enabled":true,"_links":{"self":[{"href":"https:\/\/salonsauvignon.eu\/ger\/wp-json\/wp\/v2\/posts\/7759","targetHints":{"allow":["GET"]}}],"collection":[{"href":"https:\/\/salonsauvignon.eu\/ger\/wp-json\/wp\/v2\/posts"}],"about":[{"href":"https:\/\/salonsauvignon.eu\/ger\/wp-json\/wp\/v2\/types\/post"}],"author":[{"embeddable":true,"href":"https:\/\/salonsauvignon.eu\/ger\/wp-json\/wp\/v2\/users\/3"}],"replies":[{"embeddable":true,"href":"https:\/\/salonsauvignon.eu\/ger\/wp-json\/wp\/v2\/comments?post=7759"}],"version-history":[{"count":2,"href":"https:\/\/salonsauvignon.eu\/ger\/wp-json\/wp\/v2\/posts\/7759\/revisions"}],"predecessor-version":[{"id":7764,"href":"https:\/\/salonsauvignon.eu\/ger\/wp-json\/wp\/v2\/posts\/7759\/revisions\/7764"}],"wp:featuredmedia":[{"embeddable":true,"href":"https:\/\/salonsauvignon.eu\/ger\/wp-json\/wp\/v2\/media\/7760"}],"wp:attachment":[{"href":"https:\/\/salonsauvignon.eu\/ger\/wp-json\/wp\/v2\/media?parent=7759"}],"wp:term":[{"taxonomy":"category","embeddable":true,"href":"https:\/\/salonsauvignon.eu\/ger\/wp-json\/wp\/v2\/categories?post=7759"},{"taxonomy":"post_tag","embeddable":true,"href":"https:\/\/salonsauvignon.eu\/ger\/wp-json\/wp\/v2\/tags?post=7759"}],"curies":[{"name":"wp","href":"https:\/\/api.w.org\/{rel}","templated":true}]}}