{"id":7774,"date":"2022-08-28T10:01:44","date_gmt":"2022-08-28T08:01:44","guid":{"rendered":"https:\/\/salonsauvignon.eu\/?p=7774"},"modified":"2022-08-28T10:02:11","modified_gmt":"2022-08-28T08:02:11","slug":"steyer-vina-hisa-disecega-traminca-na-promenadi-okusov-ptuj-2022","status":"publish","type":"post","link":"https:\/\/salonsauvignon.eu\/ger\/steyer-wein-hisa-disecega-traminca-auf-promenada-okusov-ptuj-2022\/","title":{"rendered":"STEYER WEINE, DAS HAUS DER DUFTENDEN TRAMINCA, AUF DER PTUJ 2022 PROMENADE DER GESCHMACKSRICHTUNGEN"},"content":{"rendered":"<p><img fetchpriority=\"high\" decoding=\"async\" class=\"alignnone wp-image-7775 aligncenter\" src=\"https:\/\/salonsauvignon.eu\/wp-content\/uploads\/2022\/08\/A-18-300x169.jpg\" alt=\"\" width=\"707\" height=\"398\" srcset=\"https:\/\/salonsauvignon.eu\/wp-content\/uploads\/2022\/08\/A-18-300x169.jpg 300w, https:\/\/salonsauvignon.eu\/wp-content\/uploads\/2022\/08\/A-18-600x338.jpg 600w, https:\/\/salonsauvignon.eu\/wp-content\/uploads\/2022\/08\/A-18-1024x576.jpg 1024w, https:\/\/salonsauvignon.eu\/wp-content\/uploads\/2022\/08\/A-18-768x432.jpg 768w, https:\/\/salonsauvignon.eu\/wp-content\/uploads\/2022\/08\/A-18-1536x864.jpg 1536w, https:\/\/salonsauvignon.eu\/wp-content\/uploads\/2022\/08\/A-18-18x10.jpg 18w, https:\/\/salonsauvignon.eu\/wp-content\/uploads\/2022\/08\/A-18.jpg 1920w\" sizes=\"(max-width: 707px) 100vw, 707px\" \/><\/p>\n<p style=\"text-align: center;\"><strong>\u00a0<\/strong><\/p>\n<p style=\"text-align: center;\"><strong>\"<\/strong>Wir glauben, dass der Wein die Krone der Natur ist.<\/p>\n<p style=\"text-align: center;\">Wein zu machen ist eine Herausforderung, die mit einem zufriedenen Gesichtsausdruck des Trinkers belohnt wird.<\/p>\n<p style=\"text-align: center;\">Es ist eine Freude, neue Menschen kennenzulernen, die uns den Willen, die Freude und den Antrieb geben, noch besser zu werden und immer wieder dar\u00fcber nachzudenken, was wir noch anbieten oder entwickeln k\u00f6nnen.<\/p>\n<p style=\"text-align: center;\">Unsere Weine k\u00f6nnen auch von Veganern genossen werden, werden umweltfreundlich produziert und verwenden keine Herbizide.<\/p>\n<p style=\"text-align: center;\"><strong>\u00a0<\/strong><\/p>\n<p style=\"text-align: center;\">In unseren Weinbergen achten wir sorgf\u00e4ltig darauf, dass die Frucht der Rebe im Wein ihre ganze Vornehmheit zum Ausdruck bringen kann.<\/p>\n<p style=\"text-align: center;\">Wein ist mehr als nur ein Getr\u00e4nk,<br \/>\nWein ist Energie,<br \/>\nWein ist Macht,<br \/>\nWein ist eine Sehnsucht,<br \/>\nWein ist Liebe,<br \/>\nWein ist die Melodie unserer Herzen.<\/p>\n<p style=\"text-align: center;\">Lassen Sie uns diese Melodie f\u00fcr Sie singen - auf der Promenade der Geschm\u00e4cker, umgeben von der wundersch\u00f6nen Burg Ptuj!\"<\/p>\n<p style=\"text-align: center;\">Mehr \u00fcber Steyer-Weine erfahren Sie unter:<\/p>\n<p style=\"text-align: center;\"><a href=\"https:\/\/www.facebook.com\/SteyerVina\" target=\"_blank\" rel=\"noopener\">https:\/\/www.facebook.com\/SteyerVina<\/a><\/p>\n<p style=\"text-align: center;\"><a href=\"https:\/\/www.steyer.si\/\" target=\"_blank\" rel=\"noopener\">https:\/\/www.steyer.si<\/a><\/p>\n<p style=\"text-align: center;\"><img decoding=\"async\" class=\"alignnone wp-image-7777\" src=\"https:\/\/salonsauvignon.eu\/wp-content\/uploads\/2022\/08\/B-18-300x169.jpg\" alt=\"\" width=\"586\" height=\"330\" srcset=\"https:\/\/salonsauvignon.eu\/wp-content\/uploads\/2022\/08\/B-18-300x169.jpg 300w, https:\/\/salonsauvignon.eu\/wp-content\/uploads\/2022\/08\/B-18-600x338.jpg 600w, https:\/\/salonsauvignon.eu\/wp-content\/uploads\/2022\/08\/B-18-1024x576.jpg 1024w, https:\/\/salonsauvignon.eu\/wp-content\/uploads\/2022\/08\/B-18-768x432.jpg 768w, https:\/\/salonsauvignon.eu\/wp-content\/uploads\/2022\/08\/B-18-1536x864.jpg 1536w, https:\/\/salonsauvignon.eu\/wp-content\/uploads\/2022\/08\/B-18-18x10.jpg 18w, https:\/\/salonsauvignon.eu\/wp-content\/uploads\/2022\/08\/B-18.jpg 1920w\" sizes=\"(max-width: 586px) 100vw, 586px\" \/>_<\/p>\n<p>&nbsp;<\/p>\n<p style=\"text-align: center;\">____________________<\/p>\n<p style=\"text-align: center;\">Verbringen Sie einen Tag inmitten eines der sch\u00f6nsten Schl\u00f6sser Sloweniens.<\/p>\n<p style=\"text-align: center;\">Verbringen Sie ihn auf der Promenade der Geschm\u00e4cker in Sloweniens \u00e4ltester Stadt.<\/p>\n<p style=\"text-align: center;\">Die Ptujer Promenade der Geschm\u00e4cker findet zum dritten Mal auf der Burg Ptuj statt, von wo aus man einen herrlichen Blick auf die Weinberge des Halos, das slowenische Hochland und das Ljutomer-Ormo\u017e-Gebirge hat.<\/p>\n<p style=\"text-align: center;\">_________________<\/p>\n<p style=\"text-align: center;\">WER WIRD DIESEN SAMSTAG MIT UNS AUF DER PTUJ 2022 PROMENADE DES GESCHMACKS SEIN?<\/p>\n<p style=\"text-align: center;\">Achtzehn Spitzenwinzer und zwei kulinarische H\u00e4user sowie eine Verkostung der Sieger des Festivals Salon Sauvignon Ptuj 2022!<\/p>\n<p style=\"text-align: center;\">Mindestens sechzig Weine und mindestens sechs gastronomische Gr\u00fcnde, um an der Promenade der Geschm\u00e4cker Ptuj 2022 teilzunehmen.<\/p>\n<p style=\"text-align: center;\">Erleben Sie die \u00d6nogastronomie in der wundersch\u00f6nen Umgebung des Schlosses Ptuj, in der malerischen \u00e4ltesten Stadt Sloweniens!<\/p>\n<p style=\"text-align: center;\">Das Highlight des Tages: Tadej Vesenjak, der unnachahmliche Liedermacher und Dichter der Jerusalemer Berge.<\/p>\n<p style=\"text-align: center;\">_____________________<\/p>\n<p style=\"text-align: center;\"><strong>KULINAR<\/strong><\/p>\n<p style=\"text-align: center;\">KLEINE K\u00dcCHE<\/p>\n<p style=\"text-align: center;\">INSTITUTE F\u00dcR<\/p>\n<p style=\"text-align: center;\"><strong>\u00a0<\/strong><\/p>\n<p style=\"text-align: center;\"><strong>WINZER<\/strong><\/p>\n<p style=\"text-align: center;\"><strong>\u00a0<\/strong><\/p>\n<p style=\"text-align: center;\"><strong>PTUJ<\/strong><\/p>\n<p style=\"text-align: center;\"><strong>\u00a0<\/strong><\/p>\n<p style=\"text-align: center;\">PTUJSKA KLET<\/p>\n<p style=\"text-align: center;\">SCHULE F\u00dcR WIRTSCHAFT, TOURISMUS UND<\/p>\n<p style=\"text-align: center;\">LANDWIRTSCHAFT PTUJ<\/p>\n<p style=\"text-align: center;\"><strong>SLOWENISCHES HOCHLAND<\/strong><\/p>\n<p style=\"text-align: center;\"><strong>\u00a0<\/strong><\/p>\n<p style=\"text-align: center;\">REFERRAL<\/p>\n<p style=\"text-align: center;\">TOPLAK<\/p>\n<p style=\"text-align: center;\">DER SCHMITT<\/p>\n<p style=\"text-align: center;\">READ MORE<\/p>\n<p style=\"text-align: center;\">PERKO<\/p>\n<p style=\"text-align: center;\">EMIL<\/p>\n<p style=\"text-align: center;\"><strong>CVITANIC<\/strong><\/p>\n<p style=\"text-align: center;\"><strong>\u00a0<\/strong><\/p>\n<p style=\"text-align: center;\"><strong>HALLOSE<\/strong><\/p>\n<p style=\"text-align: center;\"><strong>\u00a0<\/strong><\/p>\n<p style=\"text-align: center;\">FAMILIE<\/p>\n<p style=\"text-align: center;\">HARVEST<\/p>\n<p style=\"text-align: center;\">KRAMER<\/p>\n<p style=\"text-align: center;\">STATERA<\/p>\n<p style=\"text-align: center;\"><strong>JERUSALEMER H\u00dcGEL<\/strong><\/p>\n<p style=\"text-align: center;\"><strong>\u00a0<\/strong><\/p>\n<p style=\"text-align: center;\">PRA-VINO<\/p>\n<p style=\"text-align: center;\">HERGA<\/p>\n<p style=\"text-align: center;\">SHOSTER<\/p>\n<p style=\"text-align: center;\"><strong>RADGONSKO - KAPELSKE GORICE<\/strong><\/p>\n<p style=\"text-align: center;\"><strong>\u00a0<\/strong><\/p>\n<p style=\"text-align: center;\">STEYER<\/p>\n<p style=\"text-align: center;\"><strong>\u00a0<\/strong><\/p>\n<p style=\"text-align: center;\"><strong>OBEN <\/strong><\/p>\n<p style=\"text-align: center;\"><strong>SLOWENISCHES REITEN<\/strong><\/p>\n<p style=\"text-align: center;\"><strong>\u00a0<\/strong><\/p>\n<p style=\"text-align: center;\">UNTERNEHMEN<\/p>\n<p style=\"text-align: center;\"><strong>\u00a0<\/strong><\/p>\n<p style=\"text-align: center;\">EINE SPEZIELLE VERKOSTUNG DER SIEGER DES SALONSAUVIGNON-FESTIVALS DURCH DIE SCHULE F\u00dcR WIRTSCHAFT, TOURISMUS UND LANDWIRTSCHAFT IN PTUJ:<\/p>\n<p style=\"text-align: center;\"><strong>\u00a0<\/strong><\/p>\n<p style=\"text-align: center;\"><strong>CHAMPION <\/strong><\/p>\n<p style=\"text-align: center;\">BRA\u010cKO \/\/ SAUVIGNON 2021 TROCKEN<\/p>\n<p style=\"text-align: center;\"><strong>MEISTER IN DER KATEGORIE DER GEALTERTEN WEINE <\/strong><\/p>\n<p style=\"text-align: center;\">LEBER \/\/ SAUVIGNON PREMIUM VOM FASS 2017 TROCKEN<\/p>\n<p style=\"text-align: center;\"><strong>MEISTER IN DER KATEGORIE CABERNET SAUVIGNON <\/strong><\/p>\n<p style=\"text-align: center;\">KELLER BRDA \/\/ CABERNET SAUVIGNON BAGUERI 2017 TROCKEN<\/p>\n<p style=\"text-align: center;\"><strong>\u00a0<\/strong><\/p>\n<p style=\"text-align: center;\"><strong>OLJARJA<\/strong><\/p>\n<p style=\"text-align: center;\">CAROLEA PRIMA<\/p>\n<p style=\"text-align: center;\">\u0160TUMPERGER<\/p>\n<p style=\"text-align: center;\"><strong>ORGANISATOR<\/strong><\/p>\n<p style=\"text-align: center;\">ITADAKIMASU<\/p>\n<p style=\"text-align: center;\"><strong>MITORGANISIERT VON<\/strong><\/p>\n<p style=\"text-align: center;\">PTUJ - REGIONALMUSEUM ORMO\u017d<\/p>\n<p style=\"text-align: center;\">PTUJ INSTITUT F\u00dcR TOURISMUS<\/p>\n<p style=\"text-align: center;\"><strong>\u00a0<\/strong><\/p>\n<p style=\"text-align: center;\"><strong>SPENDER<\/strong><\/p>\n<p style=\"text-align: center;\">MESSER SLOVENIJA<\/p>\n<p style=\"text-align: center;\"><strong>PARTNER <\/strong><\/p>\n<p style=\"text-align: center;\">WINZER, GASTRONOMISCHE H\u00c4USER, VERBAND DER LANDJUGEND DER UNTEREN SUBREGION, SCHULE F\u00dcR WIRTSCHAFT, TOURISMUS UND LANDWIRTSCHAFT PTUJ LANDWIRTSCHAFTLICHES FORSTINSTITUT PTUJ<\/p>\n<p style=\"text-align: center;\"><strong>DIE VERANSTALTUNG FINDET UNTER DER SCHIRMHERRSCHAFT DES FESTIVALS STATT <\/strong><\/p>\n<p style=\"text-align: center;\">DER SALON SAUVIGNON<\/p>\n<p style=\"text-align: center;\"><strong>\u00a0<\/strong><\/p>\n<p style=\"text-align: center;\"><strong>\u00a0<\/strong><\/p>\n<p style=\"text-align: center;\"><strong>https:\/\/salonsauvignon.eu<\/strong><\/p>\n<p style=\"text-align: center;\"><strong>https:\/\/www.facebook.com\/salonsauvignon <\/strong><\/p>\n<p style=\"text-align: center;\">___________<\/p>\n<p>Was beinhaltet das Ticket f\u00fcr 18 \u20ac?<\/p>\n<p style=\"text-align: center;\">- Verkostung von \u00fcber sechzig Spitzenweinen,<br \/>\n- ein Degustationsglas mit dem Logo des Salon Sauvignon,<\/p>\n<p style=\"text-align: center;\">- ein Kleiderb\u00fcgel<\/p>\n<p style=\"text-align: center;\">- Konzert von Tadeje VESENJAK, Liedermacher aus Jeruzalemskie gorice.<\/p>\n<p style=\"text-align: center;\">Mehr \u00fcber die Promenade der Geschm\u00e4cker erfahren Sie auf der FB-Veranstaltung<\/p>\n<p style=\"text-align: center;\"><a href=\"https:\/\/www.facebook.com\/events\/2053397331536448\/?ref=newsfeed\" target=\"_blank\" rel=\"noopener\">https:\/\/www.facebook.com\/events\/2053397331536448\/?ref=newsfeed<\/a><\/p>\n<p style=\"text-align: center;\">wo Sie auch Tickets zum Vorverkaufspreis von 16 EUR buchen k\u00f6nnen.<\/p>\n<p>Wenn Ihnen die Veranstaltung gef\u00e4llt, teilen Sie sie und laden Sie Ihre Freunde, Bekannten, Freunde von Ihnen, Freunde von Ihnen, Freunde von Ihnen, Freunde von Ihnen, Freunde von Ihnen, Freunde von Ihnen, Freunde von Ihnen, Freunde von Ihnen ein.<\/p>\n<p style=\"text-align: center;\">Werkzeuge, Gesch\u00e4ftspartner.<\/p>\n<p style=\"text-align: center;\">Lasst uns an diesem Samstag im September eine tolle Zeit auf der Burg Ptuj verbringen!<\/p>\n<p>Wir werden uns bei jedem Wetter auf der Burg Ptuj aufhalten.<\/p>\n<p style=\"text-align: center;\">@pokrajinski.muzej.ptuj.ormoz @visitptuj<\/p>\n<p>&nbsp;<\/p>\n<p style=\"text-align: center;\">@SteyerVina<\/p>\n<p style=\"text-align: center;\">","protected":false},"excerpt":{"rendered":"<p>\u00a0 \"Wir glauben, dass der Wein die Krone der Natur ist. Wein zu machen ist eine Herausforderung, die mit einem zufriedenen Gesichtsausdruck des Trinkers belohnt wird. Es ist ein Vergn\u00fcgen, neue Menschen kennen zu lernen, die uns den Willen, die Freude und den Antrieb geben, noch besser zu werden und immer wieder dar\u00fcber nachzudenken, was wir noch anbieten oder was wir Neues entwickeln k\u00f6nnen. Unsere Weine k\u00f6nnen auch genossen werden [...]<\/p>","protected":false},"author":3,"featured_media":7778,"comment_status":"closed","ping_status":"closed","sticky":false,"template":"","format":"standard","meta":{"_jetpack_memberships_contains_paid_content":false,"footnotes":"","jetpack_publicize_message":"","jetpack_publicize_feature_enabled":true,"jetpack_social_post_already_shared":false,"jetpack_social_options":{"image_generator_settings":{"template":"highway","enabled":false},"version":2},"_wpscppro_custom_social_share_image":0,"_facebook_share_type":"","_twitter_share_type":"","_linkedin_share_type":"","_pinterest_share_type":"","_linkedin_share_type_page":"","_instagram_share_type":"","_selected_social_profile":[]},"categories":[63,47],"tags":[],"class_list":["post-7774","post","type-post","status-publish","format-standard","has-post-thumbnail","hentry","category-vinarji","category-novice"],"jetpack_publicize_connections":[],"jetpack_featured_media_url":"https:\/\/salonsauvignon.eu\/wp-content\/uploads\/2022\/08\/E-5.jpg","jetpack_sharing_enabled":true,"_links":{"self":[{"href":"https:\/\/salonsauvignon.eu\/ger\/wp-json\/wp\/v2\/posts\/7774","targetHints":{"allow":["GET"]}}],"collection":[{"href":"https:\/\/salonsauvignon.eu\/ger\/wp-json\/wp\/v2\/posts"}],"about":[{"href":"https:\/\/salonsauvignon.eu\/ger\/wp-json\/wp\/v2\/types\/post"}],"author":[{"embeddable":true,"href":"https:\/\/salonsauvignon.eu\/ger\/wp-json\/wp\/v2\/users\/3"}],"replies":[{"embeddable":true,"href":"https:\/\/salonsauvignon.eu\/ger\/wp-json\/wp\/v2\/comments?post=7774"}],"version-history":[{"count":3,"href":"https:\/\/salonsauvignon.eu\/ger\/wp-json\/wp\/v2\/posts\/7774\/revisions"}],"predecessor-version":[{"id":7781,"href":"https:\/\/salonsauvignon.eu\/ger\/wp-json\/wp\/v2\/posts\/7774\/revisions\/7781"}],"wp:featuredmedia":[{"embeddable":true,"href":"https:\/\/salonsauvignon.eu\/ger\/wp-json\/wp\/v2\/media\/7778"}],"wp:attachment":[{"href":"https:\/\/salonsauvignon.eu\/ger\/wp-json\/wp\/v2\/media?parent=7774"}],"wp:term":[{"taxonomy":"category","embeddable":true,"href":"https:\/\/salonsauvignon.eu\/ger\/wp-json\/wp\/v2\/categories?post=7774"},{"taxonomy":"post_tag","embeddable":true,"href":"https:\/\/salonsauvignon.eu\/ger\/wp-json\/wp\/v2\/tags?post=7774"}],"curies":[{"name":"wp","href":"https:\/\/api.w.org\/{rel}","templated":true}]}}