{"id":7800,"date":"2022-08-29T12:38:06","date_gmt":"2022-08-29T10:38:06","guid":{"rendered":"https:\/\/salonsauvignon.eu\/?p=7800"},"modified":"2022-08-29T12:40:18","modified_gmt":"2022-08-29T10:40:18","slug":"oljarna-stumperger-na-promenadi-okusov-ptuj-2022","status":"publish","type":"post","link":"https:\/\/salonsauvignon.eu\/ger\/olraffinerie-stumper-auf-promenade-okusov-ptuj-2022\/","title":{"rendered":"\u0160TUMPERGER \u00d6LM\u00dcHLE AUF DER PTUJER PROMENADE DER GESCHMACKSRICHTUNGEN 2022"},"content":{"rendered":"<p><img fetchpriority=\"high\" decoding=\"async\" class=\"alignnone wp-image-7801 aligncenter\" src=\"https:\/\/salonsauvignon.eu\/wp-content\/uploads\/2022\/08\/AA-300x159.png\" alt=\"\" width=\"630\" height=\"334\"><\/p>\n<p style=\"text-align: center;\"><strong>\/\/ SAMSTAG, 3. SEPTEMBER 2022, 14:00 - 20:00 \/\/ OBERER HOF DES SCHLOSSES PTUJ \/\/<\/strong><\/p>\n<p style=\"text-align: center;\">\"Wir sind eine \u00d6lm\u00fchle mit einer 70-j\u00e4hrigen Familientradition.<\/p>\n<p style=\"text-align: center;\">Wir befinden uns in Ro\u0161nja in der Region Drava.<\/p>\n<p style=\"text-align: center;\">Im Jahr 2020 wurde die M\u00fchle vollst\u00e4ndig renoviert und in die H\u00e4nde der dritten Generation \u00fcbergeben.<\/p>\n<p style=\"text-align: center;\">Wir haben auch unsere Produktpalette aufgefrischt. Wir sind die Ersten in der Welt der K\u00fcrbis\u00f6lproduktion, die ihren Kunden eine besondere Auswahl an \"GOLICA DE LUXE\" anbieten, ein K\u00fcrbis\u00f6l in limitierter Auflage, das nur aus K\u00fcrbiskernen der einheimischen slowenischen Sorte SLOVENSKA GOLICA hergestellt wird.<\/p>\n<p style=\"text-align: center;\">Wir freuen uns auf die Promenade der Geschm\u00e4cker auf Schloss Ptuj, wo wir Ihnen unsere Produkte vorstellen werden\".<\/p>\n<p style=\"text-align: center;\">_________________<\/p>\n<p style=\"text-align: center;\">Verbringen Sie einen Tag inmitten eines der sch\u00f6nsten Schl\u00f6sser Sloweniens.<\/p>\n<p style=\"text-align: center;\">Verbringen Sie ihn auf der Promenade der Geschm\u00e4cker in Sloweniens \u00e4ltester Stadt.<\/p>\n<p style=\"text-align: center;\">Die Ptujer Promenade der Geschm\u00e4cker findet zum dritten Mal auf der Burg Ptuj statt, von wo aus man einen herrlichen Blick auf die Weinberge des Halos, das slowenische Hochland und das Ljutomer-Ormo\u017e-Gebirge hat.<\/p>\n<p style=\"text-align: center;\">_________________<\/p>\n<p style=\"text-align: center;\">WER WIRD DIESEN SAMSTAG MIT UNS AUF DER PTUJ 2022 PROMENADE DES GESCHMACKS SEIN?<\/p>\n<p style=\"text-align: center;\">Achtzehn Spitzenwinzer und zwei kulinarische H\u00e4user sowie eine Verkostung der Sieger des Festivals Salon Sauvignon Ptuj 2022!<\/p>\n<p style=\"text-align: center;\">Mindestens sechzig Weine und mindestens sechs gastronomische Gr\u00fcnde, um an der Promenade der Geschm\u00e4cker Ptuj 2022 teilzunehmen.<\/p>\n<p style=\"text-align: center;\">Erleben Sie die \u00d6nogastronomie in der wundersch\u00f6nen Umgebung des Schlosses Ptuj, in der malerischen \u00e4ltesten Stadt Sloweniens!<\/p>\n<p style=\"text-align: center;\">Das Highlight des Tages: Tadej Vesenjak, der unnachahmliche Liedermacher und Dichter der Jerusalemer Berge.<\/p>\n<p style=\"text-align: center;\">_____________________<\/p>\n<p style=\"text-align: center;\"><strong>KULINAR<\/strong><\/p>\n<p style=\"text-align: center;\">KLEINE K\u00dcCHE<\/p>\n<p style=\"text-align: center;\">INSTITUTE F\u00dcR<\/p>\n<p style=\"text-align: center;\"><strong>\u00a0<\/strong><\/p>\n<p style=\"text-align: center;\"><strong>WINZER<\/strong><\/p>\n<p style=\"text-align: center;\"><strong>\u00a0<\/strong><\/p>\n<p style=\"text-align: center;\"><strong>PTUJ<\/strong><\/p>\n<p style=\"text-align: center;\"><strong>\u00a0<\/strong><\/p>\n<p style=\"text-align: center;\">PTUJSKA KLET<\/p>\n<p style=\"text-align: center;\">SCHULE F\u00dcR WIRTSCHAFT, TOURISMUS UND<\/p>\n<p style=\"text-align: center;\">LANDWIRTSCHAFT PTUJ<\/p>\n<p style=\"text-align: center;\"><strong>SLOWENISCHES HOCHLAND<\/strong><\/p>\n<p style=\"text-align: center;\"><strong>\u00a0<\/strong><\/p>\n<p style=\"text-align: center;\">REFERRAL<\/p>\n<p style=\"text-align: center;\">TOPLAK<\/p>\n<p style=\"text-align: center;\">DER SCHMITT<\/p>\n<p style=\"text-align: center;\">READ MORE<\/p>\n<p style=\"text-align: center;\">PERKO<\/p>\n<p style=\"text-align: center;\">EMIL<\/p>\n<p style=\"text-align: center;\"><strong>CVITANIC<\/strong><\/p>\n<p style=\"text-align: center;\"><strong>\u00a0<\/strong><\/p>\n<p style=\"text-align: center;\"><strong>HALLOSE<\/strong><\/p>\n<p style=\"text-align: center;\"><strong>\u00a0<\/strong><\/p>\n<p style=\"text-align: center;\">FAMILIE<\/p>\n<p style=\"text-align: center;\">HARVEST<\/p>\n<p style=\"text-align: center;\">KRAMER<\/p>\n<p style=\"text-align: center;\">STATERA<\/p>\n<p style=\"text-align: center;\"><strong>JERUSALEMER H\u00dcGEL<\/strong><\/p>\n<p style=\"text-align: center;\"><strong>\u00a0<\/strong><\/p>\n<p style=\"text-align: center;\">PRA-VINO<\/p>\n<p style=\"text-align: center;\">HERGA<\/p>\n<p style=\"text-align: center;\">SHOSTER<\/p>\n<p style=\"text-align: center;\"><strong>RADGONSKO - KAPELSKE GORICE<\/strong><\/p>\n<p style=\"text-align: center;\"><strong>\u00a0<\/strong><\/p>\n<p style=\"text-align: center;\">STEYER<\/p>\n<p style=\"text-align: center;\"><strong>\u00a0<\/strong><\/p>\n<p style=\"text-align: center;\"><strong>OBEN <\/strong><\/p>\n<p style=\"text-align: center;\"><strong>SLOWENISCHES REITEN<\/strong><\/p>\n<p style=\"text-align: center;\"><strong>\u00a0<\/strong><\/p>\n<p style=\"text-align: center;\">UNTERNEHMEN<\/p>\n<p style=\"text-align: center;\"><strong>\u00a0<\/strong><\/p>\n<p style=\"text-align: center;\">EINE SPEZIELLE VERKOSTUNG DER SIEGER DES SALONSAUVIGNON-FESTIVALS DURCH DIE SCHULE F\u00dcR WIRTSCHAFT, TOURISMUS UND LANDWIRTSCHAFT IN PTUJ:<\/p>\n<p style=\"text-align: center;\"><strong>\u00a0<\/strong><\/p>\n<p style=\"text-align: center;\"><strong>CHAMPION <\/strong><\/p>\n<p style=\"text-align: center;\">BRA\u010cKO \/\/ SAUVIGNON 2021 TROCKEN<\/p>\n<p style=\"text-align: center;\"><strong>MEISTER IN DER KATEGORIE DER GEALTERTEN WEINE <\/strong><\/p>\n<p style=\"text-align: center;\">LEBER \/\/ SAUVIGNON PREMIUM VOM FASS 2017 TROCKEN<\/p>\n<p style=\"text-align: center;\"><strong>MEISTER IN DER KATEGORIE CABERNET SAUVIGNON <\/strong><\/p>\n<p style=\"text-align: center;\">KELLER BRDA \/\/ CABERNET SAUVIGNON BAGUERI 2017 TROCKEN<\/p>\n<p style=\"text-align: center;\"><strong>\u00a0<\/strong><\/p>\n<p style=\"text-align: center;\"><strong>OLJARJA<\/strong><\/p>\n<p style=\"text-align: center;\">CAROLEA PRIMA<\/p>\n<p style=\"text-align: center;\">\u0160TUMPERGER<\/p>\n<p style=\"text-align: center;\"><strong>ORGANISATOR<\/strong><\/p>\n<p style=\"text-align: center;\">ITADAKIMASU<\/p>\n<p style=\"text-align: center;\"><strong>MITORGANISIERT VON<\/strong><\/p>\n<p style=\"text-align: center;\">PTUJ - REGIONALMUSEUM ORMO\u017d<\/p>\n<p style=\"text-align: center;\">PTUJ INSTITUT F\u00dcR TOURISMUS<\/p>\n<p style=\"text-align: center;\"><strong>\u00a0<\/strong><\/p>\n<p style=\"text-align: center;\"><strong>SPENDER<\/strong><\/p>\n<p style=\"text-align: center;\">MESSER SLOVENIJA<\/p>\n<p style=\"text-align: center;\"><strong>PARTNER <\/strong><\/p>\n<p style=\"text-align: center;\">WINZER, GASTRONOMISCHE H\u00c4USER, VERBAND DER LANDJUGEND DER UNTEREN SUBREGION, SCHULE F\u00dcR WIRTSCHAFT, TOURISMUS UND LANDWIRTSCHAFT PTUJ LANDWIRTSCHAFTLICHES FORSTINSTITUT PTUJ<\/p>\n<p style=\"text-align: center;\"><strong>DIE VERANSTALTUNG FINDET UNTER DER SCHIRMHERRSCHAFT DES FESTIVALS STATT <\/strong><\/p>\n<p style=\"text-align: center;\">DER SALON SAUVIGNON<\/p>\n<p style=\"text-align: center;\"><strong>\u00a0<\/strong><\/p>\n<p style=\"text-align: center;\"><strong>\u00a0<\/strong><\/p>\n<p style=\"text-align: center;\"><strong>https:\/\/salonsauvignon.eu<\/strong><\/p>\n<p style=\"text-align: center;\"><strong>https:\/\/www.facebook.com\/salonsauvignon <\/strong><\/p>\n<p style=\"text-align: center;\">___________<\/p>\n<p>Was beinhaltet das Ticket f\u00fcr 18 \u20ac?<\/p>\n<p style=\"text-align: center;\">- Verkostung von \u00fcber sechzig Spitzenweinen,<br \/>\n- ein Degustationsglas mit dem Logo des Salon Sauvignon,<\/p>\n<p style=\"text-align: center;\">- ein Kleiderb\u00fcgel<\/p>\n<p style=\"text-align: center;\">- Konzert von Tadeje VESENJAK, Liedermacher aus Jeruzalemskie gorice.<\/p>\n<p style=\"text-align: center;\">Mehr \u00fcber die Promenade der Geschm\u00e4cker erfahren Sie auf der FB-Veranstaltung<\/p>\n<p style=\"text-align: center;\"><a href=\"https:\/\/www.facebook.com\/events\/2053397331536448\/?ref=newsfeed\" target=\"_blank\" rel=\"noopener\">https:\/\/www.facebook.com\/events\/2053397331536448\/?ref=newsfeed<\/a><\/p>\n<p style=\"text-align: center;\">wo Sie auch Tickets zum Vorverkaufspreis von 16 EUR buchen k\u00f6nnen.<\/p>\n<p>Wenn Ihnen die Veranstaltung gef\u00e4llt, teilen Sie sie und laden Sie Ihre Freunde, Bekannten, Verwandten und Gesch\u00e4ftspartner ein.<\/p>\n<p style=\"text-align: center;\">Lasst uns an diesem Samstag im September eine tolle Zeit auf der Burg Ptuj verbringen!<\/p>\n<p>Wir werden uns bei jedem Wetter auf der Burg Ptuj aufhalten.<\/p>\n<p style=\"text-align: center;\">@pokrajinski.muzej.ptuj.ormoz @visitptuj<\/p>\n<p style=\"text-align: center;\">#PTromenadaokusov #SalonSauvignon #ZavodzaturizemPtuj #Ptuj #visitptuj<\/p>\n<p style=\"text-align: center;\">1TP4Prag und mediterraner Tourismus #ourismus 1TP4Wein 1TP4Kulinarisches #enogastronomie 1TP4Kulinarische Kunst 1TP4Verkostung #enologie<\/p>\n<p style=\"text-align: center;\">#winetasting #promenaden #Vereine #Sozialisierung #Steiermark #Slowakei #MStadtbergPtuj #Slovenskoegorice #Haloze #Delatissatsocherihgri\u010dev #Jerusalemskegorice #Ljutomerskoormo\u0161kegorice #TadejVesenjak 1TP4Musik<\/p>\n<p style=\"text-align: center;\">#kantavtor #oljarna\u0160tumperger<\/p>\n<p style=\"text-align: center;\">","protected":false},"excerpt":{"rendered":"<p>\/\/ SAMSTAG, 3. SEPTEMBER 2022, 14:00 - 20:00 \/\/ OBERES GERICHT VON PTUJSKEGA GRAD \/\/ \"Wir sind eine \u00d6lm\u00fchle mit einer 70-j\u00e4hrigen Familientradition. Wir befinden uns in Ro\u0161nja in der Region Drava. Im Jahr 2020 wurde die \u00d6lm\u00fchle vollst\u00e4ndig renoviert und gleichzeitig in die H\u00e4nde der dritten Generation \u00fcbergeben. Wir haben auch unsere Produktpalette aufgefrischt. Als erste [...]<\/p>","protected":false},"author":3,"featured_media":0,"comment_status":"closed","ping_status":"closed","sticky":false,"template":"","format":"standard","meta":{"_jetpack_memberships_contains_paid_content":false,"footnotes":"","jetpack_publicize_message":"","jetpack_publicize_feature_enabled":true,"jetpack_social_post_already_shared":false,"jetpack_social_options":{"image_generator_settings":{"template":"highway","enabled":false},"version":2},"_wpscppro_custom_social_share_image":0,"_facebook_share_type":"","_twitter_share_type":"","_linkedin_share_type":"","_pinterest_share_type":"","_linkedin_share_type_page":"","_instagram_share_type":"","_selected_social_profile":[]},"categories":[47],"tags":[],"class_list":["post-7800","post","type-post","status-publish","format-standard","hentry","category-novice"],"jetpack_publicize_connections":[],"jetpack_featured_media_url":"","jetpack_sharing_enabled":true,"_links":{"self":[{"href":"https:\/\/salonsauvignon.eu\/ger\/wp-json\/wp\/v2\/posts\/7800","targetHints":{"allow":["GET"]}}],"collection":[{"href":"https:\/\/salonsauvignon.eu\/ger\/wp-json\/wp\/v2\/posts"}],"about":[{"href":"https:\/\/salonsauvignon.eu\/ger\/wp-json\/wp\/v2\/types\/post"}],"author":[{"embeddable":true,"href":"https:\/\/salonsauvignon.eu\/ger\/wp-json\/wp\/v2\/users\/3"}],"replies":[{"embeddable":true,"href":"https:\/\/salonsauvignon.eu\/ger\/wp-json\/wp\/v2\/comments?post=7800"}],"version-history":[{"count":3,"href":"https:\/\/salonsauvignon.eu\/ger\/wp-json\/wp\/v2\/posts\/7800\/revisions"}],"predecessor-version":[{"id":7805,"href":"https:\/\/salonsauvignon.eu\/ger\/wp-json\/wp\/v2\/posts\/7800\/revisions\/7805"}],"wp:attachment":[{"href":"https:\/\/salonsauvignon.eu\/ger\/wp-json\/wp\/v2\/media?parent=7800"}],"wp:term":[{"taxonomy":"category","embeddable":true,"href":"https:\/\/salonsauvignon.eu\/ger\/wp-json\/wp\/v2\/categories?post=7800"},{"taxonomy":"post_tag","embeddable":true,"href":"https:\/\/salonsauvignon.eu\/ger\/wp-json\/wp\/v2\/tags?post=7800"}],"curies":[{"name":"wp","href":"https:\/\/api.w.org\/{rel}","templated":true}]}}