{"id":7835,"date":"2022-09-04T11:30:15","date_gmt":"2022-09-04T09:30:15","guid":{"rendered":"https:\/\/salonsauvignon.eu\/?p=7835"},"modified":"2022-09-04T11:30:15","modified_gmt":"2022-09-04T09:30:15","slug":"hisa-lisjak-na-promenadi-okusov-celje-2022","status":"publish","type":"post","link":"https:\/\/salonsauvignon.eu\/ger\/hisa-lisjak-auf-der-promenade-der-appetizer-insgesamt-2022\/","title":{"rendered":"FOX HOUSE AUF DER PROMENADE DER GESCHMACKSRICHTUNGEN CELJE 2022"},"content":{"rendered":"<figure id=\"attachment_7836\" aria-describedby=\"caption-attachment-7836\" style=\"width: 845px\" class=\"wp-caption alignnone\"><img fetchpriority=\"high\" decoding=\"async\" class=\"wp-image-7836 aligncenter\" src=\"https:\/\/salonsauvignon.eu\/wp-content\/uploads\/2022\/09\/B-300x200.jpg\" alt=\"\" width=\"845\" height=\"563\" srcset=\"https:\/\/salonsauvignon.eu\/wp-content\/uploads\/2022\/09\/B-300x200.jpg 300w, https:\/\/salonsauvignon.eu\/wp-content\/uploads\/2022\/09\/B-600x399.jpg 600w, https:\/\/salonsauvignon.eu\/wp-content\/uploads\/2022\/09\/B-1024x682.jpg 1024w, https:\/\/salonsauvignon.eu\/wp-content\/uploads\/2022\/09\/B-768x511.jpg 768w, https:\/\/salonsauvignon.eu\/wp-content\/uploads\/2022\/09\/B-18x12.jpg 18w, https:\/\/salonsauvignon.eu\/wp-content\/uploads\/2022\/09\/B.jpg 1080w\" sizes=\"(max-width: 845px) 100vw, 845px\" \/><figcaption id=\"caption-attachment-7836\" class=\"wp-caption-text\">Saso Novoselic<\/figcaption><\/figure>\n<p style=\"text-align: center;\">\/\/ 10. SEPTEMBER 2022 \/\/ 14:00 - 20:00 \/\/ ALTSTADT \/\/<\/p>\n<p style=\"text-align: center;\">\n<p style=\"text-align: center;\">\"Der Fuchsbau ist nach Celje gekommen!<\/p>\n<p style=\"text-align: center;\">\n<p style=\"text-align: center;\">Nach den Erfolgen in Tabor, wo wir zwei Standorte mit B\u00f6cken - Na jasi und Kozolec pri rybniku - und das Caf\u00e9 Lisjak haben, und in Vransko, wo sich das Restaurant Pri mamici befindet, haben wir beschlossen, dass wir uns auch in Celje, der Hauptstadt der Tschechischen Republik, bemerkbar machen m\u00fcssen.<\/p>\n<p style=\"text-align: center;\">\n<p style=\"text-align: center;\">Wir laden Sie zu Lisjak Celjski ein!<\/p>\n<p style=\"text-align: center;\">\n<p style=\"text-align: center;\">Im legend\u00e4ren alten Merx werden im Caf\u00e9 Kaffee, Fr\u00fchst\u00fcck und hausgemachte Kuchen serviert, im Restaurant gibt es mittags A'la carte-Gerichte und w\u00f6chentliche Mittagsgerichte.<\/p>\n<p style=\"text-align: center;\">\n<p style=\"text-align: center;\">Erinnern Sie sich noch an das hausgemachte Tartar Biftek, f\u00fcr das Merx ber\u00fchmt war? Die Lisjaks bereiten es so zu, wie es zubereitet werden sollte, mit einer breiten Palette von Zutaten, die in einem guten Tartar nicht fehlen d\u00fcrfen, und servieren es vor den Augen der G\u00e4ste.<\/p>\n<p style=\"text-align: center;\">\n<p style=\"text-align: center;\">An Pasta-, Fleisch- und Fischgerichten mangelt es uns nicht, und auch bei vegetarischen und veganen Optionen sind wir sehr flexibel.<\/p>\n<p style=\"text-align: center;\">\n<p style=\"text-align: center;\">Das Ambiente von Lisjak Celjski setzt dem Ganzen noch das Sahneh\u00e4ubchen auf, denn hier k\u00f6nnen Sie sich wirklich entspannen und mit Ihrer Begleitung Spa\u00df haben. \u00dcberzeugen Sie sich selbst. Sie finden uns in der Ljubljanska cesta 39, im Geb\u00e4ude des Hotels Faraon.<\/p>\n<p style=\"text-align: center;\">\n<p style=\"text-align: center;\">Wir treffen uns auf der Promenade der Geschm\u00e4cker in Celje, auf die wir uns schon sehr freuen!\"<\/p>\n<p style=\"text-align: center;\">\n<p style=\"text-align: center;\">Erfahren Sie mehr \u00fcber Fox House auf:<\/p>\n<p style=\"text-align: center;\">\n<p style=\"text-align: center;\"><a href=\"https:\/\/www.facebook.com\/HisaLisjak\/\" target=\"_blank\" rel=\"noopener\">https:\/\/www.facebook.com\/HisaLisjak\/<\/a><\/p>\n<p style=\"text-align: center;\"><a href=\"http:\/\/www.hisa-lisjak.si\/\" target=\"_blank\" rel=\"noopener\">http:\/\/www.hisa-lisjak.si\/<\/a><\/p>\n<p style=\"text-align: center;\">\n<p style=\"text-align: center;\">\n<p style=\"text-align: center;\">Autor der Fotos Sa\u0161o Novoseli\u010d<\/p>\n<p style=\"text-align: center;\">\n<p style=\"text-align: center;\">\n<p style=\"text-align: center;\">\n<figure id=\"attachment_7837\" aria-describedby=\"caption-attachment-7837\" style=\"width: 684px\" class=\"wp-caption alignnone\"><img decoding=\"async\" class=\"wp-image-7837\" src=\"https:\/\/salonsauvignon.eu\/wp-content\/uploads\/2022\/09\/G-300x199.jpg\" alt=\"\" width=\"684\" height=\"454\" srcset=\"https:\/\/salonsauvignon.eu\/wp-content\/uploads\/2022\/09\/G-300x199.jpg 300w, https:\/\/salonsauvignon.eu\/wp-content\/uploads\/2022\/09\/G-600x399.jpg 600w, https:\/\/salonsauvignon.eu\/wp-content\/uploads\/2022\/09\/G-1024x681.jpg 1024w, https:\/\/salonsauvignon.eu\/wp-content\/uploads\/2022\/09\/G-768x511.jpg 768w, https:\/\/salonsauvignon.eu\/wp-content\/uploads\/2022\/09\/G-18x12.jpg 18w, https:\/\/salonsauvignon.eu\/wp-content\/uploads\/2022\/09\/G.jpg 1080w\" sizes=\"(max-width: 684px) 100vw, 684px\" \/><figcaption id=\"caption-attachment-7837\" class=\"wp-caption-text\">Saso Novoselic<\/figcaption><\/figure>\n<p style=\"text-align: center;\">_____________________<\/p>\n<p style=\"text-align: center;\">\n<p style=\"text-align: center;\">\n<p style=\"text-align: center;\">Wir laden Sie herzlich ein, am Samstag, den 10. September, eine der malerischsten Innenst\u00e4dte Sloweniens zu besuchen - die Celje 2022 Promenade der Geschm\u00e4cker, zu einer Zeit, in der die Weinberge rund um die Stadt nach der S\u00fc\u00dfe reifer Trauben duften.<\/p>\n<p style=\"text-align: center;\">\n<p style=\"text-align: center;\">An diesem Samstag werden wir von 14 Uhr bis zum Sonnenuntergang um 20 Uhr die F\u00fcrstenstadt mit einem Glas Wein in der Hand erkunden.<\/p>\n<p style=\"text-align: center;\">\n<p style=\"text-align: center;\">Was bietet die Promenade der Geschm\u00e4cker Celje 2022?<\/p>\n<p style=\"text-align: center;\">\n<p style=\"text-align: center;\">- Spitzenweine aus den Weinbergen rund um Celje, aus der Steiermark und aus Slowenien.<br \/>\n- feine K\u00fcche aus den gastronomischen H\u00e4usern von Celje.<br \/>\n- geselliges Beisammensein und Erkundung des malerischen Stadtzentrums mit einem Glas Wein in der Hand.<\/p>\n<p style=\"text-align: center;\">\n<p style=\"text-align: center;\">Was ist im Ticket f\u00fcr 18 \u20ac enthalten?<\/p>\n<p style=\"text-align: center;\">\n<p style=\"text-align: center;\">- Verkostung von \u00fcber sechzig Spitzenweinen,<br \/>\n- ein Degustationsglas mit dem Logo des Salon Sauvignon,<br \/>\n- Vorh\u00e4ngeschloss.<\/p>\n<p style=\"text-align: center;\">\n<p style=\"text-align: center;\">Mehr \u00fcber die Promenade der Geschm\u00e4cker erfahren Sie auf der FB-Veranstaltung:<\/p>\n<p style=\"text-align: center;\">\n<p style=\"text-align: center;\"><a href=\"https:\/\/www.facebook.com\/events\/1107809909785375\/?ref=newsfeed\" target=\"_blank\" rel=\"noopener\">https:\/\/www.facebook.com\/events\/1107809909785375\/?ref=newsfeed<\/a>,<\/p>\n<p style=\"text-align: center;\">\n<p style=\"text-align: center;\">wo Sie auch Tickets zum Vorverkaufspreis von 16 EUR buchen k\u00f6nnen.<\/p>\n<p style=\"text-align: center;\">\n<p style=\"text-align: center;\">Wenn Ihnen die Veranstaltung gef\u00e4llt, teilen Sie sie und laden Sie Ihre Freunde, Bekannten, Verwandten und Gesch\u00e4ftspartner ein.<\/p>\n<p style=\"text-align: center;\">\n<p style=\"text-align: center;\">M\u00f6gen viele von uns an diesem Samstag in der Stadt des Prinzen sein!<\/p>\n<p style=\"text-align: center;\">\n<p style=\"text-align: center;\">Bei Regen wird die Veranstaltung auf den 24. September 2022 von 14:00 - 20:00 Uhr verschoben.<\/p>\n<p style=\"text-align: center;\">\n<p style=\"text-align: center;\">Organisiert vom Itadakimasu-Institut.<\/p>\n<p style=\"text-align: center;\">\n<p style=\"text-align: center;\">Mitveranstalter ist das Institut Celeia Celje.<\/p>\n<p style=\"text-align: center;\">\n<p style=\"text-align: center;\">Partner: Winzer, Gastronomen, Verein Vin.Ce, Projekt Wein &amp; Kunst.<\/p>\n<p style=\"text-align: center;\">\n<p style=\"text-align: center;\">Die Veranstaltung steht unter der Schirmherrschaft des Festivals Salon Sauvignon.<\/p>\n<p style=\"text-align: center;\">\n<p style=\"text-align: center;\">\n<p style=\"text-align: center;\">Erfahren Sie mehr \u00fcber Celje, die Stadt der Grafen, auf:<\/p>\n<p style=\"text-align: center;\">\n<p style=\"text-align: center;\"><a href=\"https:\/\/www.visitcelje.eu\/sl\/\" target=\"_blank\" rel=\"noopener\">https:\/\/www.visitcelje.eu\/sl\/<\/a><br \/>\n<a href=\"https:\/\/www.facebook.com\/gocelje?__cft__%5B0%5D=AZW-hRdqsLUNujT0gE1DuIckTtNbKbp1UeHsUmma_wT0RxVsVCAwhnZvAbz3RcRw_bGzuz-pBW0dJAUZ90TtScilgGiTRd0YMeqB7TQejpo4kWuQJFKga0L7HYB1sj4-JtI&amp;__tn__=q\" target=\"_blank\" rel=\"noopener\">https:\/\/www.facebook.com\/gocelje\/<\/a><br \/>\n<a href=\"https:\/\/www.facebook.com\/knezjemestocelje\/?__cft__%5B0%5D=AZW-hRdqsLUNujT0gE1DuIckTtNbKbp1UeHsUmma_wT0RxVsVCAwhnZvAbz3RcRw_bGzuz-pBW0dJAUZ90TtScilgGiTRd0YMeqB7TQejpo4kWuQJFKga0L7HYB1sj4-JtI&amp;__tn__=q\" target=\"_blank\" rel=\"noopener\">https:\/\/www.facebook.com\/knezjemestocelje\/<\/a><\/p>\n<p style=\"text-align: center;\">\n<p style=\"text-align: center;\">@vin.ce_favorit<\/p>\n<p style=\"text-align: center;\">@HisaLisjak<\/p>\n<p style=\"text-align: center;\">\n<p style=\"text-align: center;\">\n<p style=\"text-align: center;\">\n<p style=\"text-align: center;\">\n<p style=\"text-align: center;\">","protected":false},"excerpt":{"rendered":"<p>\/\/ 10. SEPTEMBER 2022 \/\/ 14:00 - 20:00 \/\/ ALTSTADTZENTRUM \/\/ \"Das Haus Lisjak ist nach Celje gekommen! Nach den Erfolgsgeschichten in Tabor, wo wir zwei Standorte mit B\u00f6cken haben - Na jasi und Kozolec pri rybniku, sowie das Caf\u00e9 Lisjak, und in Vransko, wo sich das Restaurant Pri mamici befindet, haben wir beschlossen, dass wir [...]<\/p>","protected":false},"author":3,"featured_media":7838,"comment_status":"closed","ping_status":"closed","sticky":false,"template":"","format":"standard","meta":{"_jetpack_memberships_contains_paid_content":false,"footnotes":"","jetpack_publicize_message":"","jetpack_publicize_feature_enabled":true,"jetpack_social_post_already_shared":false,"jetpack_social_options":{"image_generator_settings":{"template":"highway","enabled":false},"version":2},"_wpscppro_custom_social_share_image":0,"_facebook_share_type":"","_twitter_share_type":"","_linkedin_share_type":"","_pinterest_share_type":"","_linkedin_share_type_page":"","_instagram_share_type":"","_selected_social_profile":[]},"categories":[47],"tags":[],"class_list":["post-7835","post","type-post","status-publish","format-standard","has-post-thumbnail","hentry","category-novice"],"jetpack_publicize_connections":[],"jetpack_featured_media_url":"https:\/\/salonsauvignon.eu\/wp-content\/uploads\/2022\/09\/I.jpg","jetpack_sharing_enabled":true,"_links":{"self":[{"href":"https:\/\/salonsauvignon.eu\/ger\/wp-json\/wp\/v2\/posts\/7835","targetHints":{"allow":["GET"]}}],"collection":[{"href":"https:\/\/salonsauvignon.eu\/ger\/wp-json\/wp\/v2\/posts"}],"about":[{"href":"https:\/\/salonsauvignon.eu\/ger\/wp-json\/wp\/v2\/types\/post"}],"author":[{"embeddable":true,"href":"https:\/\/salonsauvignon.eu\/ger\/wp-json\/wp\/v2\/users\/3"}],"replies":[{"embeddable":true,"href":"https:\/\/salonsauvignon.eu\/ger\/wp-json\/wp\/v2\/comments?post=7835"}],"version-history":[{"count":2,"href":"https:\/\/salonsauvignon.eu\/ger\/wp-json\/wp\/v2\/posts\/7835\/revisions"}],"predecessor-version":[{"id":7840,"href":"https:\/\/salonsauvignon.eu\/ger\/wp-json\/wp\/v2\/posts\/7835\/revisions\/7840"}],"wp:featuredmedia":[{"embeddable":true,"href":"https:\/\/salonsauvignon.eu\/ger\/wp-json\/wp\/v2\/media\/7838"}],"wp:attachment":[{"href":"https:\/\/salonsauvignon.eu\/ger\/wp-json\/wp\/v2\/media?parent=7835"}],"wp:term":[{"taxonomy":"category","embeddable":true,"href":"https:\/\/salonsauvignon.eu\/ger\/wp-json\/wp\/v2\/categories?post=7835"},{"taxonomy":"post_tag","embeddable":true,"href":"https:\/\/salonsauvignon.eu\/ger\/wp-json\/wp\/v2\/tags?post=7835"}],"curies":[{"name":"wp","href":"https:\/\/api.w.org\/{rel}","templated":true}]}}