{"id":8651,"date":"2023-04-18T15:16:26","date_gmt":"2023-04-18T13:16:26","guid":{"rendered":"https:\/\/salonsauvignon.eu\/?p=8651"},"modified":"2023-04-18T15:16:26","modified_gmt":"2023-04-18T13:16:26","slug":"kdo-vse-bo-z-nami-2023-2","status":"publish","type":"post","link":"https:\/\/salonsauvignon.eu\/ger\/kdo-vse-bo-z-nami-2023-2\/","title":{"rendered":"KDO VSE BO Z NAMI 2023"},"content":{"rendered":"<p><img fetchpriority=\"high\" decoding=\"async\" class=\"alignnone  wp-image-8652\" src=\"https:\/\/salonsauvignon.eu\/wp-content\/uploads\/2023\/04\/KDO-BO-Z-NAMI-KOLAZ\u030c-SS23-300x300.jpg\" alt=\"\" width=\"707\" height=\"707\" srcset=\"https:\/\/salonsauvignon.eu\/wp-content\/uploads\/2023\/04\/KDO-BO-Z-NAMI-KOLAZ\u030c-SS23-300x300.jpg 300w, https:\/\/salonsauvignon.eu\/wp-content\/uploads\/2023\/04\/KDO-BO-Z-NAMI-KOLAZ\u030c-SS23-100x100.jpg 100w, https:\/\/salonsauvignon.eu\/wp-content\/uploads\/2023\/04\/KDO-BO-Z-NAMI-KOLAZ\u030c-SS23-600x600.jpg 600w, https:\/\/salonsauvignon.eu\/wp-content\/uploads\/2023\/04\/KDO-BO-Z-NAMI-KOLAZ\u030c-SS23-1024x1024.jpg 1024w, https:\/\/salonsauvignon.eu\/wp-content\/uploads\/2023\/04\/KDO-BO-Z-NAMI-KOLAZ\u030c-SS23-150x150.jpg 150w, https:\/\/salonsauvignon.eu\/wp-content\/uploads\/2023\/04\/KDO-BO-Z-NAMI-KOLAZ\u030c-SS23-768x768.jpg 768w, https:\/\/salonsauvignon.eu\/wp-content\/uploads\/2023\/04\/KDO-BO-Z-NAMI-KOLAZ\u030c-SS23-1536x1536.jpg 1536w, https:\/\/salonsauvignon.eu\/wp-content\/uploads\/2023\/04\/KDO-BO-Z-NAMI-KOLAZ\u030c-SS23-12x12.jpg 12w, https:\/\/salonsauvignon.eu\/wp-content\/uploads\/2023\/04\/KDO-BO-Z-NAMI-KOLAZ\u030c-SS23.jpg 2048w\" sizes=\"(max-width: 707px) 100vw, 707px\" \/><\/p>\n<p>&nbsp;<\/p>\n<p><b>SALON SAUVIGNON PTUJ 2023 \/\/ SAMSTAG 22 APRIL 2023 \/\/ 13:00 - 21:00 \/\/ DOMINIKANERKLOSTER PTUJ SLOVENIJA \/\/<\/b><\/p>\n<p>&nbsp;<\/p>\n<p>Kdo vse bo z nami<\/p>\n<p>&nbsp;<\/p>\n<p>&nbsp;<\/p>\n<p>WINZER<\/p>\n<p>&nbsp;<\/p>\n<p><strong>SLOVENIJA<\/strong><\/p>\n<p>&nbsp;<\/p>\n<p><strong>VINORODNA DE\u017dELA PODRAVJE<\/strong><\/p>\n<p>VINORODNI OKOLI\u0160 \u0160TAJERSKA<\/p>\n<p>&nbsp;<\/p>\n<p>PTUJSKA KLET<\/p>\n<p>HARVEST<\/p>\n<p>KRAMER<\/p>\n<p>KOBAL<\/p>\n<p>GROSS<\/p>\n<p>FAMILIE<\/p>\n<p>STATERA<\/p>\n<p>REFERRAL<\/p>\n<p>PERKO<\/p>\n<p>EMIL<\/p>\n<p>KONRAD<\/p>\n<p>KRAJNC<\/p>\n<p>PUKLAVEC FAMILY WINES<\/p>\n<p>MARO<\/p>\n<p>VERUS<\/p>\n<p>HERGA<\/p>\n<p>KRAINZ<\/p>\n<p>FLEISINGER<\/p>\n<p>AVOS<\/p>\n<p>FABIJAN<\/p>\n<p>SENEKOVI\u010c<\/p>\n<p>PLATEIS<\/p>\n<p>BRA\u010cKO<\/p>\n<p>DVERI PAX<\/p>\n<p>FALOT<\/p>\n<p>VALDHUBER<\/p>\n<p>KREN<\/p>\n<p>\u0160ERBINEK<\/p>\n<p>MUKENAUER<\/p>\n<p>GAUBE<\/p>\n<p>VALDHUBER \u010cEH<\/p>\n<p>VINO KU\u0160TER<\/p>\n<p>LEBER<\/p>\n<p>JARC<\/p>\n<p>VRA\u010cKO<\/p>\n<p>HLADE<\/p>\n<p>HORVAT<\/p>\n<p>MERANOVO<\/p>\n<p>VRECL<\/p>\n<p>FRESHER<\/p>\n<p>ZLATI GRI\u010c<\/p>\n<p>UNTERNEHMEN<\/p>\n<p>AVGU\u0160TIN<\/p>\n<p>EMINO<\/p>\n<p>STEYER<\/p>\n<p>RADGONSKE GORICE<\/p>\n<p>&nbsp;<\/p>\n<p>VINORODNI OKOLI\u0160 PREKMURJE<\/p>\n<p>&nbsp;<\/p>\n<p>KRAMPA\u010c<\/p>\n<p>KELENC<\/p>\n<p>&nbsp;<\/p>\n<p><strong>VINORODNA DE\u017dELA POSAVJE<\/strong><\/p>\n<p>VINORODNI OKOLI\u0160 BIZELJSKO-SREMI\u010c<\/p>\n<p>&nbsp;<\/p>\n<p>KR\u0160KO<\/p>\n<p>TAJFL<\/p>\n<p>DULAR<\/p>\n<p>&nbsp;<\/p>\n<p>VINORODNI OKOLI\u0160 DOLENJSKA<\/p>\n<p>&nbsp;<\/p>\n<p>ALBIANA<\/p>\n<p>&nbsp;<\/p>\n<p>VINORODNI OKOLI\u0160 BELA KRAJINA<\/p>\n<p>&nbsp;<\/p>\n<p>METLIKA<\/p>\n<p>\u0160UKLJE<\/p>\n<p>&nbsp;<\/p>\n<p><strong>VINORODNA DE\u017dELA PRIMORSKA<\/strong><\/p>\n<p>&nbsp;<\/p>\n<p>VINORODNI OKOLI\u0160 VIPAVSKA DOLINA<\/p>\n<p>&nbsp;<\/p>\n<p>TILIA<\/p>\n<p>DE ADAMI \/\/ ZALO\u0160\u010cAN<\/p>\n<p>\u017dOR\u017d 1696<\/p>\n<p>BO\u017dI\u010c<\/p>\n<p>ROUNA<\/p>\n<p>MARC<\/p>\n<p>PETRI\u010c<\/p>\n<p>PREGELJC<\/p>\n<p>NA HRIBU<\/p>\n<p>TRO\u0160T<\/p>\n<p>FERVIN<\/p>\n<p>FERJAN\u010cI\u010c<\/p>\n<p>VINORODNI OKOLI\u0160 GORI\u0160KA BRDA<\/p>\n<p>&nbsp;<\/p>\n<p>KLET BRDA<\/p>\n<p>&nbsp;<\/p>\n<p><strong>SRBIJA<\/strong><\/p>\n<p>&nbsp;<\/p>\n<p>TRI MEJE IN OBLAK \/\/ TRI ME\u0110E I OBLAK \/\/ THREE BORDERS AND CLOUD \/\/<\/p>\n<p>&nbsp;<\/p>\n<p><strong>HRVA\u0160KA<\/strong><\/p>\n<p>&nbsp;<\/p>\n<p>KOPJAR<\/p>\n<p>&nbsp;<\/p>\n<p><strong>\u010cE\u0160KA<\/strong><\/p>\n<p>&nbsp;<\/p>\n<p>SCHMIED \u2013 GREAT WINE<\/p>\n<p><strong>\u00a0<\/strong><\/p>\n<p><strong>AVSTRIJA<\/strong><\/p>\n<p>&nbsp;<\/p>\n<p>MUSTER GAMLITZ<\/p>\n<p>&nbsp;<\/p>\n<p>&nbsp;<\/p>\n<p><strong>GASTRONOMI<\/strong><\/p>\n<p>&nbsp;<\/p>\n<p>Luka NOVAK in PERUTNINA PTUJ<\/p>\n<p>gostilna RIBI\u010c<\/p>\n<p>\u010dokoladnica XOCOC<\/p>\n<p>restavracija NOVA RAJNGLA<\/p>\n<p>restavracija SPARGUS<\/p>\n<p>&nbsp;<\/p>\n<p>V sredo vam zaupamo, s kak\u0161nimi gastronomskimi mojstrovinami nas bodo razvajale gastronomske hi\u0161e \u2013 tako vsejede kot vegane \/ vegetarijance.<\/p>\n<p>&nbsp;<\/p>\n<p><strong>RAZSTAVLJALCI<\/strong><\/p>\n<p>&nbsp;<\/p>\n<p>oljarna KOCBEK<\/p>\n<p>oljarna \u0160TUMPERGER<\/p>\n<p>\u0160TOKWENZEL<\/p>\n<p>&nbsp;<\/p>\n<p>Festivalski koncert posve\u010damo biserom slovenske popevke v izvedbi vokaliste Natalije TUMPEJ in pianista Luke ZAVI\u0160I\u010cA.<\/p>\n<p>Razstave: Vino na meji, Vino in umetnost, Zgodbe stolov.<\/p>\n<p>Generalna pokroviteljica festivala je Mestna ob\u010dina Ptuj,<\/p>\n<p>&nbsp;<\/p>\n<p>Festival so sponzorsko podprli STEKLARNA ROGA\u0160KA, PERUTNINA PTUJ in MESSER SLOVENIJA, \u0161tevilni partnerji in donatorji.<\/p>\n<p>&nbsp;<\/p>\n<p>Glavni partner 9. festivala Salon SAUVIGNON PTUJ 2023 je 6. Slovenski vinogradni\u0161ko vinarski kongres.<\/p>\n<p>Folgen, teilen und m\u00f6gen Sie uns auf:<\/p>\n<p>salonsauvignon.eu<\/p>\n<p><a href=\"https:\/\/www.facebook.com\/salonsauvignon?__cft__[0]=AZUHMmUw--hvK-dWXOQnF03V5NOwkxJ4FRW4qqL_cgTuPM9eHCxXInHKp0Cl7y9ISs5KDa8kMP8Vwfik4QTI5ywtqlTCe8VRaAqMMakirQ5prX3e7BQ5CGQJLWIyppOn_QphiDZy-woQG0praCJyQihK&amp;__tn__=-]K-R\" target=\"_blank\" rel=\"noopener\">https:\/\/www.facebook.com\/salonsauvignon\/<\/a><\/p>\n<p>instagram: salonsauvignon2023<\/p>","protected":false},"excerpt":{"rendered":"<p>&nbsp; SALON SAUVIGNON PTUJ 2023 \/\/ V SOBOTO 22. APRILA 2023 \/\/ 13:00 \u2013 21:00 \/\/ DOMINIKANSKI SAMOSTAN PTUJ SLOVENIJA \/\/ &nbsp; Kdo vse bo z nami &nbsp; &nbsp; VINARJI &nbsp; SLOVENIJA &nbsp; VINORODNA DE\u017dELA PODRAVJE VINORODNI OKOLI\u0160 \u0160TAJERSKA &nbsp; PTUJSKA KLET ZAVEC KRAMER KOBAL GROSS FAMILIJA STATERA REBERNI\u0160EK PERKO EMIL KONRAD KRAJNC PUKLAVEC FAMILY [&hellip;]<\/p>","protected":false},"author":2,"featured_media":8652,"comment_status":"closed","ping_status":"closed","sticky":false,"template":"","format":"standard","meta":{"_jetpack_memberships_contains_paid_content":false,"footnotes":"","jetpack_publicize_message":"","jetpack_publicize_feature_enabled":true,"jetpack_social_post_already_shared":false,"jetpack_social_options":{"image_generator_settings":{"template":"highway","enabled":false},"version":2},"_wpscppro_custom_social_share_image":0,"_facebook_share_type":"","_twitter_share_type":"","_linkedin_share_type":"","_pinterest_share_type":"","_linkedin_share_type_page":"","_instagram_share_type":"","_selected_social_profile":[]},"categories":[47,63],"tags":[],"class_list":["post-8651","post","type-post","status-publish","format-standard","has-post-thumbnail","hentry","category-novice","category-vinarji"],"jetpack_publicize_connections":[],"jetpack_featured_media_url":"https:\/\/salonsauvignon.eu\/wp-content\/uploads\/2023\/04\/KDO-BO-Z-NAMI-KOLAZ\u030c-SS23.jpg","jetpack_sharing_enabled":true,"_links":{"self":[{"href":"https:\/\/salonsauvignon.eu\/ger\/wp-json\/wp\/v2\/posts\/8651","targetHints":{"allow":["GET"]}}],"collection":[{"href":"https:\/\/salonsauvignon.eu\/ger\/wp-json\/wp\/v2\/posts"}],"about":[{"href":"https:\/\/salonsauvignon.eu\/ger\/wp-json\/wp\/v2\/types\/post"}],"author":[{"embeddable":true,"href":"https:\/\/salonsauvignon.eu\/ger\/wp-json\/wp\/v2\/users\/2"}],"replies":[{"embeddable":true,"href":"https:\/\/salonsauvignon.eu\/ger\/wp-json\/wp\/v2\/comments?post=8651"}],"version-history":[{"count":1,"href":"https:\/\/salonsauvignon.eu\/ger\/wp-json\/wp\/v2\/posts\/8651\/revisions"}],"predecessor-version":[{"id":8653,"href":"https:\/\/salonsauvignon.eu\/ger\/wp-json\/wp\/v2\/posts\/8651\/revisions\/8653"}],"wp:featuredmedia":[{"embeddable":true,"href":"https:\/\/salonsauvignon.eu\/ger\/wp-json\/wp\/v2\/media\/8652"}],"wp:attachment":[{"href":"https:\/\/salonsauvignon.eu\/ger\/wp-json\/wp\/v2\/media?parent=8651"}],"wp:term":[{"taxonomy":"category","embeddable":true,"href":"https:\/\/salonsauvignon.eu\/ger\/wp-json\/wp\/v2\/categories?post=8651"},{"taxonomy":"post_tag","embeddable":true,"href":"https:\/\/salonsauvignon.eu\/ger\/wp-json\/wp\/v2\/tags?post=8651"}],"curies":[{"name":"wp","href":"https:\/\/api.w.org\/{rel}","templated":true}]}}