{"id":8930,"date":"2023-09-13T11:07:20","date_gmt":"2023-09-13T09:07:20","guid":{"rendered":"https:\/\/salonsauvignon.eu\/?p=8930"},"modified":"2023-09-27T20:50:06","modified_gmt":"2023-09-27T18:50:06","slug":"promenada-okusov-ljubljana-2023","status":"publish","type":"post","link":"https:\/\/salonsauvignon.eu\/ger\/promenade-schonheiten-ljubljana-2023\/","title":{"rendered":"PROMENADE DER GESCHMACKSRICHTUNGEN LJUBLJANA 2023"},"content":{"rendered":"<h3><img fetchpriority=\"high\" decoding=\"async\" class=\"alignnone wp-image-8932 aligncenter\" src=\"https:\/\/salonsauvignon.eu\/wp-content\/uploads\/2023\/09\/LJ-23-BANNER--300x114.jpg\" alt=\"\" width=\"792\" height=\"301\" srcset=\"https:\/\/salonsauvignon.eu\/wp-content\/uploads\/2023\/09\/LJ-23-BANNER--300x114.jpg 300w, https:\/\/salonsauvignon.eu\/wp-content\/uploads\/2023\/09\/LJ-23-BANNER--600x228.jpg 600w, https:\/\/salonsauvignon.eu\/wp-content\/uploads\/2023\/09\/LJ-23-BANNER--1024x390.jpg 1024w, https:\/\/salonsauvignon.eu\/wp-content\/uploads\/2023\/09\/LJ-23-BANNER--768x292.jpg 768w, https:\/\/salonsauvignon.eu\/wp-content\/uploads\/2023\/09\/LJ-23-BANNER--1536x584.jpg 1536w, https:\/\/salonsauvignon.eu\/wp-content\/uploads\/2023\/09\/LJ-23-BANNER--2048x779.jpg 2048w, https:\/\/salonsauvignon.eu\/wp-content\/uploads\/2023\/09\/LJ-23-BANNER--18x7.jpg 18w\" sizes=\"(max-width: 792px) 100vw, 792px\" \/><\/h3>\n<h3 style=\"text-align: center;\"><\/h3>\n<h3 style=\"font-weight: 400; text-align: center;\">SAMSTAG, 28. OKTOBER \/\/ 11:00 - 17:00 \/\/ STARA LJUBLJANA \/\/<\/h3>\n<h4 style=\"text-align: center;\">Mit einem Glas Wein in der Hand erkunden Sie das charmante Stadtzentrum von Ljubljana und probieren das Beste aus dem kulinarischen Slowenien.<\/h4>\n<h4 style=\"text-align: center;\">Sechs hervorragende K\u00f6che aus dem alten Ljubljana, achtzehn Spitzenwinzerfamilien.<\/h4>\n<h4 style=\"text-align: center;\">Eine gastronomische Boutique-Geschichte der slowenischen Hauptstadt, die Sie nicht verpassen d\u00fcrfen!<\/h4>\n<p style=\"font-weight: 400; text-align: center;\">___________<\/p>\n<p style=\"font-weight: 400; text-align: center;\">Vom Rathaus Ljubljanas aus starten wir auf der Promenade der Aromen und spazieren am rechten Ufer der Ljubljanica entlang \u00fcber die \u0160u\u0161tarski-Br\u00fccke zum linken Ufer.<\/p>\n<p style=\"font-weight: 400; text-align: center;\">Unterwegs werden wir in ausgew\u00e4hlten Gastst\u00e4tten die kulinarischen Meisterwerke des Sechs-G\u00e4nge-Men\u00fcs kosten, das speziell f\u00fcr die Promenade der Geschm\u00e4cker zubereitet wurde. Der Chefkoch eines jeden Hauses wird eine kulinarische Kreation anbieten.<\/p>\n<p style=\"font-weight: 400; text-align: center;\">In jedem Restaurant werden drei Winzer aus den drei slowenischen Weinbauregionen zu Gast sein und eine Auswahl an Weinen anbieten - insgesamt \u00fcber f\u00fcnfzig Proben. Zu jedem kulinarischen Gang wird mindestens ein Wein von jedem Winzer empfohlen.<\/p>\n<p style=\"font-weight: 400; text-align: center;\">__________<\/p>\n<h4 style=\"text-align: center;\"><\/h4>\n<h4 style=\"text-align: center;\"><strong>GASTH\u00c4USER<\/strong><\/h4>\n<p style=\"font-weight: 400; text-align: center;\">ERSTES H\u00c4KELN<\/p>\n<p style=\"font-weight: 400; text-align: center;\">CHEF JANEZ BRATOV\u017d ( JB RESTAURANT) GASTGEBER AUF DER TERRASSE DES GLASGESCH\u00c4FTES ROGA\u0160KA \/\/ Mestni trg 22<\/p>\n<p style=\"font-weight: 400; text-align: center;\"><a href=\"https:\/\/jb-slo.com\/\" target=\"_blank\" rel=\"noopener\">https:\/\/jb-slo.com<\/a><\/p>\n<p style=\"font-weight: 400; text-align: center;\"><a href=\"https:\/\/steklarna-rogaska.si\/\" target=\"_blank\" rel=\"noopener\">https:\/\/steklarna-rogaska.si\/<\/a><\/p>\n<p style=\"font-weight: 400; text-align: center;\">ZWEITES CROCHET<\/p>\n<p style=\"font-weight: 400; text-align: center;\">BALTHAZAR RESTAURANT \/\/ Cankarjevo nabre\u017eje 7<\/p>\n<p style=\"font-weight: 400; text-align: center;\"><a href=\"https:\/\/balthazar.si\/\" target=\"_blank\" rel=\"noopener\">https:\/\/balthazar.si\/<\/a><\/p>\n<p style=\"font-weight: 400; text-align: center;\">DRITTER ZIRKEL<\/p>\n<p style=\"font-weight: 400; text-align: center;\">VANDER URBANI RESORT \/\/ Kroja\u0161ka ulica 6<\/p>\n<p style=\"font-weight: 400; text-align: center;\"><a href=\"https:\/\/www.vanderhotel.com\/\" target=\"_blank\" rel=\"noopener\">https:\/\/www.vanderhotel.com\/<\/a><\/p>\n<p style=\"font-weight: 400; text-align: center;\">VIERTES RUNDSCHREIBEN<\/p>\n<p style=\"font-weight: 400; text-align: center;\">ZlATA LADJICA RESTAURANT \/\/ Jur\u010di\u010dev trg 1<\/p>\n<p style=\"font-weight: 400; text-align: center;\"><a href=\"https:\/\/zlataladjica.com\/\" target=\"_blank\" rel=\"noopener\">https:\/\/zlataladjica.com<\/a><\/p>\n<p style=\"font-weight: 400; text-align: center;\">F\u00dcNFTER ZIRKEL<\/p>\n<p style=\"font-weight: 400; text-align: center;\">BREG HOSTEL \/\/ Breg 20<\/p>\n<p style=\"font-weight: 400; text-align: center;\"><a href=\"https:\/\/www.facebook.com\/breg.ljubljana\/\" target=\"_blank\" rel=\"noopener\">https:\/\/www.facebook.com\/breg.ljubljana\/<\/a><\/p>\n<p style=\"font-weight: 400; text-align: center;\">DAS SECHSTE RUNDSCHREIBEN<\/p>\n<p style=\"font-weight: 400; text-align: center;\">YAUYA PATISSERIE LUNCH SHOP \/\/ Breg 12<\/p>\n<p style=\"font-weight: 400; text-align: center;\"><a href=\"http:\/\/www.yauya.si\" target=\"_blank\" rel=\"noopener\">http:\/\/www.yauya.si<\/a><\/p>\n<p style=\"font-weight: 400; text-align: center;\">__________<\/p>\n<p style=\"font-weight: 400; text-align: center;\"><strong>Die Anzahl der kulinarischen Verkostungen ist begrenzt. Beeilen Sie sich also und sichern Sie sich Ihren Platz auf der Promenade der Geschm\u00e4cker in Ljubljana zu den Sonderpreisen des Vorverkaufs!<\/strong><\/p>\n<p style=\"font-weight: 400; text-align: center;\">__________<\/p>\n<h4 style=\"text-align: center;\"><strong>PREISE F\u00dcR VORVERKAUFSVERKOSTUNGEN<\/strong><\/h4>\n<p style=\"font-weight: 400; text-align: center;\"><em><strong>27 Euro<\/strong><\/em><\/p>\n<p style=\"font-weight: 400; text-align: center;\"><em>Verkostung von \u00fcber f\u00fcnfzig Weinen, Degustationsglas mit dem Salon Sauvignon-Logo, Weinregal<\/em><\/p>\n<p style=\"font-weight: 400; text-align: center;\"><em><strong>63 Euro<\/strong><\/em><\/p>\n<p style=\"font-weight: 400; text-align: center;\"><em>Sechs-Stunden-Men\u00fc<\/em><\/p>\n<p style=\"font-weight: 400; text-align: center;\"><em><strong>81 Euro<\/strong><\/em><\/p>\n<p style=\"font-weight: 400; text-align: center;\"><em>Sechs-G\u00e4nge-Degustationsmen\u00fc mit \u00fcber f\u00fcnfzig Weinproben, Degustationsglas mit Salon Sauvignon-Logo, Weinregal<\/em><\/p>\n<p style=\"font-weight: 400; text-align: center;\">Der Vorverkauf l\u00e4uft noch bis Donnerstag, den 26. Oktober, oder bis alle kulinarischen Verkostungen ausverkauft sind.<\/p>\n<p style=\"font-weight: 400; text-align: center;\">Sie k\u00f6nnen sie online unter folgendem Link kaufen<\/p>\n<p style=\"font-weight: 400; text-align: center;\"><a href=\"https:\/\/salonsauvignon.eu\/ger\/dogodek\/promenada-okusov-ljubljana-2023-sobota-28-oktobra-1100-1700\/?fbclid=IwAR3CUq9-y499Y4LEFOmLlDp78ANSM1yKcvoI4ZJC7grrAOHCz2nDKN8Y7GQ\">https:\/\/salonsauvignon.eu\/&#8230;\/promenada-okusov-ljubljana&#8230;\/<\/a>\u00a0.<\/p>\n<p style=\"font-weight: 400; text-align: center;\">Sie k\u00f6nnen die Karten auch per E-Mail bestellen<\/p>\n<p style=\"font-weight: 400; text-align: center;\"><a href=\"mailto:arsvino18@gmail.com\">arsvino18@gmail.com<\/a> .<\/p>\n<p style=\"font-weight: 400; text-align: center;\">Schicken Sie uns Ihren Namen, Ihre Adresse und die Anzahl der gew\u00fcnschten Tickets und wir stellen Ihnen eine Rechnung aus.<\/p>\n<p style=\"font-weight: 400; text-align: center;\">Oder rufen Sie uns an unter 041 328 488 - wir nehmen gerne Ihre m\u00fcndliche Bestellung entgegen und beantworten alle Ihre Fragen!<\/p>\n<p style=\"font-weight: 400; text-align: center;\">Sie drucken Ihre bezahlte Rechnung aus, entweder online oder durch m\u00fcndliche oder schriftliche Bestellung, und holen Ihre Eintrittskarten am Tag der Veranstaltung, d. h. am Samstag, den 28. Oktober 2023 zwischen 11 und 16 Uhr, an der Kasse der Promenade auf der Terrasse des Verkaufsraums der Steklarna Roga\u0161ka ab.<\/p>\n<p style=\"font-weight: 400; text-align: center;\">__________<\/p>\n<p style=\"font-weight: 400; text-align: center;\">Holen Sie sich am Tag der Veranstaltung Ihre Eintrittskarten an der Kasse auf der Terrasse der Steklarna Roga\u0161ka ab und machen Sie sich mit Ihrer Quittung auf den Weg zur Promenade der Geschm\u00e4cker in Ljubljana.<\/p>\n<h4 style=\"text-align: center;\"><strong>VERKOSTUNGSPREISE AM TAG DER VERANSTALTUNG<\/strong><\/h4>\n<p style=\"font-weight: 400; text-align: center;\"><em><strong>36 Euro<\/strong><\/em><\/p>\n<p style=\"font-weight: 400; text-align: center;\"><em>Verkostung von \u00fcber f\u00fcnfzig Weinen, Degustationsglas mit dem Salon Sauvignon-Logo, Weinregal<\/em><\/p>\n<p style=\"font-weight: 400; text-align: center;\"><em><strong>72 Euro<\/strong><\/em><\/p>\n<p style=\"font-weight: 400; text-align: center;\"><em>Sechs-Stunden-Men\u00fc<\/em><\/p>\n<p style=\"font-weight: 400; text-align: center;\"><em><strong>90 Euro<\/strong><\/em><\/p>\n<p style=\"font-weight: 400; text-align: center;\"><em>Sechs-G\u00e4nge-Degustationsmen\u00fc mit \u00fcber f\u00fcnfzig Weinproben, Degustationsglas mit Salon Sauvignon-Logo, Weinregal<\/em><\/p>\n<p style=\"font-weight: 400; text-align: center;\">Kaufen Sie Ihre Eintrittskarten am 28. Oktober zwischen 11.00 und 16.00 Uhr an der Kasse, die sich auf der Terrasse der Steklarna Roga\u0161ka Verkaufslounge befinden wird.<\/p>\n<p style=\"font-weight: 400; text-align: center;\">__________<\/p>\n<p style=\"font-weight: 400; text-align: center;\">Bei extrem schlechtem Wetter wird die Veranstaltung auf ein neues, geeignetes Datum verschoben, und alle Kartenk\u00e4ufer werden pers\u00f6nlich informiert.<\/p>\n<p style=\"font-weight: 400; text-align: center;\">Findet die Veranstaltung nicht innerhalb eines Jahres statt, erstatten wir Ihnen den Ticketpreis zur\u00fcck.<\/p>\n<p style=\"font-weight: 400; text-align: center;\">__________<\/p>\n<p style=\"font-weight: 400; text-align: center;\">Rufen Sie uns an unter 041 328 488 - wir beantworten gerne alle Ihre Fragen!<\/p>\n<p style=\"font-weight: 400; text-align: center;\">Mehr \u00fcber die Veranstaltung:<\/p>\n<h4 style=\"text-align: center;\"><a href=\"https:\/\/www.facebook.com\/events\/532271215717400\/?acontext=%7B%22event_action_history%22%3A%5b%7B%22surface%22%3A%22home%22%7D%2C%7B%22mechanism%22%3A%22surface%22%2C%22surface%22%3A%22groups_highlight_units%22%7D%5d%2C%22ref_notif_type%22%3Anull%7D\" target=\"_blank\" rel=\"noopener\">https:\/\/www.facebook.com\/events\/532271215717400\/?<\/a><\/h4>\n<p style=\"font-weight: 400; text-align: center;\">__________<\/p>\n<p style=\"font-weight: 400; text-align: center;\">Die Promenade der Geschm\u00e4cker wird vom Festival Salon Sauvignon und der Meisterschule f\u00fcr Sommeliers mit Unterst\u00fctzung von Tourismus Ljubljana organisiert.<\/p>\n<p style=\"font-weight: 400; text-align: center;\">__________<\/p>\n<p><img decoding=\"async\" class=\"wp-image-8933 aligncenter\" src=\"https:\/\/salonsauvignon.eu\/wp-content\/uploads\/2023\/09\/LJ-23-BEL-300x300.jpg\" alt=\"\" width=\"502\" height=\"502\" srcset=\"https:\/\/salonsauvignon.eu\/wp-content\/uploads\/2023\/09\/LJ-23-BEL-300x300.jpg 300w, https:\/\/salonsauvignon.eu\/wp-content\/uploads\/2023\/09\/LJ-23-BEL-100x100.jpg 100w, https:\/\/salonsauvignon.eu\/wp-content\/uploads\/2023\/09\/LJ-23-BEL-600x600.jpg 600w, https:\/\/salonsauvignon.eu\/wp-content\/uploads\/2023\/09\/LJ-23-BEL-1024x1024.jpg 1024w, https:\/\/salonsauvignon.eu\/wp-content\/uploads\/2023\/09\/LJ-23-BEL-150x150.jpg 150w, https:\/\/salonsauvignon.eu\/wp-content\/uploads\/2023\/09\/LJ-23-BEL-768x768.jpg 768w, https:\/\/salonsauvignon.eu\/wp-content\/uploads\/2023\/09\/LJ-23-BEL-1536x1536.jpg 1536w, https:\/\/salonsauvignon.eu\/wp-content\/uploads\/2023\/09\/LJ-23-BEL-12x12.jpg 12w, https:\/\/salonsauvignon.eu\/wp-content\/uploads\/2023\/09\/LJ-23-BEL.jpg 1920w\" sizes=\"(max-width: 502px) 100vw, 502px\" \/><\/p>","protected":false},"excerpt":{"rendered":"<p>SOBOTA 28. OKTOBRA \/\/ 11:00 \u2013 17:00 \/\/ STARA LJUBLJANA \/\/ Z vinskim kozarcem v roki razi\u0161\u010dite o\u010darljivo ljubljansko mestno jedro in pokusite najbolj\u0161e, kar daje kulinari\u010dna Slovenija. \u0160est izjemnih chefov Stare Ljubljane, osemnajst vrhunskih dru\u017einskih vinarjev. Buti\u010dna enogastronomska zgodba slovenske prestolnice, ki je enostavno ne smete\u00a0zamuditi! ___________ Na Promenado okusov se bomo podali izpred [&hellip;]<\/p>","protected":false},"author":3,"featured_media":8931,"comment_status":"closed","ping_status":"closed","sticky":false,"template":"","format":"standard","meta":{"_jetpack_memberships_contains_paid_content":false,"footnotes":"","jetpack_publicize_message":"","jetpack_publicize_feature_enabled":true,"jetpack_social_post_already_shared":false,"jetpack_social_options":{"image_generator_settings":{"template":"highway","enabled":false},"version":2},"_wpscppro_custom_social_share_image":0,"_facebook_share_type":"","_twitter_share_type":"","_linkedin_share_type":"","_pinterest_share_type":"","_linkedin_share_type_page":"","_instagram_share_type":"","_selected_social_profile":[]},"categories":[60,47,63],"tags":[],"class_list":["post-8930","post","type-post","status-publish","format-standard","has-post-thumbnail","hentry","category-izpostava","category-novice","category-vinarji"],"jetpack_publicize_connections":[],"jetpack_featured_media_url":"https:\/\/salonsauvignon.eu\/wp-content\/uploads\/2023\/09\/LJ-23-INSTAGRAM.jpg","jetpack_sharing_enabled":true,"_links":{"self":[{"href":"https:\/\/salonsauvignon.eu\/ger\/wp-json\/wp\/v2\/posts\/8930","targetHints":{"allow":["GET"]}}],"collection":[{"href":"https:\/\/salonsauvignon.eu\/ger\/wp-json\/wp\/v2\/posts"}],"about":[{"href":"https:\/\/salonsauvignon.eu\/ger\/wp-json\/wp\/v2\/types\/post"}],"author":[{"embeddable":true,"href":"https:\/\/salonsauvignon.eu\/ger\/wp-json\/wp\/v2\/users\/3"}],"replies":[{"embeddable":true,"href":"https:\/\/salonsauvignon.eu\/ger\/wp-json\/wp\/v2\/comments?post=8930"}],"version-history":[{"count":5,"href":"https:\/\/salonsauvignon.eu\/ger\/wp-json\/wp\/v2\/posts\/8930\/revisions"}],"predecessor-version":[{"id":9046,"href":"https:\/\/salonsauvignon.eu\/ger\/wp-json\/wp\/v2\/posts\/8930\/revisions\/9046"}],"wp:featuredmedia":[{"embeddable":true,"href":"https:\/\/salonsauvignon.eu\/ger\/wp-json\/wp\/v2\/media\/8931"}],"wp:attachment":[{"href":"https:\/\/salonsauvignon.eu\/ger\/wp-json\/wp\/v2\/media?parent=8930"}],"wp:term":[{"taxonomy":"category","embeddable":true,"href":"https:\/\/salonsauvignon.eu\/ger\/wp-json\/wp\/v2\/categories?post=8930"},{"taxonomy":"post_tag","embeddable":true,"href":"https:\/\/salonsauvignon.eu\/ger\/wp-json\/wp\/v2\/tags?post=8930"}],"curies":[{"name":"wp","href":"https:\/\/api.w.org\/{rel}","templated":true}]}}