{"id":9048,"date":"2023-09-30T11:29:23","date_gmt":"2023-09-30T09:29:23","guid":{"rendered":"https:\/\/salonsauvignon.eu\/?p=9048"},"modified":"2023-09-30T11:29:23","modified_gmt":"2023-09-30T09:29:23","slug":"janez-bratovz-in-na-promenadi-okusov-v-stari-ljubljani","status":"publish","type":"post","link":"https:\/\/salonsauvignon.eu\/ger\/janez-bratovz-in-na-promenadi-okusov-v-stari-ljubljani\/","title":{"rendered":"JANEZ BRATOV\u017d IN NA PROMENADI OKUSOV V STARI LJUBLJANI"},"content":{"rendered":"<h3><img fetchpriority=\"high\" decoding=\"async\" class=\"alignnone  wp-image-9049 aligncenter\" src=\"https:\/\/salonsauvignon.eu\/wp-content\/uploads\/2023\/09\/Minimal-Square-Photo-Collage-Photography-Instagram-Post-4-300x300.png\" alt=\"\" width=\"637\" height=\"637\" srcset=\"https:\/\/salonsauvignon.eu\/wp-content\/uploads\/2023\/09\/Minimal-Square-Photo-Collage-Photography-Instagram-Post-4-300x300.png 300w, https:\/\/salonsauvignon.eu\/wp-content\/uploads\/2023\/09\/Minimal-Square-Photo-Collage-Photography-Instagram-Post-4-100x100.png 100w, https:\/\/salonsauvignon.eu\/wp-content\/uploads\/2023\/09\/Minimal-Square-Photo-Collage-Photography-Instagram-Post-4-600x600.png 600w, https:\/\/salonsauvignon.eu\/wp-content\/uploads\/2023\/09\/Minimal-Square-Photo-Collage-Photography-Instagram-Post-4-1024x1024.png 1024w, https:\/\/salonsauvignon.eu\/wp-content\/uploads\/2023\/09\/Minimal-Square-Photo-Collage-Photography-Instagram-Post-4-150x150.png 150w, https:\/\/salonsauvignon.eu\/wp-content\/uploads\/2023\/09\/Minimal-Square-Photo-Collage-Photography-Instagram-Post-4-768x768.png 768w, https:\/\/salonsauvignon.eu\/wp-content\/uploads\/2023\/09\/Minimal-Square-Photo-Collage-Photography-Instagram-Post-4-12x12.png 12w, https:\/\/salonsauvignon.eu\/wp-content\/uploads\/2023\/09\/Minimal-Square-Photo-Collage-Photography-Instagram-Post-4.png 1080w\" sizes=\"(max-width: 637px) 100vw, 637px\" \/><\/h3>\n<h3 style=\"text-align: center;\"><\/h3>\n<h3 style=\"text-align: center;\"><\/h3>\n<h3 style=\"text-align: center;\"><\/h3>\n<h3 style=\"font-weight: 400; text-align: center;\">JANEZ BRATOV\u017d IN JB RESTAVRACIJA NA PROMENADI OKUSOV LJUBLJANA 2023 \/\/ SOBOTA 28. OKTOBRA \/\/ 11:00 \u2013 17:00 \/\/<\/h3>\n<p style=\"font-weight: 400; text-align: center;\">\n<p style=\"font-weight: 400; text-align: center;\">Zelo smo po\u010da\u0161\u010deni, da prvo Promenado okusov v Stari Ljubljani odpira legendarni Janez BRATOV\u017d.<\/p>\n<p style=\"font-weight: 400; text-align: center;\">\n<p style=\"font-weight: 400; text-align: center;\">Pripravil bo kulinari\u010dno kreacijo, ki jo je poimenoval preprosto<\/p>\n<p style=\"font-weight: 400; text-align: center;\">\n<p style=\"font-weight: 400; text-align: center;\">TUNA \u2013 KUMARE \u2013 OLIVNO OLJE.<\/p>\n<p style=\"font-weight: 400; text-align: center;\">\n<p style=\"font-weight: 400; text-align: center;\">Ponudil jo bo na terasi prodajnega salona Roga\u0161ka na Mestnem trgu 22 nasproti ljubljanskega Magistrata.<\/p>\n<p style=\"font-weight: 400; text-align: center;\">\n<p style=\"font-weight: 400; text-align: center;\">Janez BRATOV\u017d, kuharski mojster Chef, sodi v sam vrh ne samo slovenske, pa\u010d pa tudi svetovne kulinarike. Velja za pionirja sodobne slovenske kulinarike.<\/p>\n<p style=\"font-weight: 400; text-align: center;\">\n<p style=\"font-weight: 400; text-align: center;\">Seznam njegovih kuharskih izku\u0161enj je bogat, pester in kreativen. Kro\u017eniki so pripravljeni z najvi\u0161jo mero okusa in znanja.<\/p>\n<p style=\"font-weight: 400; text-align: center;\">\n<p style=\"font-weight: 400; text-align: center;\">Janez Bratov\u017e je v \u017eivljenju poskusil veliko, tudi molekularno kuhinjo, in na koncu ugotovil, da je najbolj\u0161e tisto, kar je tudi najbolj enostavno. Bil je med prvimi v Sloveniji, ki je za\u010del poudarjati pomen kakovostnih sestavin in ljubljanska tr\u017enica je \u017ee 20 let njegova vsakodnevna jutranja postojanka. Zanj je najpomembnej\u0161a osnovna sestavina. Kot pove sam: \u00bb\u010ce ima\u0161 dobro sestavino, ni treba uporabljati raznih kuharskih tehnik. Zato je moja hrana enostavna. Rad imam \u010diste, naravne okuse. Najraje sli\u0161im, da nekdo re\u010de, da je pri meni jedel korenje, ki ima okus kot pred \u0161tiridesetimi leti.\u00ab<\/p>\n<p style=\"font-weight: 400; text-align: center;\">\n<p style=\"font-weight: 400; text-align: center;\">JB Restavracija je zgodba dru\u017eine Bratov\u017e in plod dru\u017einske ljubezni in sodelovanja. Sem si hodijo razvajati brbon\u010dice tudi najve\u010dji gurmani. Za\u010detki restavracije segajo v leto 1992, ko se je Janez Bratov\u017e vrnil iz tujine kjer se je 5 let izobra\u017eeval in nabiral nova znanja na podro\u010dju kulinarike.<\/p>\n<p style=\"font-weight: 400; text-align: center;\">\n<p style=\"font-weight: 400; text-align: center;\">JB Restavracija\u00a0 in glavni kuharski Chef Janez Bratov\u017e sta bila prva iz Slovenije uvr\u0161\u010dena na lestvico The World`s 50 Best Restaurant na svetu.<\/p>\n<p style=\"font-weight: 400; text-align: center;\">\n<p style=\"font-weight: 400; text-align: center;\">Ve\u010d o JB restavraciji na:<\/p>\n<p style=\"font-weight: 400; text-align: center;\">\n<p style=\"font-weight: 400; text-align: center;\"><a href=\"https:\/\/jb-slo.com\/\" target=\"_blank\" rel=\"noopener\">https:\/\/jb-slo.com<\/a><\/p>\n<p style=\"font-weight: 400; text-align: center;\"><a href=\"https:\/\/www.facebook.com\/restavracijaJB\" target=\"_blank\" rel=\"noopener\">https:\/\/www.facebook.com\/restavracijaJB<\/a><\/p>\n<p style=\"font-weight: 400; text-align: center;\">\n<p style=\"font-weight: 400; text-align: center;\">\n<p style=\"font-weight: 400; text-align: center;\">___________<\/p>\n<p style=\"font-weight: 400; text-align: center;\">\n<h4 style=\"text-align: center;\">Mit einem Glas Wein in der Hand erkunden Sie das charmante Stadtzentrum von Ljubljana und probieren das Beste aus dem kulinarischen Slowenien.<\/h4>\n<h4 style=\"text-align: center;\">Sechs hervorragende K\u00f6che aus dem alten Ljubljana, achtzehn Spitzenwinzerfamilien.<\/h4>\n<h4 style=\"text-align: center;\">Eine gastronomische Boutique-Geschichte der slowenischen Hauptstadt, die Sie nicht verpassen d\u00fcrfen!<\/h4>\n<p style=\"font-weight: 400; text-align: center;\">\n<p style=\"font-weight: 400; text-align: center;\">___________<\/p>\n<p style=\"font-weight: 400; text-align: center;\">\n<p style=\"font-weight: 400; text-align: center;\">Vom Rathaus Ljubljanas aus starten wir auf der Promenade der Aromen und spazieren am rechten Ufer der Ljubljanica entlang \u00fcber die \u0160u\u0161tarski-Br\u00fccke zum linken Ufer.<\/p>\n<p style=\"font-weight: 400; text-align: center;\">Unterwegs werden wir in ausgew\u00e4hlten Gastst\u00e4tten die kulinarischen Meisterwerke des Sechs-G\u00e4nge-Men\u00fcs kosten, das speziell f\u00fcr die Promenade der Geschm\u00e4cker zubereitet wurde. Der Chefkoch eines jeden Hauses wird eine kulinarische Kreation anbieten.<\/p>\n<p style=\"font-weight: 400; text-align: center;\">In jedem Restaurant werden drei Winzer aus den drei slowenischen Weinbauregionen zu Gast sein und eine Auswahl an Weinen anbieten - insgesamt \u00fcber f\u00fcnfzig Proben. Zu jedem kulinarischen Gang wird mindestens ein Wein von jedem Winzer empfohlen.<\/p>\n<p style=\"font-weight: 400; text-align: center;\">__________<\/p>\n<h4 style=\"text-align: center;\"><\/h4>\n<h4 style=\"text-align: center;\"><\/h4>\n<h4 style=\"text-align: center;\"><strong>GASTH\u00c4USER<\/strong><\/h4>\n<p style=\"font-weight: 400; text-align: center;\">\n<p style=\"font-weight: 400; text-align: center;\">ERSTES H\u00c4KELN<\/p>\n<p style=\"font-weight: 400; text-align: center;\">CHEF JANEZ BRATOV\u017d ( JB RESTAURANT) GASTGEBER AUF DER TERRASSE DES GLASGESCH\u00c4FTES ROGA\u0160KA \/\/ Mestni trg 22<\/p>\n<p style=\"font-weight: 400; text-align: center;\"><a href=\"https:\/\/www.facebook.com\/restavracijaJB\" target=\"_blank\" rel=\"noopener\">https:\/\/www.facebook.com\/restavracijaJB<\/a><\/p>\n<p style=\"font-weight: 400; text-align: center;\"><a href=\"https:\/\/www.facebook.com\/rogaska1665\" target=\"_blank\" rel=\"noopener\">https:\/\/www.facebook.com\/rogaska1665<\/a><\/p>\n<p style=\"font-weight: 400; text-align: center;\">\n<p style=\"font-weight: 400; text-align: center;\">ZWEITES CROCHET<\/p>\n<p style=\"font-weight: 400; text-align: center;\">BALTHAZAR RESTAURANT \/\/ Cankarjevo nabre\u017eje 7<\/p>\n<p style=\"font-weight: 400; text-align: center;\"><a href=\"https:\/\/www.facebook.com\/people\/Balthazar-Restavracija\/100083165329035\/\" target=\"_blank\" rel=\"noopener\">https:\/\/www.facebook.com\/people\/Balthazar-Restavracija\/100083165329035\/<\/a><\/p>\n<p style=\"font-weight: 400; text-align: center;\">\n<p style=\"font-weight: 400; text-align: center;\">DRITTER ZIRKEL<\/p>\n<p style=\"font-weight: 400; text-align: center;\">VANDER URBANI RESORT \/\/ Kroja\u0161ka ulica 6<\/p>\n<p style=\"font-weight: 400; text-align: center;\"><a href=\"https:\/\/www.facebook.com\/VanderUrbaniResort\" target=\"_blank\" rel=\"noopener\">https:\/\/www.facebook.com\/VanderUrbaniResort<\/a><\/p>\n<p style=\"font-weight: 400; text-align: center;\">\n<p style=\"font-weight: 400; text-align: center;\">VIERTES RUNDSCHREIBEN<\/p>\n<p style=\"font-weight: 400; text-align: center;\">ZlATA LADJICA RESTAURANT \/\/ Jur\u010di\u010dev trg 1<\/p>\n<p style=\"font-weight: 400; text-align: center;\"><a href=\"https:\/\/www.facebook.com\/GurmanskaRestavracijaZlataLadjica\" target=\"_blank\" rel=\"noopener\">https:\/\/www.facebook.com\/GurmanskaRestavracijaZlataLadjica<\/a><\/p>\n<p style=\"font-weight: 400; text-align: center;\">\n<p style=\"font-weight: 400; text-align: center;\">F\u00dcNFTER ZIRKEL<\/p>\n<p style=\"font-weight: 400; text-align: center;\">BREG HOSTEL \/\/ Breg 20<\/p>\n<p style=\"font-weight: 400; text-align: center;\"><a href=\"https:\/\/www.facebook.com\/breg.ljubljana\/\" target=\"_blank\" rel=\"noopener\">https:\/\/www.facebook.com\/breg.ljubljana\/<\/a><\/p>\n<p style=\"font-weight: 400; text-align: center;\">\n<p style=\"font-weight: 400; text-align: center;\">DAS SECHSTE RUNDSCHREIBEN<\/p>\n<p style=\"font-weight: 400; text-align: center;\">YAUYA PATISSERIE LUNCH SHOP \/\/ Breg 12<\/p>\n<p style=\"font-weight: 400; text-align: center;\"><a href=\"https:\/\/www.facebook.com\/yauyastudio\/\" target=\"_blank\" rel=\"noopener\">https:\/\/www.facebook.com\/yauyastudio\/<\/a><\/p>\n<p style=\"font-weight: 400; text-align: center;\">\n<p style=\"font-weight: 400; text-align: center;\">__________<\/p>\n<p style=\"font-weight: 400; text-align: center;\"><strong>\u00a0<\/strong><\/p>\n<p style=\"font-weight: 400; text-align: center;\"><strong>Die Anzahl der kulinarischen Verkostungen ist begrenzt. Beeilen Sie sich also und sichern Sie sich Ihren Platz auf der Promenade der Geschm\u00e4cker in Ljubljana zu den Sonderpreisen des Vorverkaufs!<\/strong><\/p>\n<p style=\"font-weight: 400; text-align: center;\">\n<p style=\"font-weight: 400; text-align: center;\">__________<\/p>\n<p style=\"font-weight: 400; text-align: center;\">\n<h4 style=\"text-align: center;\"><strong>PREISE F\u00dcR VORVERKAUFSVERKOSTUNGEN<\/strong><\/h4>\n<p style=\"font-weight: 400; text-align: center;\"><em><strong>27 Euro<\/strong><\/em><\/p>\n<p style=\"font-weight: 400; text-align: center;\"><em>Verkostung von \u00fcber f\u00fcnfzig Weinen, Degustationsglas mit dem Salon Sauvignon-Logo, Weinregal<\/em><\/p>\n<p style=\"font-weight: 400; text-align: center;\"><em><strong>63 Euro<\/strong><\/em><\/p>\n<p style=\"font-weight: 400; text-align: center;\"><em>Sechs-Stunden-Men\u00fc<\/em><\/p>\n<p style=\"font-weight: 400; text-align: center;\"><em><strong>81 Euro<\/strong><\/em><\/p>\n<p style=\"font-weight: 400; text-align: center;\"><em>Sechs-G\u00e4nge-Degustationsmen\u00fc mit \u00fcber f\u00fcnfzig Weinproben, Degustationsglas mit Salon Sauvignon-Logo, Weinregal<\/em><\/p>\n<p style=\"font-weight: 400; text-align: center;\">\n<p style=\"font-weight: 400; text-align: center;\">\n<p style=\"font-weight: 400; text-align: center;\">\n<p style=\"font-weight: 400; text-align: center;\">Der Vorverkauf l\u00e4uft noch bis Donnerstag, den 26. Oktober, oder bis alle kulinarischen Verkostungen ausverkauft sind.<\/p>\n<p style=\"font-weight: 400; text-align: center;\">\n<p style=\"font-weight: 400; text-align: center;\">Sie k\u00f6nnen sie online unter folgendem Link kaufen<\/p>\n<p style=\"font-weight: 400; text-align: center;\">\n<p style=\"font-weight: 400; text-align: center;\"><a href=\"https:\/\/salonsauvignon.eu\/ger\/dogodek\/promenada-okusov-ljubljana-2023-sobota-28-oktobra-1100-1700\/?fbclid=IwAR3CUq9-y499Y4LEFOmLlDp78ANSM1yKcvoI4ZJC7grrAOHCz2nDKN8Y7GQ\">https:\/\/salonsauvignon.eu\/&#8230;\/promenada-okusov-ljubljana&#8230;\/<\/a>\u00a0.<\/p>\n<p style=\"font-weight: 400; text-align: center;\">\n<p style=\"font-weight: 400; text-align: center;\">Sie k\u00f6nnen die Karten auch per E-Mail bestellen<\/p>\n<p style=\"font-weight: 400; text-align: center;\">\n<p style=\"font-weight: 400; text-align: center;\"><a href=\"mailto:arsvino18@gmail.com\">arsvino18@gmail.com<\/a> .<\/p>\n<p style=\"font-weight: 400; text-align: center;\">\n<p style=\"font-weight: 400; text-align: center;\">Schicken Sie uns Ihren Namen, Ihre Adresse und die Anzahl der gew\u00fcnschten Tickets und wir stellen Ihnen eine Rechnung aus.<\/p>\n<p style=\"font-weight: 400; text-align: center;\">\n<p style=\"font-weight: 400; text-align: center;\">Oder rufen Sie uns an unter 041 328 488 - wir nehmen gerne Ihre m\u00fcndliche Bestellung entgegen und beantworten alle Ihre Fragen!<\/p>\n<p style=\"font-weight: 400; text-align: center;\">\n<p style=\"font-weight: 400; text-align: center;\">Sie drucken Ihre bezahlte Rechnung aus, entweder online oder durch m\u00fcndliche oder schriftliche Bestellung, und holen Ihre Eintrittskarten am Tag der Veranstaltung, d. h. am Samstag, den 28. Oktober 2023 zwischen 11 und 16 Uhr, an der Kasse der Promenade auf der Terrasse des Verkaufsraums der Steklarna Roga\u0161ka ab.<\/p>\n<p style=\"font-weight: 400; text-align: center;\">\n<p style=\"font-weight: 400; text-align: center;\">\n<p style=\"font-weight: 400; text-align: center;\">__________<\/p>\n<p style=\"font-weight: 400; text-align: center;\">\n<h4 style=\"text-align: center;\"><strong>VERKOSTUNGSPREISE AM TAG DER VERANSTALTUNG<\/strong><\/h4>\n<p style=\"font-weight: 400; text-align: center;\">\n<p style=\"font-weight: 400; text-align: center;\"><em><strong>36 Euro<\/strong><\/em><\/p>\n<p style=\"font-weight: 400; text-align: center;\"><em>Verkostung von \u00fcber f\u00fcnfzig Weinen, Degustationsglas mit dem Salon Sauvignon-Logo, Weinregal<\/em><\/p>\n<p style=\"font-weight: 400; text-align: center;\"><em><strong>72 Euro<\/strong><\/em><\/p>\n<p style=\"font-weight: 400; text-align: center;\"><em>Sechs-Stunden-Men\u00fc<\/em><\/p>\n<p style=\"font-weight: 400; text-align: center;\"><em><strong>90 Euro<\/strong><\/em><\/p>\n<p style=\"font-weight: 400; text-align: center;\"><em>Sechs-G\u00e4nge-Degustationsmen\u00fc mit \u00fcber f\u00fcnfzig Weinproben, Degustationsglas mit Salon Sauvignon-Logo, Weinregal<\/em><\/p>\n<p style=\"font-weight: 400; text-align: center;\">\n<p style=\"font-weight: 400; text-align: center;\">Nakup opravite 28. oktobra med 11.00 \u2013 16.00 uro na blagajni, ki bo na terasi prodajnega salona Roga\u0161ka.<\/p>\n<p style=\"font-weight: 400; text-align: center;\">__________<\/p>\n<p style=\"font-weight: 400; text-align: center;\">\n<p style=\"font-weight: 400; text-align: center;\">Bei extrem schlechtem Wetter wird die Veranstaltung auf ein neues, geeignetes Datum verschoben, und alle Kartenk\u00e4ufer werden pers\u00f6nlich informiert.<\/p>\n<p style=\"font-weight: 400; text-align: center;\">Findet die Veranstaltung nicht innerhalb eines Jahres statt, erstatten wir Ihnen den Ticketpreis zur\u00fcck.<\/p>\n<p style=\"font-weight: 400; text-align: center;\">\n<p style=\"font-weight: 400; text-align: center;\">__________<\/p>\n<p style=\"font-weight: 400; text-align: center;\">Rufen Sie uns an unter 041 328 488 - wir beantworten gerne alle Ihre Fragen!<\/p>\n<p style=\"font-weight: 400; text-align: center;\">Mehr \u00fcber die Veranstaltung:<\/p>\n<h4 style=\"text-align: center;\"><a href=\"https:\/\/www.facebook.com\/events\/532271215717400\/?acontext=%7B%22event_action_history%22%3A%5b%7B%22surface%22%3A%22home%22%7D%2C%7B%22mechanism%22%3A%22surface%22%2C%22surface%22%3A%22groups_highlight_units%22%7D%5d%2C%22ref_notif_type%22%3Anull%7D\" target=\"_blank\" rel=\"noopener\">https:\/\/www.facebook.com\/events\/532271215717400\/?<\/a><\/h4>\n<p style=\"font-weight: 400; text-align: center;\">__________<\/p>\n<p style=\"font-weight: 400; text-align: center;\">\n<p style=\"font-weight: 400; text-align: center;\">Die Promenade der Geschm\u00e4cker wird vom Festival Salon Sauvignon und der Meisterschule f\u00fcr Sommeliers mit Unterst\u00fctzung von Tourismus Ljubljana organisiert.<\/p>\n<p style=\"font-weight: 400; text-align: center;\">\n<p style=\"font-weight: 400; text-align: center;\">__________<\/p>","protected":false},"excerpt":{"rendered":"<p>JANEZ BRATOV\u017d IN JB RESTAVRACIJA NA PROMENADI OKUSOV LJUBLJANA 2023 \/\/ SOBOTA 28. OKTOBRA \/\/ 11:00 \u2013 17:00 \/\/ Zelo smo po\u010da\u0161\u010deni, da prvo Promenado okusov v Stari Ljubljani odpira legendarni Janez BRATOV\u017d. Pripravil bo kulinari\u010dno kreacijo, ki jo je poimenoval preprosto TUNA \u2013 KUMARE \u2013 OLIVNO OLJE. Ponudil jo bo na terasi prodajnega salona [&hellip;]<\/p>","protected":false},"author":3,"featured_media":9049,"comment_status":"closed","ping_status":"closed","sticky":false,"template":"","format":"standard","meta":{"_jetpack_memberships_contains_paid_content":false,"footnotes":"","jetpack_publicize_message":"","jetpack_publicize_feature_enabled":true,"jetpack_social_post_already_shared":false,"jetpack_social_options":{"image_generator_settings":{"template":"highway","enabled":false},"version":2},"_wpscppro_custom_social_share_image":0,"_facebook_share_type":"","_twitter_share_type":"","_linkedin_share_type":"","_pinterest_share_type":"","_linkedin_share_type_page":"","_instagram_share_type":"","_selected_social_profile":[]},"categories":[60,47],"tags":[],"class_list":["post-9048","post","type-post","status-publish","format-standard","has-post-thumbnail","hentry","category-izpostava","category-novice"],"jetpack_publicize_connections":[],"jetpack_featured_media_url":"https:\/\/salonsauvignon.eu\/wp-content\/uploads\/2023\/09\/Minimal-Square-Photo-Collage-Photography-Instagram-Post-4.png","jetpack_sharing_enabled":true,"_links":{"self":[{"href":"https:\/\/salonsauvignon.eu\/ger\/wp-json\/wp\/v2\/posts\/9048","targetHints":{"allow":["GET"]}}],"collection":[{"href":"https:\/\/salonsauvignon.eu\/ger\/wp-json\/wp\/v2\/posts"}],"about":[{"href":"https:\/\/salonsauvignon.eu\/ger\/wp-json\/wp\/v2\/types\/post"}],"author":[{"embeddable":true,"href":"https:\/\/salonsauvignon.eu\/ger\/wp-json\/wp\/v2\/users\/3"}],"replies":[{"embeddable":true,"href":"https:\/\/salonsauvignon.eu\/ger\/wp-json\/wp\/v2\/comments?post=9048"}],"version-history":[{"count":1,"href":"https:\/\/salonsauvignon.eu\/ger\/wp-json\/wp\/v2\/posts\/9048\/revisions"}],"predecessor-version":[{"id":9050,"href":"https:\/\/salonsauvignon.eu\/ger\/wp-json\/wp\/v2\/posts\/9048\/revisions\/9050"}],"wp:featuredmedia":[{"embeddable":true,"href":"https:\/\/salonsauvignon.eu\/ger\/wp-json\/wp\/v2\/media\/9049"}],"wp:attachment":[{"href":"https:\/\/salonsauvignon.eu\/ger\/wp-json\/wp\/v2\/media?parent=9048"}],"wp:term":[{"taxonomy":"category","embeddable":true,"href":"https:\/\/salonsauvignon.eu\/ger\/wp-json\/wp\/v2\/categories?post=9048"},{"taxonomy":"post_tag","embeddable":true,"href":"https:\/\/salonsauvignon.eu\/ger\/wp-json\/wp\/v2\/tags?post=9048"}],"curies":[{"name":"wp","href":"https:\/\/api.w.org\/{rel}","templated":true}]}}