{"id":9084,"date":"2023-10-10T08:31:05","date_gmt":"2023-10-10T06:31:05","guid":{"rendered":"https:\/\/salonsauvignon.eu\/?p=9084"},"modified":"2023-10-10T08:31:05","modified_gmt":"2023-10-10T06:31:05","slug":"vander-urbani-resort-na-promenadi-okusov-v-stari-ljubljani","status":"publish","type":"post","link":"https:\/\/salonsauvignon.eu\/ger\/vander-urbani-resort-na-promenadi-okusov-v-stari-ljubljani\/","title":{"rendered":"VANDER URBANI RESORT NA PROMENADI OKUSOV V STARI LJUBLJANI"},"content":{"rendered":"<p style=\"font-weight: 400;\"><img fetchpriority=\"high\" decoding=\"async\" class=\"alignnone wp-image-9085 aligncenter\" src=\"https:\/\/salonsauvignon.eu\/wp-content\/uploads\/2023\/10\/Minimal-Square-Photo-Collage-Photography-Instagram-Post-9-300x300.png\" alt=\"\" width=\"800\" height=\"800\" srcset=\"https:\/\/salonsauvignon.eu\/wp-content\/uploads\/2023\/10\/Minimal-Square-Photo-Collage-Photography-Instagram-Post-9-300x300.png 300w, https:\/\/salonsauvignon.eu\/wp-content\/uploads\/2023\/10\/Minimal-Square-Photo-Collage-Photography-Instagram-Post-9-100x100.png 100w, https:\/\/salonsauvignon.eu\/wp-content\/uploads\/2023\/10\/Minimal-Square-Photo-Collage-Photography-Instagram-Post-9-600x600.png 600w, https:\/\/salonsauvignon.eu\/wp-content\/uploads\/2023\/10\/Minimal-Square-Photo-Collage-Photography-Instagram-Post-9-1024x1024.png 1024w, https:\/\/salonsauvignon.eu\/wp-content\/uploads\/2023\/10\/Minimal-Square-Photo-Collage-Photography-Instagram-Post-9-150x150.png 150w, https:\/\/salonsauvignon.eu\/wp-content\/uploads\/2023\/10\/Minimal-Square-Photo-Collage-Photography-Instagram-Post-9-768x768.png 768w, https:\/\/salonsauvignon.eu\/wp-content\/uploads\/2023\/10\/Minimal-Square-Photo-Collage-Photography-Instagram-Post-9-12x12.png 12w, https:\/\/salonsauvignon.eu\/wp-content\/uploads\/2023\/10\/Minimal-Square-Photo-Collage-Photography-Instagram-Post-9.png 1080w\" sizes=\"(max-width: 800px) 100vw, 800px\" \/><\/p>\n<p style=\"font-weight: 400; text-align: center;\"><strong>\u00a0\/\/ SOBOTA 28. OKTOBRA \/\/ 11:00 \u2013 17:00 \/\/<\/strong><\/p>\n<p style=\"font-weight: 400; text-align: center;\">\u00bbSmo v osr\u010dju stare Ljubljane, zato ne pri\u010dakujte hotela s tipi\u010dno fasado in dovozom za\u00a0avtomobile.<\/p>\n<p style=\"font-weight: 400; text-align: center;\">Vander Urbani Resort sestavljajo \u0161tiri hi\u0161e v starem mestnem\u00a0jedru, ki mogo\u010dno stojijo pod grajskim hribom, tik ob Ljubljanici.Od zunaj se hi\u0161e zlijejo z ulico, navznoter pa navdu\u0161ijo s slogom in pridihom sodobne\u00a0strasti.<\/p>\n<p style=\"font-weight: 400; text-align: center;\">Urbani slovenski\u00a0okusi. Ljubezen na prvi\u00a0ugriz. Doma\u010de,\u00a0tradicionalno\u00a0in le\u00a0najbolj\u0161e,\u00a0kar je\u00a0sezonsko\u00a0na voljo na na\u0161ih ljubljanskih tr\u017enicah, pri lokalnih kmetijah in gozdovih. Na\u0161e jedi zdru\u017eujejo slovensko\u00a0tradicijo\u00a0in\u00a0sodobno\u00a0kuhinjo v povsem vznemirljivih\u00a0kombinacijah. Dru\u017eite se\u00a0z nami ob reki Ljubljanici in\u00a0u\u017eivajte.<\/p>\n<p style=\"font-weight: 400; text-align: center;\">Sve\u017ee\u00a0lokalne sestavine in najbolj\u0161e\u00a0regionalne jedi, pripravljene v\u00a0sodobnem\u00a0slogu s tradicionalnim pridihom. Tik ob \u010darobni reki Ljubljanici.\u00a0Jedilnik temelji na\u00a0letnih \u010dasih\u00a0in sledi neskon\u010dnemu\u00a0navdihu\u00a0na\u0161e kuhinje.Trudimo se in \u017eelimo biti posebni, druga\u010dni, tak\u0161ni, kot je tudi hotel, zato tudi posebnosti: pavlova, \u010drni angus, avstralski pridih, posebna slovenska vina, rumi&#8230;<\/p>\n<p style=\"font-weight: 400; text-align: center;\">Tako bo tudi na Promenadi okusov v Stari Ljubljani. Na\u0161 chef Luka \u017dELEZNIK je pripravil kulinari\u010dno Vandranje po gozdovih. Sve\u017ei njoki z jur\u010dkovo kremo, pra\u017eenimi gozdnimi gobami, staran sir Postotnik, pra\u017eeni le\u0161niki, krebuljica \u2013 \u0161e en dober razlog ve\u010d, da se nam pridru\u017eite na Promenadi okusov zadnjo soboto v oktobru. Veseli vas bomo!\u00ab<\/p>\n<p style=\"font-weight: 400; text-align: center;\">O Vander Urbanem Resortu ve\u010d na:<\/p>\n<p style=\"font-weight: 400; text-align: center;\"><a href=\"https:\/\/www.facebook.com\/VanderUrbaniResort\" target=\"_blank\" rel=\"noopener\">https:\/\/www.facebook.com\/VanderUrbaniResort<\/a><\/p>\n<p style=\"font-weight: 400; text-align: center;\"><a href=\"https:\/\/www.vanderhotel.com\/\" target=\"_blank\" rel=\"noopener\">https:\/\/www.vanderhotel.com\/<\/a><\/p>\n<p style=\"font-weight: 400; text-align: center;\">___________<\/p>\n<h4 style=\"text-align: center;\">Mit einem Glas Wein in der Hand erkunden Sie das charmante Stadtzentrum von Ljubljana und probieren das Beste aus dem kulinarischen Slowenien.<\/h4>\n<h4 style=\"text-align: center;\">Sechs hervorragende K\u00f6che aus dem alten Ljubljana, achtzehn Spitzenwinzerfamilien.<\/h4>\n<h4 style=\"text-align: center;\">Eine gastronomische Boutique-Geschichte der slowenischen Hauptstadt, die Sie nicht verpassen d\u00fcrfen!<\/h4>\n<p style=\"font-weight: 400; text-align: center;\">_______<\/p>\n<p style=\"font-weight: 400; text-align: center;\">Vom Rathaus Ljubljanas aus starten wir auf der Promenade der Aromen und spazieren am rechten Ufer der Ljubljanica entlang \u00fcber die \u0160u\u0161tarski-Br\u00fccke zum linken Ufer.<\/p>\n<p style=\"font-weight: 400; text-align: center;\">Unterwegs werden wir in ausgew\u00e4hlten Gastst\u00e4tten die kulinarischen Meisterwerke des Sechs-G\u00e4nge-Men\u00fcs kosten, das speziell f\u00fcr die Promenade der Geschm\u00e4cker zubereitet wurde. Der Chefkoch eines jeden Hauses wird eine kulinarische Kreation anbieten.<\/p>\n<p style=\"font-weight: 400; text-align: center;\">In jedem Restaurant werden drei Winzer aus den drei slowenischen Weinbauregionen zu Gast sein und eine Auswahl an Weinen anbieten - insgesamt \u00fcber f\u00fcnfzig Proben. Zu jedem kulinarischen Gang wird mindestens ein Wein von jedem Winzer empfohlen.<\/p>\n<p style=\"font-weight: 400; text-align: center;\">__________<\/p>\n<p style=\"font-weight: 400; text-align: center;\">MENU<\/p>\n<p style=\"font-weight: 400; text-align: center;\">ERSTES H\u00c4KELN<em> tuna \u2013 kumare \u2013 olj\u010dno olje<\/em><\/p>\n<p style=\"font-weight: 400; text-align: center;\">CHEF JANEZ BRATOV\u017d ( JB RESTAURANT) GASTGEBER AUF DER TERRASSE DES GLASGESCH\u00c4FTES ROGA\u0160KA \/\/ Mestni trg 22<\/p>\n<p style=\"font-weight: 400; text-align: center;\"><a href=\"https:\/\/www.facebook.com\/restavracijaJB\" target=\"_blank\" rel=\"noopener\">https:\/\/www.facebook.com\/restavracijaJB<\/a><\/p>\n<p style=\"font-weight: 400; text-align: center;\"><a href=\"https:\/\/www.facebook.com\/rogaska1665\" target=\"_blank\" rel=\"noopener\">https:\/\/www.facebook.com\/rogaska1665<\/a><\/p>\n<p style=\"font-weight: 400; text-align: center;\">ZWEITES CROCHET <em>goveji tatar ali ostrige<\/em><\/p>\n<p style=\"font-weight: 400; text-align: center;\">BALTHAZAR RESTAURANT \/\/ Cankarjevo nabre\u017eje 7<\/p>\n<p style=\"font-weight: 400; text-align: center;\"><a href=\"https:\/\/www.facebook.com\/people\/Balthazar-Restavracija\/100083165329035\/\" target=\"_blank\" rel=\"noopener\">https:\/\/www.facebook.com\/people\/Balthazar-Restavracija\/100083165329035\/<\/a><\/p>\n<p style=\"font-weight: 400; text-align: center;\">DRITTER ZIRKEL <em>vandranje po gozdovih \u2013 sve\u017ei njoki z jur\u010dkovo kremo, pra\u017eenimi gozdnimi gobami, staran sir Pustotnik, pra\u017eeni le\u0161niki, krebuljica<\/em><\/p>\n<p style=\"font-weight: 400; text-align: center;\">VANDER URBANI RESORT \/\/ Kroja\u0161ka ulica 6<\/p>\n<p style=\"font-weight: 400; text-align: center;\"><a href=\"https:\/\/www.facebook.com\/VanderUrbaniResort\" target=\"_blank\" rel=\"noopener\">https:\/\/www.facebook.com\/VanderUrbaniResort<\/a><\/p>\n<p style=\"font-weight: 400; text-align: center;\">VIERTES RUNDSCHREIBEN<em> file Zupanove postrvi, konfitiran mladi krompir, postrvja veloute split sauce omaka s Podjedovo smetano in porovim oljem, breskev, sve\u017e grah ter ajdove kokice \/\/ ikre Zupanove postrvi<\/em><\/p>\n<p style=\"font-weight: 400; text-align: center;\">ZlATA LADJICA RESTAURANT \/\/ Jur\u010di\u010dev trg 1<\/p>\n<p style=\"font-weight: 400; text-align: center;\"><a href=\"https:\/\/www.facebook.com\/GurmanskaRestavracijaZlataLadjica\" target=\"_blank\" rel=\"noopener\">https:\/\/www.facebook.com\/GurmanskaRestavracijaZlataLadjica<\/a><\/p>\n<p style=\"font-weight: 400; text-align: center;\">F\u00dcNFTER ZIRKEL <em>tele\u010dja kra\u010da, po\u010dasi kuhan fi\u017eol z ro\u017ei\u010dem, \u0161trukelj z bu\u010do in kislo zelje z ocvirki<\/em>, <em>vegi: brezmesne tur\u0161ke sarme, maslen pire krompir, jogurt s \u010desnom in sumakom<\/em><\/p>\n<p style=\"font-weight: 400; text-align: center;\">BREG HOSTEL \/\/ Breg 20<\/p>\n<p style=\"font-weight: 400; text-align: center;\"><a href=\"https:\/\/www.facebook.com\/breg.ljubljana\/\" target=\"_blank\" rel=\"noopener\">https:\/\/www.facebook.com\/breg.ljubljana\/<\/a><\/p>\n<p style=\"font-weight: 400; text-align: center;\">DAS SECHSTE RUNDSCHREIBEN <em>Honey Boulevard<\/em><\/p>\n<p style=\"font-weight: 400; text-align: center;\">YAUYA PATISSERIE LUNCH SHOP \/\/ Breg 12<\/p>\n<p style=\"font-weight: 400; text-align: center;\"><a href=\"https:\/\/www.facebook.com\/yauyastudio\/\" target=\"_blank\" rel=\"noopener\">https:\/\/www.facebook.com\/yauyastudio\/<\/a><\/p>\n<p style=\"font-weight: 400; text-align: center;\">__________<\/p>\n<p style=\"font-weight: 400; text-align: center;\"><strong>\u00a0<\/strong><\/p>\n<p style=\"font-weight: 400; text-align: center;\"><strong>Die Anzahl der kulinarischen Verkostungen ist begrenzt. Beeilen Sie sich also und sichern Sie sich Ihren Platz auf der Promenade der Geschm\u00e4cker in Ljubljana zu den Sonderpreisen des Vorverkaufs!<\/strong><\/p>\n<p style=\"font-weight: 400; text-align: center;\">__________<\/p>\n<h4 style=\"text-align: center;\"><strong>PREISE F\u00dcR VORVERKAUFSVERKOSTUNGEN<\/strong><\/h4>\n<p style=\"font-weight: 400; text-align: center;\"><em>27 Euro<\/em><\/p>\n<p style=\"font-weight: 400; text-align: center;\"><em>Verkostung von \u00fcber f\u00fcnfzig Weinen, Degustationsglas mit dem Salon Sauvignon-Logo, Weinregal<\/em><\/p>\n<p style=\"font-weight: 400; text-align: center;\"><em>63 Euro<\/em><\/p>\n<p style=\"font-weight: 400; text-align: center;\"><em>Sechs-Stunden-Men\u00fc<\/em><\/p>\n<p style=\"font-weight: 400; text-align: center;\"><em>81 Euro<\/em><\/p>\n<p style=\"font-weight: 400; text-align: center;\"><em>Sechs-G\u00e4nge-Degustationsmen\u00fc mit \u00fcber f\u00fcnfzig Weinproben, Degustationsglas mit Salon Sauvignon-Logo, Weinregal<\/em><\/p>\n<p style=\"font-weight: 400; text-align: center;\">Der Vorverkauf l\u00e4uft noch bis Donnerstag, den 26. Oktober, oder bis alle kulinarischen Verkostungen ausverkauft sind.<\/p>\n<p style=\"font-weight: 400; text-align: center;\">Sie k\u00f6nnen sie online unter folgendem Link kaufen<\/p>\n<p style=\"font-weight: 400; text-align: center;\"><a href=\"https:\/\/salonsauvignon.eu\/ger\/dogodek\/promenada-okusov-ljubljana-2023-sobota-28-oktobra-1100-1700\/?fbclid=IwAR3CUq9-y499Y4LEFOmLlDp78ANSM1yKcvoI4ZJC7grrAOHCz2nDKN8Y7GQ\">https:\/\/salonsauvignon.eu\/&#8230;\/promenada-okusov-ljubljana&#8230;\/<\/a>\u00a0.<\/p>\n<p style=\"font-weight: 400; text-align: center;\">Sie k\u00f6nnen die Karten auch per E-Mail bestellen<\/p>\n<p style=\"font-weight: 400; text-align: center;\"><a href=\"mailto:arsvino18@gmail.com\">arsvino18@gmail.com<\/a> .<\/p>\n<p style=\"font-weight: 400; text-align: center;\">Schicken Sie uns Ihren Namen, Ihre Adresse und die Anzahl der gew\u00fcnschten Tickets und wir stellen Ihnen eine Rechnung aus.<\/p>\n<p style=\"font-weight: 400; text-align: center;\">Oder rufen Sie uns an unter 041 328 488 - wir nehmen gerne Ihre m\u00fcndliche Bestellung entgegen und beantworten alle Ihre Fragen!<\/p>\n<p style=\"font-weight: 400; text-align: center;\">Sie drucken Ihre bezahlte Rechnung aus, entweder online oder durch m\u00fcndliche oder schriftliche Bestellung, und holen Ihre Eintrittskarten am Tag der Veranstaltung, d. h. am Samstag, den 28. Oktober 2023 zwischen 11 und 16 Uhr, an der Kasse der Promenade auf der Terrasse des Verkaufsraums der Steklarna Roga\u0161ka ab.<\/p>\n<p style=\"font-weight: 400; text-align: center;\">__________<\/p>\n<h4 style=\"text-align: center;\"><strong>VERKOSTUNGSPREISE AM TAG DER VERANSTALTUNG<\/strong><\/h4>\n<p style=\"font-weight: 400; text-align: center;\"><em>36 Euro<\/em><\/p>\n<p style=\"font-weight: 400; text-align: center;\"><em>Verkostung von \u00fcber f\u00fcnfzig Weinen, Degustationsglas mit dem Salon Sauvignon-Logo, Weinregal<\/em><\/p>\n<p style=\"font-weight: 400; text-align: center;\"><em>72 Euro<\/em><\/p>\n<p style=\"font-weight: 400; text-align: center;\"><em>Sechs-Stunden-Men\u00fc<\/em><\/p>\n<p style=\"font-weight: 400; text-align: center;\"><em>90 Euro<\/em><\/p>\n<p style=\"font-weight: 400; text-align: center;\"><em>Sechs-G\u00e4nge-Degustationsmen\u00fc mit \u00fcber f\u00fcnfzig Weinproben, Degustationsglas mit Salon Sauvignon-Logo, Weinregal<\/em><\/p>\n<p style=\"font-weight: 400; text-align: center;\">Nakup opravite 28. oktobra med 11.00 \u2013 16.00 uro na blagajni, ki bo na terasi prodajnega salona Roga\u0161ka.<\/p>\n<p style=\"font-weight: 400; text-align: center;\">__________<\/p>\n<p style=\"font-weight: 400; text-align: center;\">Bei extrem schlechtem Wetter wird die Veranstaltung auf ein neues, geeignetes Datum verschoben, und alle Kartenk\u00e4ufer werden pers\u00f6nlich informiert.<\/p>\n<p style=\"font-weight: 400; text-align: center;\">Findet die Veranstaltung nicht innerhalb eines Jahres statt, erstatten wir Ihnen den Ticketpreis zur\u00fcck.<\/p>\n<p style=\"font-weight: 400; text-align: center;\">__________<\/p>\n<p style=\"font-weight: 400; text-align: center;\">Rufen Sie uns an unter 041 328 488 - wir beantworten gerne alle Ihre Fragen!<\/p>\n<p style=\"font-weight: 400; text-align: center;\">Mehr \u00fcber die Veranstaltung:<\/p>\n<h4 style=\"text-align: center;\"><a href=\"https:\/\/www.facebook.com\/events\/532271215717400\/?acontext=%7B%22event_action_history%22%3A%5b%7B%22surface%22%3A%22home%22%7D%2C%7B%22mechanism%22%3A%22surface%22%2C%22surface%22%3A%22groups_highlight_units%22%7D%5d%2C%22ref_notif_type%22%3Anull%7D\" target=\"_blank\" rel=\"noopener\">https:\/\/www.facebook.com\/events\/532271215717400\/?<\/a><\/h4>\n<p style=\"font-weight: 400; text-align: center;\">__________<\/p>\n<p style=\"font-weight: 400; text-align: center;\">Die Promenade der Geschm\u00e4cker wird vom Festival Salon Sauvignon und der Meisterschule f\u00fcr Sommeliers mit Unterst\u00fctzung von Tourismus Ljubljana organisiert.<\/p>\n<p style=\"font-weight: 400; text-align: center;\">__________<\/p>\n<p style=\"font-weight: 400; text-align: center;\"><a href=\"https:\/\/www.facebook.com\/hashtag\/salonsauvignon?__eep__=6&amp;__cft__%5B0%5D=AZVIjn8ShLfK6HXjkAuNunZxSImYiTWF4UPE4FD9wUTz95DqHpV7TvXyJP-D1Cm6Kzix8a-z9u1xlOJri0DDvnuPgVCCb3Uyww_7XzyHGpv-LE2l5v91tJmBJTznexhMMt8A_ruy6P-Me2D_tUXjyJAh&amp;__tn__=*NK-R\" target=\"_blank\" rel=\"noopener\">#SalonSauvignon<\/a> <a href=\"https:\/\/www.facebook.com\/hashtag\/promenadaokusov?__eep__=6&amp;__cft__%5B0%5D=AZVIjn8ShLfK6HXjkAuNunZxSImYiTWF4UPE4FD9wUTz95DqHpV7TvXyJP-D1Cm6Kzix8a-z9u1xlOJri0DDvnuPgVCCb3Uyww_7XzyHGpv-LE2l5v91tJmBJTznexhMMt8A_ruy6P-Me2D_tUXjyJAh&amp;__tn__=*NK-R\" target=\"_blank\" rel=\"noopener\">#Promenadaokus<\/a> <a href=\"https:\/\/www.facebook.com\/hashtag\/sommeliermaster?__eep__=6&amp;__cft__%5B0%5D=AZVIjn8ShLfK6HXjkAuNunZxSImYiTWF4UPE4FD9wUTz95DqHpV7TvXyJP-D1Cm6Kzix8a-z9u1xlOJri0DDvnuPgVCCb3Uyww_7XzyHGpv-LE2l5v91tJmBJTznexhMMt8A_ruy6P-Me2D_tUXjyJAh&amp;__tn__=*NK-R\" target=\"_blank\" rel=\"noopener\">#SommelierMaster<\/a> #Ljubljana #TurizemLjubljana #enogastronomija #kulinarika #vino #dru\u017einskivinarji #SteklarnaRoga\u0161ka #JBrestavracija #Balthazarrestavracija #VanderUrbaniResort #restavracijaZlataladjica #gostilnaBreg #Yauyapatisserie<\/p>\n<p style=\"font-weight: 400; text-align: center;\">","protected":false},"excerpt":{"rendered":"<p>\u00a0\/\/ SOBOTA 28. OKTOBRA \/\/ 11:00 \u2013 17:00 \/\/ \u00bbSmo v osr\u010dju stare Ljubljane, zato ne pri\u010dakujte hotela s tipi\u010dno fasado in dovozom za\u00a0avtomobile. Vander Urbani Resort sestavljajo \u0161tiri hi\u0161e v starem mestnem\u00a0jedru, ki mogo\u010dno stojijo pod grajskim hribom, tik ob Ljubljanici.Od zunaj se hi\u0161e zlijejo z ulico, navznoter pa navdu\u0161ijo s slogom in pridihom [&hellip;]<\/p>","protected":false},"author":3,"featured_media":9085,"comment_status":"closed","ping_status":"closed","sticky":false,"template":"","format":"standard","meta":{"_jetpack_memberships_contains_paid_content":false,"footnotes":"","jetpack_publicize_message":"","jetpack_publicize_feature_enabled":true,"jetpack_social_post_already_shared":false,"jetpack_social_options":{"image_generator_settings":{"template":"highway","enabled":false},"version":2},"_wpscppro_custom_social_share_image":0,"_facebook_share_type":"","_twitter_share_type":"","_linkedin_share_type":"","_pinterest_share_type":"","_linkedin_share_type_page":"","_instagram_share_type":"","_selected_social_profile":[]},"categories":[60,47],"tags":[],"class_list":["post-9084","post","type-post","status-publish","format-standard","has-post-thumbnail","hentry","category-izpostava","category-novice"],"jetpack_publicize_connections":[],"jetpack_featured_media_url":"https:\/\/salonsauvignon.eu\/wp-content\/uploads\/2023\/10\/Minimal-Square-Photo-Collage-Photography-Instagram-Post-9.png","jetpack_sharing_enabled":true,"_links":{"self":[{"href":"https:\/\/salonsauvignon.eu\/ger\/wp-json\/wp\/v2\/posts\/9084","targetHints":{"allow":["GET"]}}],"collection":[{"href":"https:\/\/salonsauvignon.eu\/ger\/wp-json\/wp\/v2\/posts"}],"about":[{"href":"https:\/\/salonsauvignon.eu\/ger\/wp-json\/wp\/v2\/types\/post"}],"author":[{"embeddable":true,"href":"https:\/\/salonsauvignon.eu\/ger\/wp-json\/wp\/v2\/users\/3"}],"replies":[{"embeddable":true,"href":"https:\/\/salonsauvignon.eu\/ger\/wp-json\/wp\/v2\/comments?post=9084"}],"version-history":[{"count":1,"href":"https:\/\/salonsauvignon.eu\/ger\/wp-json\/wp\/v2\/posts\/9084\/revisions"}],"predecessor-version":[{"id":9086,"href":"https:\/\/salonsauvignon.eu\/ger\/wp-json\/wp\/v2\/posts\/9084\/revisions\/9086"}],"wp:featuredmedia":[{"embeddable":true,"href":"https:\/\/salonsauvignon.eu\/ger\/wp-json\/wp\/v2\/media\/9085"}],"wp:attachment":[{"href":"https:\/\/salonsauvignon.eu\/ger\/wp-json\/wp\/v2\/media?parent=9084"}],"wp:term":[{"taxonomy":"category","embeddable":true,"href":"https:\/\/salonsauvignon.eu\/ger\/wp-json\/wp\/v2\/categories?post=9084"},{"taxonomy":"post_tag","embeddable":true,"href":"https:\/\/salonsauvignon.eu\/ger\/wp-json\/wp\/v2\/tags?post=9084"}],"curies":[{"name":"wp","href":"https:\/\/api.w.org\/{rel}","templated":true}]}}