{"id":3612,"date":"2019-04-26T11:52:53","date_gmt":"2019-04-26T11:52:53","guid":{"rendered":"http:\/\/salonsauvignon.eu\/?p=3612"},"modified":"2022-04-06T14:52:22","modified_gmt":"2022-04-06T12:52:22","slug":"salon-sauvignon-ptuj-2019","status":"publish","type":"post","link":"https:\/\/salonsauvignon.eu\/hun\/szalon-sauvignon-ptuj-2019\/","title":{"rendered":"SZALON SAUVIGNON PTUJ 2019"},"content":{"rendered":"<p>Tisztelt Uram vagy H\u00f6lgyem!<\/p>\n<p>M\u00falt szombaton, 2019. \u00e1prilis 13-\u00e1n, 13 \u00e9s 19 \u00f3ra k\u00f6z\u00f6tt a ptuji dominik\u00e1nus kolostorban ker\u00fclt megrendez\u00e9sre az 5. SALON SAUVIGNON PTUJ 2019 - VINO V V\u00c1ROSA EGY MILLENIUMBAN. T\u00f6bb mint hatsz\u00e1z borkedvel\u0151t vonzott. A rendezv\u00e9nyen t\u00f6bb mint sz\u00e1z bor\u00e1sz \u00e9s 61 bor\u00e1szat k\u00e9pvisel\u0151je mutatta be 171 sauvignonj\u00e1t \u00e9s cabernet sauvignonj\u00e1t Szlov\u00e9ni\u00e1b\u00f3l \u00e9s a vil\u00e1g minden t\u00e1j\u00e1r\u00f3l. A CONCOURS MONDIAL SAUVIGON, a projekt szakmai partnere, benevezett a projektbe, \u00e9s a 2017-es \u00e9s 2018-as \u00e9rt\u00e9kel\u00e9sek legjobb sauvignonjai k\u00f6z\u00fcl 36-ot aj\u00e1nlott fel k\u00f3stol\u00e1sra.<\/p>\n<p>A SALON SAUVIGNON PTUJ 2020 fesztiv\u00e1lra 2020. \u00e1prilis 18-\u00e1n ker\u00fcl sor.<\/p>\n<p>Mell\u00e9kelj\u00fck a fesztiv\u00e1lr\u00f3l sz\u00f3l\u00f3 sajt\u00f3k\u00f6zlem\u00e9nyt, valamint n\u00e9h\u00e1ny fot\u00f3t az idei rendezv\u00e9nyekr\u0151l. A fot\u00f3kat Boris k\u00e9sz\u00edtette. B. VOGLAR.<\/p>\n<p>Tov\u00e1bbi inform\u00e1ci\u00f3kkal \u00e1llunk rendelkez\u00e9s\u00e9re.<\/p>\n<p>Slavko P. DOBNIK, fesztiv\u00e1ligazgat\u00f3<\/p>\n<p>Sta\u0161a BIZJAK, szak\u00e9rt\u0151 menedzser<\/p>","protected":false},"excerpt":{"rendered":"<p>Tisztelt Uram vagy H\u00f6lgyem! M\u00falt szombaton, 2019. \u00e1prilis 13-\u00e1n, 13 \u00e9s 19 \u00f3ra k\u00f6z\u00f6tt a ptuji dominik\u00e1nus kolostorban ker\u00fclt megrendez\u00e9sre az 5. SALON SAUVIGNON PTUJ 2019 - VINO V V\u00c1ROSA EGY MILLENIUMBAN. T\u00f6bb mint hatsz\u00e1z borkedvel\u0151t vonzott. T\u00f6bb mint sz\u00e1z bor\u00e1sz \u00e9s 61 bor\u00e1szat k\u00e9pvisel\u0151i [...]<\/p>","protected":false},"author":4,"featured_media":3615,"comment_status":"closed","ping_status":"closed","sticky":false,"template":"","format":"standard","meta":{"_jetpack_memberships_contains_paid_content":false,"footnotes":"","jetpack_publicize_message":"","jetpack_publicize_feature_enabled":true,"jetpack_social_post_already_shared":false,"jetpack_social_options":{"image_generator_settings":{"template":"highway","enabled":false},"version":2},"_wpscppro_custom_social_share_image":0,"_facebook_share_type":"","_twitter_share_type":"","_linkedin_share_type":"","_pinterest_share_type":"","_linkedin_share_type_page":"","_instagram_share_type":"","_selected_social_profile":[]},"categories":[47],"tags":[],"class_list":["post-3612","post","type-post","status-publish","format-standard","has-post-thumbnail","hentry","category-novice"],"jetpack_publicize_connections":[],"jetpack_featured_media_url":"https:\/\/salonsauvignon.eu\/wp-content\/uploads\/2019\/04\/SALON_SAUVIGNON_19_FOTO_B_VOGLAR_59-e1648655837219.jpg","jetpack_sharing_enabled":true,"_links":{"self":[{"href":"https:\/\/salonsauvignon.eu\/hun\/wp-json\/wp\/v2\/posts\/3612","targetHints":{"allow":["GET"]}}],"collection":[{"href":"https:\/\/salonsauvignon.eu\/hun\/wp-json\/wp\/v2\/posts"}],"about":[{"href":"https:\/\/salonsauvignon.eu\/hun\/wp-json\/wp\/v2\/types\/post"}],"author":[{"embeddable":true,"href":"https:\/\/salonsauvignon.eu\/hun\/wp-json\/wp\/v2\/users\/4"}],"replies":[{"embeddable":true,"href":"https:\/\/salonsauvignon.eu\/hun\/wp-json\/wp\/v2\/comments?post=3612"}],"version-history":[{"count":0,"href":"https:\/\/salonsauvignon.eu\/hun\/wp-json\/wp\/v2\/posts\/3612\/revisions"}],"wp:featuredmedia":[{"embeddable":true,"href":"https:\/\/salonsauvignon.eu\/hun\/wp-json\/wp\/v2\/media\/3615"}],"wp:attachment":[{"href":"https:\/\/salonsauvignon.eu\/hun\/wp-json\/wp\/v2\/media?parent=3612"}],"wp:term":[{"taxonomy":"category","embeddable":true,"href":"https:\/\/salonsauvignon.eu\/hun\/wp-json\/wp\/v2\/categories?post=3612"},{"taxonomy":"post_tag","embeddable":true,"href":"https:\/\/salonsauvignon.eu\/hun\/wp-json\/wp\/v2\/tags?post=3612"}],"curies":[{"name":"wp","href":"https:\/\/api.w.org\/{rel}","templated":true}]}}