{"id":6310,"date":"2022-04-02T14:23:01","date_gmt":"2022-04-02T12:23:01","guid":{"rendered":"https:\/\/salonsauvignon.eu\/?p=6310"},"modified":"2022-04-15T16:08:09","modified_gmt":"2022-04-15T14:08:09","slug":"avgustin-2022","status":"publish","type":"post","link":"https:\/\/salonsauvignon.eu\/hun\/augustin-2022\/","title":{"rendered":"Augustinus 2022"},"content":{"rendered":"<p><img fetchpriority=\"high\" decoding=\"async\" class=\"alignnone wp-image-6311\" src=\"https:\/\/salonsauvignon.eu\/wp-content\/uploads\/2022\/04\/Vinarstvo-Avgustin-300x300.jpg\" alt=\"\" width=\"467\" height=\"467\"><\/p>\n<p>&nbsp;<\/p>\n<p>Salon SAUVIGNON Ptuj 2022, Art &amp; Wine fesztiv\u00e1l.<br \/>\nM\u00e1jus 7-\u00e9n, szombaton 13:00 \u00f3rakor.<\/p>\n<p><strong>Augustine bor\u00e1szat<\/strong> a fiatal, friss boroknak van szentelve, amelyek eg\u00e9sz \u00e9vben elk\u00eds\u00e9rnek minket, \u00e9s amelyek a mi \u00e9s \u0151seink lelkesed\u00e9s\u00e9nek, szeretet\u00e9nek \u00e9s szenved\u00e9ly\u00e9nek az eredm\u00e9nyei. A bornak pedigr\u00e9je, karaktere \u00e9s lelke kell, hogy legyen.\" Toma\u017e Augustin<\/p>\n<p>\/\/ Nyolcadik alkalommal - ism\u00e9t a ptuji dominik\u00e1nus kolostor gy\u00f6ny\u00f6r\u0171 g\u00f3tikus kereng\u0151j\u00e9ben.<\/p>\n<p>Egy fest\u0151i k\u00f6z\u00e9pkori v\u00e1rosban, sz\u0151l\u0151\u00fcltetv\u00e9nyekkel k\u00f6r\u00fclv\u00e9ve.<\/p>\n<p>Szlov\u00e9nia \u00e9s a vil\u00e1g legjobb sauvignonjai.<\/p>\n<p>Finom konyha.<\/p>\n<p>Mesterkurzus. Az idei nyertesek a k\u00f6vetkez\u0151k lesznek\u00a0<span lang=\"SL\">prof. Dr. Klemen Lisjak \u00e9s doc. Dr. Guillaume Antalick.<\/span><\/p>\n<p>Art. Zene.<\/p>\n<p>Szombati napunkat egy karizmatikus k\u00f6z\u00e9pkori kolostor falai k\u00f6z\u00f6tt z\u00e1rjuk a n\u00e9pszer\u0171 \u00e9nekesn\u0151, Ditka koncertj\u00e9vel.<\/p>\n<p>Jegy\u00e1r:<\/p>\n<p>18 \u20ac el\u0151v\u00e9telben \u00e9s nagy csoportoknak a rendezv\u00e9ny napj\u00e1n.<\/p>\n<p>21 \u20ac az esem\u00e9ny napj\u00e1n.<\/p>\n<p>Mesterkurzus \u00e1ra:<\/p>\n<p>36 \u20ac, amely tartalmazza a rendezv\u00e9nyre sz\u00f3l\u00f3 jegyet.<\/p>\n<p>Tov\u00e1bbi inform\u00e1ci\u00f3 a<\/p>\n<p>mobn. 041328488<br \/>\n<a href=\"https:\/\/salonsauvignon.eu\/hun\/\" target=\"_blank\" rel=\"noopener noreferrer\" data-saferedirecturl=\"https:\/\/www.google.com\/url?q=http:\/\/www.salonsauvignon.eu&amp;source=gmail&amp;ust=1648842252240000&amp;usg=AOvVaw1VdxKrb5FHYGp9vVuMuB3I\">www.salonsauvignon.eu<\/a><\/p>\n<p>K\u00f6vessen, ossza meg \u00e9s kedveljen minket:<\/p>\n<p><a href=\"https:\/\/salonsauvignon.eu\/hun\/\" target=\"_blank\" rel=\"noopener noreferrer\" data-saferedirecturl=\"https:\/\/www.google.com\/url?q=http:\/\/salonsauvignon.eu\/&amp;source=gmail&amp;ust=1648842252240000&amp;usg=AOvVaw0DpkoQYw562Pn3MPqwCo9l\">http:\/\/salonsauvignon.eu\/<\/a><br \/>\n<a href=\"https:\/\/www.facebook.com\/salonsauvignon\/\" target=\"_blank\" rel=\"noopener noreferrer\" data-saferedirecturl=\"https:\/\/www.google.com\/url?q=https:\/\/www.facebook.com\/salonsauvignon\/&amp;source=gmail&amp;ust=1648842252240000&amp;usg=AOvVaw2Xo5tyjZgiltrV02pvwoq_\">https:\/\/www.facebook.com\/salon<wbr \/>sauvignon\/<\/a><br \/>\ninstagram: salonsauvignon2022<\/p>\n<p>ENG<\/p>\n<p>Salon SAUVIGNON Ptuj 2022, Art &amp; Wine fesztiv\u00e1l.<br \/>\nM\u00e1jus 7., szombat 13 \u00f3r\u00e1t\u00f3l<\/p>\n<p>Nyolcadik alkalommal - ism\u00e9t a ptuji domonkos kolostor gy\u00f6ny\u00f6r\u0171 g\u00f3tikus kereng\u0151j\u00e9ben.<\/p>\n<p>Egy fest\u0151i k\u00f6z\u00e9pkori v\u00e1rosban, sz\u0151l\u0151\u00fcltetv\u00e9nyekkel k\u00f6r\u00fclv\u00e9ve.<\/p>\n<p>A legjobb sauvignonok, amelyeket Szlov\u00e9nia \u00e9s a vil\u00e1g k\u00edn\u00e1l.<\/p>\n<p>Fels\u0151bb konyham\u0171v\u00e9szet.<\/p>\n<p>Mesterkurzus. <span lang=\"SL\">prof. Dr. Klemen Lisjak \u00e9s doc. Dr. Guillaume Antalick.<\/span><\/p>\n<p>Art. Zene.<\/p>\n<p>A szombati napot a karizmatikus k\u00f6z\u00e9pkori kolostor falai k\u00f6z\u00f6tt a n\u00e9pszer\u0171 \u00e9nekesn\u0151, Ditka koncertj\u00e9vel z\u00e1rjuk.<\/p>\n<p>Bel\u00e9p\u0151d\u00edj:<\/p>\n<p>18 \u20ac el\u0151v\u00e9telben \u00e9s nagyobb bejelentett csoportok sz\u00e1m\u00e1ra a rendezv\u00e9ny napj\u00e1n.<\/p>\n<p>21 \u20ac az esem\u00e9ny napj\u00e1n.<\/p>\n<p>Mesterkurzus \u00e1ra:<\/p>\n<p>36 \u20ac a bel\u00e9p\u0151vel egy\u00fctt.<\/p>\n<p>Tov\u00e1bbi inform\u00e1ci\u00f3k:<\/p>\n<p>Telefonsz\u00e1m: +386 41 328 488<br \/>\n<a href=\"https:\/\/salonsauvignon.eu\/hun\/\" target=\"_blank\" rel=\"noopener noreferrer\" data-saferedirecturl=\"https:\/\/www.google.com\/url?q=http:\/\/www.salonsauvignon.eu&amp;source=gmail&amp;ust=1648842252240000&amp;usg=AOvVaw1VdxKrb5FHYGp9vVuMuB3I\">www.salonsauvignon.eu<\/a><\/p>\n<p>K\u00f6vessen, ossza meg \u00e9s kedveljen minket:<\/p>\n<p><a href=\"https:\/\/salonsauvignon.eu\/hun\/\" target=\"_blank\" rel=\"noopener noreferrer\" data-saferedirecturl=\"https:\/\/www.google.com\/url?q=http:\/\/salonsauvignon.eu\/&amp;source=gmail&amp;ust=1648842252240000&amp;usg=AOvVaw0DpkoQYw562Pn3MPqwCo9l\">http:\/\/salonsauvignon.eu\/<\/a><br \/>\n<a href=\"https:\/\/www.facebook.com\/salonsauvignon\/\" target=\"_blank\" rel=\"noopener noreferrer\" data-saferedirecturl=\"https:\/\/www.google.com\/url?q=https:\/\/www.facebook.com\/salonsauvignon\/&amp;source=gmail&amp;ust=1648842252240000&amp;usg=AOvVaw2Xo5tyjZgiltrV02pvwoq_\">https:\/\/www.facebook.com\/salon<wbr \/>sauvignon\/<\/a><br \/>\ninstagram: salonsauvignon2022<\/p>\n<p>#SalonSauvignon #Ptuj #sauvignon #sauvignonblanc #cabernetsauvignon #vino #bor #bor #art #art #art #culinary #cuisine #enogasztron\u00f3mia #enogastronomia #urizmus #urizmus #VisitPtuj #winefestival #winelovers #food #masterclass #winejudge #salonsauvignonptuj2022 #salonsauvignon2022 #Slovenia #Slovenia<\/p>","protected":false},"excerpt":{"rendered":"<p>&nbsp; Salon SAUVIGNON Ptuj 2022, Art &amp; Wine fesztiv\u00e1l. M\u00e1jus 7-\u00e9n, szombaton 13:00 \u00f3rakor. Az Avgu\u0161tin Pinc\u00e9szet fiatal, friss borokat k\u00e9sz\u00edt, amelyek eg\u00e9sz \u00e9vben k\u00f6vetnek minket, \u00e9s amelyek a saj\u00e1t \u00e9s \u0151seink lelkesed\u00e9s\u00e9nek, szeretet\u00e9nek \u00e9s szenved\u00e9ly\u00e9nek az eredm\u00e9nyei. A bornak pedigr\u00e9je, karaktere \u00e9s lelke kell, hogy legyen.\" Toma\u017e Avgu\u0161tin \/\/ Nyolcadik alkalommal - ism\u00e9t a ptuji domonkosok gy\u00f6ny\u00f6r\u0171 g\u00f3tikus kereng\u0151j\u00e9ben - [...]<\/p>","protected":false},"author":2,"featured_media":0,"comment_status":"closed","ping_status":"closed","sticky":false,"template":"","format":"standard","meta":{"_jetpack_memberships_contains_paid_content":false,"footnotes":"","jetpack_publicize_message":"","jetpack_publicize_feature_enabled":true,"jetpack_social_post_already_shared":false,"jetpack_social_options":{"image_generator_settings":{"template":"highway","enabled":false},"version":2},"_wpscppro_custom_social_share_image":0,"_facebook_share_type":"","_twitter_share_type":"","_linkedin_share_type":"","_pinterest_share_type":"","_linkedin_share_type_page":"","_instagram_share_type":"","_selected_social_profile":[]},"categories":[47,63],"tags":[],"class_list":["post-6310","post","type-post","status-publish","format-standard","hentry","category-novice","category-vinarji"],"jetpack_publicize_connections":[],"jetpack_featured_media_url":"","jetpack_sharing_enabled":true,"_links":{"self":[{"href":"https:\/\/salonsauvignon.eu\/hun\/wp-json\/wp\/v2\/posts\/6310","targetHints":{"allow":["GET"]}}],"collection":[{"href":"https:\/\/salonsauvignon.eu\/hun\/wp-json\/wp\/v2\/posts"}],"about":[{"href":"https:\/\/salonsauvignon.eu\/hun\/wp-json\/wp\/v2\/types\/post"}],"author":[{"embeddable":true,"href":"https:\/\/salonsauvignon.eu\/hun\/wp-json\/wp\/v2\/users\/2"}],"replies":[{"embeddable":true,"href":"https:\/\/salonsauvignon.eu\/hun\/wp-json\/wp\/v2\/comments?post=6310"}],"version-history":[{"count":1,"href":"https:\/\/salonsauvignon.eu\/hun\/wp-json\/wp\/v2\/posts\/6310\/revisions"}],"predecessor-version":[{"id":6542,"href":"https:\/\/salonsauvignon.eu\/hun\/wp-json\/wp\/v2\/posts\/6310\/revisions\/6542"}],"wp:attachment":[{"href":"https:\/\/salonsauvignon.eu\/hun\/wp-json\/wp\/v2\/media?parent=6310"}],"wp:term":[{"taxonomy":"category","embeddable":true,"href":"https:\/\/salonsauvignon.eu\/hun\/wp-json\/wp\/v2\/categories?post=6310"},{"taxonomy":"post_tag","embeddable":true,"href":"https:\/\/salonsauvignon.eu\/hun\/wp-json\/wp\/v2\/tags?post=6310"}],"curies":[{"name":"wp","href":"https:\/\/api.w.org\/{rel}","templated":true}]}}