{"id":6550,"date":"2022-04-09T17:40:28","date_gmt":"2022-04-09T15:40:28","guid":{"rendered":"https:\/\/salonsauvignon.eu\/?p=6550"},"modified":"2022-04-17T20:07:12","modified_gmt":"2022-04-17T18:07:12","slug":"carolea-prima-2022","status":"publish","type":"post","link":"https:\/\/salonsauvignon.eu\/hun\/carolea-prima-2022\/","title":{"rendered":"Carolea Prima 2022"},"content":{"rendered":"<p><img fetchpriority=\"high\" decoding=\"async\" class=\"alignnone wp-image-6552\" src=\"https:\/\/salonsauvignon.eu\/wp-content\/uploads\/2022\/04\/Carolea-Prima_kolaz-SS2022-300x300.jpg\" alt=\"Carolea Prima\" width=\"681\" height=\"681\" \/><\/p>\n<p>Salon SAUVIGNON Ptuj 2022, Art &amp; Wine fesztiv\u00e1l.<br \/>\nM\u00e1jus 7-\u00e9n, szombaton 13:00 \u00f3rakor.<\/p>\n<p><strong>Carolea Prima - extra sz\u0171z ol\u00edvaolaj<\/strong> \"Csal\u00e1di v\u00e1llalkoz\u00e1s vagyunk, amely nagy szeretettel viseltetik az olajbogy\u00f3 ir\u00e1nt. Egy hekt\u00e1r f\u00f6ldet m\u0171vel\u00fcnk Isztri\u00e1ban, ahol 420 olajf\u00e1t \u00fcltett\u00fcnk az Istrska bellica, Carbonaca, Bu\u017ea, Ro\u0161injola \u00e9s Bu\u017ea Punto\u017ea fajt\u00e1kb\u00f3l. A f\u00e1k Bale-ben n\u0151nek, t\u00e1vol a forgalomt\u00f3l \u00e9s az ipart\u00f3l, tiszta leveg\u0151n \u00e9s \u00e9rintetlen term\u00e9szetben, ami m\u00e9g autentikusabb \u00edzt k\u00f6lcs\u00f6n\u00f6z az olajnak. <a href=\"https:\/\/www.carolea-prima.com\" target=\"_blank\" rel=\"noopener\">https:\/\/www.carolea-prima.com<\/a><\/p>\n<p>\/\/ Nyolcadik alkalommal - ism\u00e9t a ptuji dominik\u00e1nus kolostor gy\u00f6ny\u00f6r\u0171 g\u00f3tikus kereng\u0151j\u00e9ben.<\/p>\n<p>Egy fest\u0151i k\u00f6z\u00e9pkori v\u00e1rosban, sz\u0151l\u0151\u00fcltetv\u00e9nyekkel k\u00f6r\u00fclv\u00e9ve.<\/p>\n<p>Szlov\u00e9nia \u00e9s a vil\u00e1g legjobb sauvignonjai.<\/p>\n<p>Finom konyha.<\/p>\n<p>Mesterkurzus. Az idei nyertesek a k\u00f6vetkez\u0151k lesznek\u00a0<span lang=\"SL\">prof. Dr. Klemen Lisjak \u00e9s doc. Dr. Guillaume Antalick.<\/span><\/p>\n<p>Art. Zene.<\/p>\n<p>Szombati napunkat egy karizmatikus k\u00f6z\u00e9pkori kolostor falai k\u00f6z\u00f6tt z\u00e1rjuk a n\u00e9pszer\u0171 \u00e9nekesn\u0151, Ditka koncertj\u00e9vel.<\/p>\n<p>Jegy\u00e1r:<\/p>\n<p>18 \u20ac el\u0151v\u00e9telben \u00e9s nagy csoportoknak a rendezv\u00e9ny napj\u00e1n.<\/p>\n<p>21 \u20ac az esem\u00e9ny napj\u00e1n.<\/p>\n<p>Mesterkurzus \u00e1ra:<\/p>\n<p>36 \u20ac, amely tartalmazza a rendezv\u00e9nyre sz\u00f3l\u00f3 jegyet.<\/p>\n<p>Tov\u00e1bbi inform\u00e1ci\u00f3 a<\/p>\n<p>mobn. 041328488<br \/>\n<a href=\"https:\/\/salonsauvignon.eu\/hun\/\" target=\"_blank\" rel=\"noopener noreferrer\" data-saferedirecturl=\"https:\/\/www.google.com\/url?q=https:\/\/www.salonsauvignon.eu&amp;source=gmail&amp;ust=1648842252240000&amp;usg=AOvVaw1VdxKrb5FHYGp9vVuMuB3I\">www.salonsauvignon.eu<\/a><\/p>\n<p>K\u00f6vessen, ossza meg \u00e9s kedveljen minket:<\/p>\n<p><a href=\"https:\/\/salonsauvignon.eu\/hun\/\" target=\"_blank\" rel=\"noopener noreferrer\" data-saferedirecturl=\"https:\/\/www.google.com\/url?q=https:\/\/salonsauvignon.eu\/&amp;source=gmail&amp;ust=1648842252240000&amp;usg=AOvVaw0DpkoQYw562Pn3MPqwCo9l\">https:\/\/salonsauvignon.eu\/<\/a><br \/>\n<a href=\"https:\/\/www.facebook.com\/salonsauvignon\/\" target=\"_blank\" rel=\"noopener noreferrer\" data-saferedirecturl=\"https:\/\/www.google.com\/url?q=https:\/\/www.facebook.com\/salonsauvignon\/&amp;source=gmail&amp;ust=1648842252240000&amp;usg=AOvVaw2Xo5tyjZgiltrV02pvwoq_\">https:\/\/www.facebook.com\/salon<wbr \/>sauvignon\/<\/a><br \/>\ninstagram: salonsauvignon2022<\/p>\n<p>ENG<\/p>\n<p>Salon SAUVIGNON Ptuj 2022, Art &amp; Wine fesztiv\u00e1l.<br \/>\nM\u00e1jus 7., szombat 13 \u00f3r\u00e1t\u00f3l<\/p>\n<p>Nyolcadik alkalommal - ism\u00e9t a ptuji domonkos kolostor gy\u00f6ny\u00f6r\u0171 g\u00f3tikus kereng\u0151j\u00e9ben.<\/p>\n<p>Egy fest\u0151i k\u00f6z\u00e9pkori v\u00e1rosban, sz\u0151l\u0151\u00fcltetv\u00e9nyekkel k\u00f6r\u00fclv\u00e9ve.<\/p>\n<p>A legjobb sauvignonok, amelyeket Szlov\u00e9nia \u00e9s a vil\u00e1g k\u00edn\u00e1l.<\/p>\n<p>Fels\u0151bb konyham\u0171v\u00e9szet.<\/p>\n<p>Mesterkurzus. <span lang=\"SL\">prof. Dr. Klemen Lisjak \u00e9s doc. Dr. Guillaume Antalick.<\/span><\/p>\n<p>Art. Zene.<\/p>\n<p>A szombati napot a karizmatikus k\u00f6z\u00e9pkori kolostor falai k\u00f6z\u00f6tt a n\u00e9pszer\u0171 \u00e9nekesn\u0151, Ditka koncertj\u00e9vel z\u00e1rjuk.<\/p>\n<p>Bel\u00e9p\u0151d\u00edj:<\/p>\n<p>18 \u20ac el\u0151v\u00e9telben \u00e9s nagyobb bejelentett csoportok sz\u00e1m\u00e1ra a rendezv\u00e9ny napj\u00e1n.<\/p>\n<p>21 \u20ac az esem\u00e9ny napj\u00e1n.<\/p>\n<p>Mesterkurzus \u00e1ra:<\/p>\n<p>36 \u20ac a bel\u00e9p\u0151vel egy\u00fctt.<\/p>\n<p>Tov\u00e1bbi inform\u00e1ci\u00f3k:<\/p>\n<p>Telefonsz\u00e1m: +386 41 328 488<br \/>\n<a href=\"https:\/\/salonsauvignon.eu\/hun\/\" target=\"_blank\" rel=\"noopener noreferrer\" data-saferedirecturl=\"https:\/\/www.google.com\/url?q=https:\/\/www.salonsauvignon.eu&amp;source=gmail&amp;ust=1648842252240000&amp;usg=AOvVaw1VdxKrb5FHYGp9vVuMuB3I\">www.salonsauvignon.eu<\/a><\/p>\n<p>K\u00f6vessen, ossza meg \u00e9s kedveljen minket:<\/p>\n<p><a href=\"https:\/\/salonsauvignon.eu\/hun\/\" target=\"_blank\" rel=\"noopener noreferrer\" data-saferedirecturl=\"https:\/\/www.google.com\/url?q=https:\/\/salonsauvignon.eu\/&amp;source=gmail&amp;ust=1648842252240000&amp;usg=AOvVaw0DpkoQYw562Pn3MPqwCo9l\">https:\/\/salonsauvignon.eu\/<\/a><br \/>\n<a href=\"https:\/\/www.facebook.com\/salonsauvignon\/\" target=\"_blank\" rel=\"noopener noreferrer\" data-saferedirecturl=\"https:\/\/www.google.com\/url?q=https:\/\/www.facebook.com\/salonsauvignon\/&amp;source=gmail&amp;ust=1648842252240000&amp;usg=AOvVaw2Xo5tyjZgiltrV02pvwoq_\">https:\/\/www.facebook.com\/salon<wbr \/>sauvignon\/<\/a><br \/>\ninstagram: salonsauvignon2022<\/p>\n<p>#SalonSauvignon #Ptuj #sauvignon #sauvignonblanc #cabernetsauvignon #vino #bor #bor #art #art #art #culinary #cuisine #enogasztron\u00f3mia #enogastronomia #urizmus #urizmus #VisitPtuj #winefestival #winelovers #food #masterclass #winejudge #salonsauvignonptuj2022 #salonsauvignon2022 #Slovenia #Slovenia<\/p>","protected":false},"excerpt":{"rendered":"<p>Salon SAUVIGNON Ptuj 2022, Art &amp; Wine fesztiv\u00e1l. M\u00e1jus 7-\u00e9n, szombaton 13:00 \u00f3rakor. Carolea Prima - extra sz\u0171z ol\u00edvaolaj \"Csal\u00e1di v\u00e1llalkoz\u00e1s vagyunk, amely nagy szeretettel viseltetik az olajbogy\u00f3 ir\u00e1nt. Egy hekt\u00e1r f\u00f6ldet m\u0171vel\u00fcnk Isztri\u00e1ban, ahol 420 olajf\u00e1t \u00fcltett\u00fcnk az Istrska bellica, Carbonaca, Bu\u017ea, Ro\u0161injola \u00e9s Bu\u017ea Punto\u017ea fajt\u00e1kb\u00f3l. A f\u00e1k Bale-ben n\u0151nek, messze [...]<\/p>","protected":false},"author":2,"featured_media":0,"comment_status":"closed","ping_status":"closed","sticky":false,"template":"","format":"standard","meta":{"_jetpack_memberships_contains_paid_content":false,"footnotes":"","jetpack_publicize_message":"","jetpack_publicize_feature_enabled":true,"jetpack_social_post_already_shared":false,"jetpack_social_options":{"image_generator_settings":{"template":"highway","enabled":false},"version":2},"_wpscppro_custom_social_share_image":0,"_facebook_share_type":"","_twitter_share_type":"","_linkedin_share_type":"","_pinterest_share_type":"","_linkedin_share_type_page":"","_instagram_share_type":"","_selected_social_profile":[]},"categories":[47],"tags":[],"class_list":["post-6550","post","type-post","status-publish","format-standard","hentry","category-novice"],"jetpack_publicize_connections":[],"jetpack_featured_media_url":"","jetpack_sharing_enabled":true,"_links":{"self":[{"href":"https:\/\/salonsauvignon.eu\/hun\/wp-json\/wp\/v2\/posts\/6550","targetHints":{"allow":["GET"]}}],"collection":[{"href":"https:\/\/salonsauvignon.eu\/hun\/wp-json\/wp\/v2\/posts"}],"about":[{"href":"https:\/\/salonsauvignon.eu\/hun\/wp-json\/wp\/v2\/types\/post"}],"author":[{"embeddable":true,"href":"https:\/\/salonsauvignon.eu\/hun\/wp-json\/wp\/v2\/users\/2"}],"replies":[{"embeddable":true,"href":"https:\/\/salonsauvignon.eu\/hun\/wp-json\/wp\/v2\/comments?post=6550"}],"version-history":[{"count":6,"href":"https:\/\/salonsauvignon.eu\/hun\/wp-json\/wp\/v2\/posts\/6550\/revisions"}],"predecessor-version":[{"id":6870,"href":"https:\/\/salonsauvignon.eu\/hun\/wp-json\/wp\/v2\/posts\/6550\/revisions\/6870"}],"wp:attachment":[{"href":"https:\/\/salonsauvignon.eu\/hun\/wp-json\/wp\/v2\/media?parent=6550"}],"wp:term":[{"taxonomy":"category","embeddable":true,"href":"https:\/\/salonsauvignon.eu\/hun\/wp-json\/wp\/v2\/categories?post=6550"},{"taxonomy":"post_tag","embeddable":true,"href":"https:\/\/salonsauvignon.eu\/hun\/wp-json\/wp\/v2\/tags?post=6550"}],"curies":[{"name":"wp","href":"https:\/\/api.w.org\/{rel}","templated":true}]}}