{"id":6808,"date":"2022-04-16T15:57:42","date_gmt":"2022-04-16T13:57:42","guid":{"rendered":"https:\/\/salonsauvignon.eu\/?p=6808"},"modified":"2022-04-16T16:07:08","modified_gmt":"2022-04-16T14:07:08","slug":"emil-2022","status":"publish","type":"post","link":"https:\/\/salonsauvignon.eu\/hun\/emil-2022\/","title":{"rendered":"Emil 2022"},"content":{"rendered":"<p><img fetchpriority=\"high\" decoding=\"async\" class=\"alignnone wp-image-6811\" src=\"https:\/\/salonsauvignon.eu\/wp-content\/uploads\/2022\/04\/Emil-vino-kolaz-300x300.jpg\" alt=\"Emil\" width=\"686\" height=\"686\" \/><\/p>\n<p>Salon SAUVIGNON Ptuj 2022, Art &amp; Wine fesztiv\u00e1l.<br \/>\nM\u00e1jus 7-\u00e9n, szombaton 13:00 \u00f3rakor.<\/p>\n<div class=\"cxmmr5t8 oygrvhab hcukyx3x c1et5uql o9v6fnle ii04i59q\">\n<div dir=\"auto\"><b><b>Emil bora \"<\/b><\/b>Farmunk Vodol\u00e1ban tal\u00e1lhat\u00f3, Maribor h\u00e1torsz\u00e1g\u00e1ban, a Slovenske gorice hegys\u00e9g dombos vid\u00e9k\u00e9n. A ter\u00fclet a bar\u00e1ts\u00e1gos emberekr\u0151l \u00e9s a sikeres bor\u00e1szokr\u00f3l, valamint a bor\u00faton tal\u00e1lhat\u00f3 turistafarmokr\u00f3l ismert. Innen gy\u00f6ny\u00f6r\u0171 kil\u00e1t\u00e1s ny\u00edlik a Dr\u00e1va-v\u00f6lgyre, Pohorje, Kopj \u00e9s Dona\u010dki Gora fel\u00e9. \/\/ H\u00e1zi k\u00e9sz\u00edt\u00e9s\u0171 finoms\u00e1gainkat (tonhalh\u00fas szalonn\u00e1val, pecsenye, szal\u00e1mi, f\u0151tt kolb\u00e1sz, h\u00e1zi keny\u00e9r \u00e9s alm\u00e1s r\u00e9tes, bor), melyeket nagy er\u0151fesz\u00edt\u00e9ssel, t\u00fcrelemmel \u00e9s szeretettel \u00e1ll\u00edtunk el\u0151, a Vodola Emil Turistah\u00e1zban szolg\u00e1ljuk fel. \/\/ Fajtajelleg\u0171 \u00e9s friss borokat k\u00edn\u00e1lunk. Viszonylag alacsony alkoholtartalmuknak k\u00f6sz\u00f6nhet\u0151en a borok k\u00f6nnyedebbek \u00e9s kellemesen ihat\u00f3ak, \u00e9s t\u00f6k\u00e9letes k\u00eds\u00e9r\u0151i a legk\u00fcl\u00f6nf\u00e9l\u00e9bb \u00e9teleknek. A l\u00e1gy karbon\u00e1tos k\u0151zetek \u00e9s a lapis, valamint a sz\u0151l\u0151\u00fcltetv\u00e9nyek kiv\u00e1l\u00f3 elhelyezked\u00e9se miatt a vil\u00e1g legjobb borterm\u0151 helyei k\u00f6z\u00e9 tartoznak. A Vodola 8 hekt\u00e1ros sz\u0151l\u0151\u00fcltetv\u00e9nyein k\u00fcl\u00f6nleges sz\u0151l\u0151fajt\u00e1k teremnek, amelyeket a pinc\u00e9ben friss bork\u00e9nt bork\u00e9sz\u00edtenek az EMIL VINO m\u00e1rkan\u00e9v alatt. Hissz\u00fck, hogy egy poh\u00e1r borral felismeri a t\u00f6rt\u00e9net\u00fcnket, az er\u0151fesz\u00edt\u00e9seinket \u00e9s a bor ir\u00e1nti szeretet\u00fcnket. Alig v\u00e1rjuk, hogy tal\u00e1lkozzunk a Salon Sauvignonban.\" <a href=\"https:\/\/www.visitmaribor.si\/si\/kaj-poceti\/vino-in-kulinarika\/ponudniki\/12037-\" target=\"_blank\" rel=\"noopener\">https:\/\/www.visitmaribor.si\/si\/kaj-poceti\/vino-in-kulinarika\/ponudniki\/12037-\u00a0<\/a><\/div>\n<\/div>\n<p>\/\/ Nyolcadik alkalommal - ism\u00e9t a ptuji dominik\u00e1nus kolostor gy\u00f6ny\u00f6r\u0171 g\u00f3tikus kereng\u0151j\u00e9ben.<\/p>\n<p>Egy fest\u0151i k\u00f6z\u00e9pkori v\u00e1rosban, sz\u0151l\u0151\u00fcltetv\u00e9nyekkel k\u00f6r\u00fclv\u00e9ve.<\/p>\n<p>Szlov\u00e9nia \u00e9s a vil\u00e1g legjobb sauvignonjai.<\/p>\n<p>Finom konyha.<\/p>\n<p>Mesterkurzus. Az idei nyertesek a k\u00f6vetkez\u0151k lesznek\u00a0<span lang=\"SL\">prof. Dr. Klemen Lisjak \u00e9s doc. Dr. Guillaume Antalick.<\/span><\/p>\n<p>Art. Zene.<\/p>\n<p>Szombati napunkat egy karizmatikus k\u00f6z\u00e9pkori kolostor falai k\u00f6z\u00f6tt z\u00e1rjuk a n\u00e9pszer\u0171 \u00e9nekesn\u0151, Ditka koncertj\u00e9vel.<\/p>\n<p>Jegy\u00e1r:<\/p>\n<p>18 \u20ac el\u0151v\u00e9telben \u00e9s nagy csoportoknak a rendezv\u00e9ny napj\u00e1n.<\/p>\n<p>21 \u20ac az esem\u00e9ny napj\u00e1n.<\/p>\n<p>Mesterkurzus \u00e1ra:<\/p>\n<p>36 \u20ac, amely tartalmazza a rendezv\u00e9nyre sz\u00f3l\u00f3 jegyet.<\/p>\n<p>Tov\u00e1bbi inform\u00e1ci\u00f3 a<\/p>\n<p>mobn. 041328488<br \/>\n<a href=\"https:\/\/salonsauvignon.eu\/hun\/\" target=\"_blank\" rel=\"noopener noreferrer\" data-saferedirecturl=\"https:\/\/www.google.com\/url?q=https:\/\/www.salonsauvignon.eu&amp;source=gmail&amp;ust=1648842252240000&amp;usg=AOvVaw1VdxKrb5FHYGp9vVuMuB3I\">www.salonsauvignon.eu<\/a><\/p>\n<p>K\u00f6vessen, ossza meg \u00e9s kedveljen minket:<\/p>\n<p><a href=\"https:\/\/salonsauvignon.eu\/hun\/\" target=\"_blank\" rel=\"noopener noreferrer\" data-saferedirecturl=\"https:\/\/www.google.com\/url?q=https:\/\/salonsauvignon.eu\/&amp;source=gmail&amp;ust=1648842252240000&amp;usg=AOvVaw0DpkoQYw562Pn3MPqwCo9l\">https:\/\/salonsauvignon.eu\/<\/a><br \/>\n<a href=\"https:\/\/www.facebook.com\/salonsauvignon\/\" target=\"_blank\" rel=\"noopener noreferrer\" data-saferedirecturl=\"https:\/\/www.google.com\/url?q=https:\/\/www.facebook.com\/salonsauvignon\/&amp;source=gmail&amp;ust=1648842252240000&amp;usg=AOvVaw2Xo5tyjZgiltrV02pvwoq_\">https:\/\/www.facebook.com\/salon<wbr \/>sauvignon\/<\/a><br \/>\ninstagram: salonsauvignon2022<\/p>\n<p>ENG<\/p>\n<p>Salon SAUVIGNON Ptuj 2022, Art &amp; Wine fesztiv\u00e1l.<br \/>\nM\u00e1jus 7., szombat 13 \u00f3r\u00e1t\u00f3l<\/p>\n<p>Nyolcadik alkalommal - ism\u00e9t a ptuji domonkos kolostor gy\u00f6ny\u00f6r\u0171 g\u00f3tikus kereng\u0151j\u00e9ben.<\/p>\n<p>Egy fest\u0151i k\u00f6z\u00e9pkori v\u00e1rosban, sz\u0151l\u0151\u00fcltetv\u00e9nyekkel k\u00f6r\u00fclv\u00e9ve.<\/p>\n<p>A legjobb sauvignonok, amelyeket Szlov\u00e9nia \u00e9s a vil\u00e1g k\u00edn\u00e1l.<\/p>\n<p>Fels\u0151bb konyham\u0171v\u00e9szet.<\/p>\n<p>Mesterkurzus. <span lang=\"SL\">prof. Dr. Klemen Lisjak \u00e9s doc. Dr. Guillaume Antalick.<\/span><\/p>\n<p>Art. Zene.<\/p>\n<p>A szombati napot a karizmatikus k\u00f6z\u00e9pkori kolostor falai k\u00f6z\u00f6tt a n\u00e9pszer\u0171 \u00e9nekesn\u0151, Ditka koncertj\u00e9vel z\u00e1rjuk.<\/p>\n<p>Bel\u00e9p\u0151d\u00edj:<\/p>\n<p>18 \u20ac el\u0151v\u00e9telben \u00e9s nagyobb bejelentett csoportok sz\u00e1m\u00e1ra a rendezv\u00e9ny napj\u00e1n.<\/p>\n<p>21 \u20ac az esem\u00e9ny napj\u00e1n.<\/p>\n<p>Mesterkurzus \u00e1ra:<\/p>\n<p>36 \u20ac a bel\u00e9p\u0151vel egy\u00fctt.<\/p>\n<p>Tov\u00e1bbi inform\u00e1ci\u00f3k:<\/p>\n<p>Telefonsz\u00e1m: +386 41 328 488<br \/>\n<a href=\"https:\/\/salonsauvignon.eu\/hun\/\" target=\"_blank\" rel=\"noopener noreferrer\" data-saferedirecturl=\"https:\/\/www.google.com\/url?q=https:\/\/www.salonsauvignon.eu&amp;source=gmail&amp;ust=1648842252240000&amp;usg=AOvVaw1VdxKrb5FHYGp9vVuMuB3I\">www.salonsauvignon.eu<\/a><\/p>\n<p>K\u00f6vessen, ossza meg \u00e9s kedveljen minket:<\/p>\n<p><a href=\"https:\/\/salonsauvignon.eu\/hun\/\" target=\"_blank\" rel=\"noopener noreferrer\" data-saferedirecturl=\"https:\/\/www.google.com\/url?q=https:\/\/salonsauvignon.eu\/&amp;source=gmail&amp;ust=1648842252240000&amp;usg=AOvVaw0DpkoQYw562Pn3MPqwCo9l\">https:\/\/salonsauvignon.eu\/<\/a><br \/>\n<a href=\"https:\/\/www.facebook.com\/salonsauvignon\/\" target=\"_blank\" rel=\"noopener noreferrer\" data-saferedirecturl=\"https:\/\/www.google.com\/url?q=https:\/\/www.facebook.com\/salonsauvignon\/&amp;source=gmail&amp;ust=1648842252240000&amp;usg=AOvVaw2Xo5tyjZgiltrV02pvwoq_\">https:\/\/www.facebook.com\/salon<wbr \/>sauvignon\/<\/a><br \/>\ninstagram: salonsauvignon2022<\/p>\n<p>#SalonSauvignon #Ptuj #sauvignon #sauvignonblanc #cabernetsauvignon #vino #bor #bor #art #art #art #culinary #cuisine #enogasztron\u00f3mia #enogastronomia #urizmus #urizmus #VisitPtuj #winefestival #winelovers #food #masterclass #winejudge #salonsauvignonptuj2022 #salonsauvignon2022 #Slovenia #Slovenia<\/p>","protected":false},"excerpt":{"rendered":"<p>Salon SAUVIGNON Ptuj 2022, Art &amp; Wine fesztiv\u00e1l. M\u00e1jus 7-\u00e9n, szombaton 13:00 \u00f3rakor. Emil vino \"Gazdas\u00e1gunk Vodol\u00e1ban tal\u00e1lhat\u00f3, Maribor h\u00e1torsz\u00e1g\u00e1ban, a szlov\u00e9n hegyek dombos vil\u00e1g\u00e1ban. A ter\u00fclet a bar\u00e1ts\u00e1gos emberekr\u0151l \u00e9s a sikeres bor\u00e1szokr\u00f3l, valamint a bor\u00faton tal\u00e1lhat\u00f3 turistafarmokr\u00f3l ismert. Innen gy\u00f6ny\u00f6r\u0171 kil\u00e1t\u00e1s ny\u00edlik a Dr\u00e1v\u00e1ra [...]<\/p>","protected":false},"author":2,"featured_media":0,"comment_status":"closed","ping_status":"closed","sticky":false,"template":"","format":"standard","meta":{"_jetpack_memberships_contains_paid_content":false,"footnotes":"","jetpack_publicize_message":"","jetpack_publicize_feature_enabled":true,"jetpack_social_post_already_shared":false,"jetpack_social_options":{"image_generator_settings":{"template":"highway","enabled":false},"version":2},"_wpscppro_custom_social_share_image":0,"_facebook_share_type":"","_twitter_share_type":"","_linkedin_share_type":"","_pinterest_share_type":"","_linkedin_share_type_page":"","_instagram_share_type":"","_selected_social_profile":[]},"categories":[47,63],"tags":[],"class_list":["post-6808","post","type-post","status-publish","format-standard","hentry","category-novice","category-vinarji"],"jetpack_publicize_connections":[],"jetpack_featured_media_url":"","jetpack_sharing_enabled":true,"_links":{"self":[{"href":"https:\/\/salonsauvignon.eu\/hun\/wp-json\/wp\/v2\/posts\/6808","targetHints":{"allow":["GET"]}}],"collection":[{"href":"https:\/\/salonsauvignon.eu\/hun\/wp-json\/wp\/v2\/posts"}],"about":[{"href":"https:\/\/salonsauvignon.eu\/hun\/wp-json\/wp\/v2\/types\/post"}],"author":[{"embeddable":true,"href":"https:\/\/salonsauvignon.eu\/hun\/wp-json\/wp\/v2\/users\/2"}],"replies":[{"embeddable":true,"href":"https:\/\/salonsauvignon.eu\/hun\/wp-json\/wp\/v2\/comments?post=6808"}],"version-history":[{"count":3,"href":"https:\/\/salonsauvignon.eu\/hun\/wp-json\/wp\/v2\/posts\/6808\/revisions"}],"predecessor-version":[{"id":6812,"href":"https:\/\/salonsauvignon.eu\/hun\/wp-json\/wp\/v2\/posts\/6808\/revisions\/6812"}],"wp:attachment":[{"href":"https:\/\/salonsauvignon.eu\/hun\/wp-json\/wp\/v2\/media?parent=6808"}],"wp:term":[{"taxonomy":"category","embeddable":true,"href":"https:\/\/salonsauvignon.eu\/hun\/wp-json\/wp\/v2\/categories?post=6808"},{"taxonomy":"post_tag","embeddable":true,"href":"https:\/\/salonsauvignon.eu\/hun\/wp-json\/wp\/v2\/tags?post=6808"}],"curies":[{"name":"wp","href":"https:\/\/api.w.org\/{rel}","templated":true}]}}