{"id":6906,"date":"2022-04-20T08:02:59","date_gmt":"2022-04-20T06:02:59","guid":{"rendered":"https:\/\/salonsauvignon.eu\/?p=6906"},"modified":"2022-04-20T11:40:41","modified_gmt":"2022-04-20T09:40:41","slug":"gross-2022","status":"publish","type":"post","link":"https:\/\/salonsauvignon.eu\/hun\/brutto-2022\/","title":{"rendered":"Brutt\u00f3 2022"},"content":{"rendered":"<p><img fetchpriority=\"high\" decoding=\"async\" class=\"wp-image-6907\" src=\"https:\/\/salonsauvignon.eu\/wp-content\/uploads\/2022\/04\/GROSS-kolaz-SS2022-300x300.jpg\" alt=\"Brutt\u00f3\" width=\"749\" height=\"749\" srcset=\"https:\/\/salonsauvignon.eu\/wp-content\/uploads\/2022\/04\/GROSS-kolaz-SS2022-300x300.jpg 300w, https:\/\/salonsauvignon.eu\/wp-content\/uploads\/2022\/04\/GROSS-kolaz-SS2022-100x100.jpg 100w, https:\/\/salonsauvignon.eu\/wp-content\/uploads\/2022\/04\/GROSS-kolaz-SS2022-600x600.jpg 600w, https:\/\/salonsauvignon.eu\/wp-content\/uploads\/2022\/04\/GROSS-kolaz-SS2022-1024x1024.jpg 1024w, https:\/\/salonsauvignon.eu\/wp-content\/uploads\/2022\/04\/GROSS-kolaz-SS2022-150x150.jpg 150w, https:\/\/salonsauvignon.eu\/wp-content\/uploads\/2022\/04\/GROSS-kolaz-SS2022-768x768.jpg 768w, https:\/\/salonsauvignon.eu\/wp-content\/uploads\/2022\/04\/GROSS-kolaz-SS2022-1536x1536.jpg 1536w, https:\/\/salonsauvignon.eu\/wp-content\/uploads\/2022\/04\/GROSS-kolaz-SS2022-12x12.jpg 12w, https:\/\/salonsauvignon.eu\/wp-content\/uploads\/2022\/04\/GROSS-kolaz-SS2022.jpg 2048w\" sizes=\"(max-width: 749px) 100vw, 749px\" \/><\/p>\n<p>Salon SAUVIGNON Ptuj 2022, Art &amp; Wine fesztiv\u00e1l.<br \/>\nM\u00e1jus 7-\u00e9n, szombaton 13:00 \u00f3rakor.<\/p>\n<p>Michael \u00e9s Maria Gross a mi sz\u00edv\u00fcnk \u00e9s lelk\u00fcnk <strong>Vina Gross.<\/strong>\u00a0Egy \u00e9vtizeddel ezel\u0151tt csal\u00e1dostul \u00e9rkezt\u00fcnk Gorce-ba, hogy jobban megismerj\u00fck a r\u00e9gi\u00f3t, az embereket \u00e9s a borokat. Fokozatosan bontakozott ki el\u0151tt\u00fcnk ennek a borvid\u00e9knek a hatalmas potenci\u00e1lja. \u00d6sszeszedt\u00fck a b\u00e1tors\u00e1got, megalap\u00edtottuk a VINO GROSS-t, \u00e9s az\u00f3ta is bizony\u00edtjuk, hogy a Halo r\u00e9gi\u00f3ban is lehet a lehet\u0151 legjobb min\u0151s\u00e9g\u0171 borokat k\u00e9sz\u00edteni. Ezt a kih\u00edv\u00e1st megosztani valakivel a csal\u00e1di birtok egyik legszebb aspektusa. Hisz\u00fcnk a fenntarthat\u00f3, hagyom\u00e1nyos m\u00f3dszerekben \u00e9s szok\u00e1sokban. A borokat spont\u00e1n erjesztik, \u00e9s nem haszn\u00e1lnak szelekt\u00e1lt \u00e9leszt\u0151ket. A pinc\u00e9ben hossz\u00fa \u00e9rlel\u00e9sen mennek kereszt\u00fcl fahord\u00f3kban. Fontos sz\u00e1munkra, hogy sz\u0171retlen, el\u0151zetesen nem tiszt\u00edtott \u00e9s nem tiszt\u00edtott borokat palackozzunk. <a href=\"https:\/\/www.vinogross.si\" target=\"_blank\" rel=\"noopener\">https:\/\/www.vinogross.si<\/a><\/p>\n<p>\/\/ Nyolcadik alkalommal - ism\u00e9t a ptuji dominik\u00e1nus kolostor gy\u00f6ny\u00f6r\u0171 g\u00f3tikus kereng\u0151j\u00e9ben.<\/p>\n<p>Egy fest\u0151i k\u00f6z\u00e9pkori v\u00e1rosban, sz\u0151l\u0151\u00fcltetv\u00e9nyekkel k\u00f6r\u00fclv\u00e9ve.<\/p>\n<p>Szlov\u00e9nia \u00e9s a vil\u00e1g legjobb sauvignonjai.<\/p>\n<p>Finom konyha.<\/p>\n<p>Mesterkurzus. Az idei nyertesek a k\u00f6vetkez\u0151k lesznek\u00a0<span lang=\"SL\">prof. Dr. Klemen Lisjak \u00e9s doc. Dr. Guillaume Antalick.<\/span><\/p>\n<p>Art. Zene.<\/p>\n<p>Szombati napunkat egy karizmatikus k\u00f6z\u00e9pkori kolostor falai k\u00f6z\u00f6tt z\u00e1rjuk a n\u00e9pszer\u0171 \u00e9nekesn\u0151, Ditka koncertj\u00e9vel.<\/p>\n<p>Jegy\u00e1r:<\/p>\n<p>18 \u20ac el\u0151v\u00e9telben \u00e9s nagy csoportoknak a rendezv\u00e9ny napj\u00e1n.<\/p>\n<p>21 \u20ac az esem\u00e9ny napj\u00e1n.<\/p>\n<p>Mesterkurzus \u00e1ra:<\/p>\n<p>36 \u20ac, amely tartalmazza a rendezv\u00e9nyre sz\u00f3l\u00f3 jegyet.<\/p>\n<p>Tov\u00e1bbi inform\u00e1ci\u00f3 a<\/p>\n<p>mobn. 041328488<br \/>\n<a href=\"https:\/\/salonsauvignon.eu\/hun\/\" target=\"_blank\" rel=\"noopener noreferrer\" data-saferedirecturl=\"https:\/\/www.google.com\/url?q=https:\/\/www.salonsauvignon.eu&amp;source=gmail&amp;ust=1648842252240000&amp;usg=AOvVaw1VdxKrb5FHYGp9vVuMuB3I\">www.salonsauvignon.eu<\/a><\/p>\n<p>K\u00f6vessen, ossza meg \u00e9s kedveljen minket:<\/p>\n<p><a href=\"https:\/\/salonsauvignon.eu\/hun\/\" target=\"_blank\" rel=\"noopener noreferrer\" data-saferedirecturl=\"https:\/\/www.google.com\/url?q=https:\/\/salonsauvignon.eu\/&amp;source=gmail&amp;ust=1648842252240000&amp;usg=AOvVaw0DpkoQYw562Pn3MPqwCo9l\">https:\/\/salonsauvignon.eu\/<\/a><br \/>\n<a href=\"https:\/\/www.facebook.com\/salonsauvignon\/\" target=\"_blank\" rel=\"noopener noreferrer\" data-saferedirecturl=\"https:\/\/www.google.com\/url?q=https:\/\/www.facebook.com\/salonsauvignon\/&amp;source=gmail&amp;ust=1648842252240000&amp;usg=AOvVaw2Xo5tyjZgiltrV02pvwoq_\">https:\/\/www.facebook.com\/salon<wbr \/>sauvignon\/<\/a><br \/>\ninstagram: salonsauvignon2022<\/p>\n<p>ENG<\/p>\n<p>Salon SAUVIGNON Ptuj 2022, Art &amp; Wine fesztiv\u00e1l.<br \/>\nM\u00e1jus 7., szombat 13 \u00f3r\u00e1t\u00f3l<\/p>\n<p>Nyolcadik alkalommal - ism\u00e9t a ptuji domonkos kolostor gy\u00f6ny\u00f6r\u0171 g\u00f3tikus kereng\u0151j\u00e9ben.<\/p>\n<p>Egy fest\u0151i k\u00f6z\u00e9pkori v\u00e1rosban, sz\u0151l\u0151\u00fcltetv\u00e9nyekkel k\u00f6r\u00fclv\u00e9ve.<\/p>\n<p>A legjobb sauvignonok, amelyeket Szlov\u00e9nia \u00e9s a vil\u00e1g k\u00edn\u00e1l.<\/p>\n<p>Fels\u0151bb konyham\u0171v\u00e9szet.<\/p>\n<p>Mesterkurzus. <span lang=\"SL\">prof. Dr. Klemen Lisjak \u00e9s doc. Dr. Guillaume Antalick.<\/span><\/p>\n<p>Art. Zene.<\/p>\n<p>A szombati napot a karizmatikus k\u00f6z\u00e9pkori kolostor falai k\u00f6z\u00f6tt a n\u00e9pszer\u0171 \u00e9nekesn\u0151, Ditka koncertj\u00e9vel z\u00e1rjuk.<\/p>\n<p>Bel\u00e9p\u0151d\u00edj:<\/p>\n<p>18 \u20ac el\u0151v\u00e9telben \u00e9s nagyobb bejelentett csoportok sz\u00e1m\u00e1ra a rendezv\u00e9ny napj\u00e1n.<\/p>\n<p>21 \u20ac az esem\u00e9ny napj\u00e1n.<\/p>\n<p>Mesterkurzus \u00e1ra:<\/p>\n<p>36 \u20ac a bel\u00e9p\u0151vel egy\u00fctt.<\/p>\n<p>Tov\u00e1bbi inform\u00e1ci\u00f3k:<\/p>\n<p>Telefonsz\u00e1m: +386 41 328 488<br \/>\n<a href=\"https:\/\/salonsauvignon.eu\/hun\/\" target=\"_blank\" rel=\"noopener noreferrer\" data-saferedirecturl=\"https:\/\/www.google.com\/url?q=https:\/\/www.salonsauvignon.eu&amp;source=gmail&amp;ust=1648842252240000&amp;usg=AOvVaw1VdxKrb5FHYGp9vVuMuB3I\">www.salonsauvignon.eu<\/a><\/p>\n<p>K\u00f6vessen, ossza meg \u00e9s kedveljen minket:<\/p>\n<p><a href=\"https:\/\/salonsauvignon.eu\/hun\/\" target=\"_blank\" rel=\"noopener noreferrer\" data-saferedirecturl=\"https:\/\/www.google.com\/url?q=https:\/\/salonsauvignon.eu\/&amp;source=gmail&amp;ust=1648842252240000&amp;usg=AOvVaw0DpkoQYw562Pn3MPqwCo9l\">https:\/\/salonsauvignon.eu\/<\/a><br \/>\n<a href=\"https:\/\/www.facebook.com\/salonsauvignon\/\" target=\"_blank\" rel=\"noopener noreferrer\" data-saferedirecturl=\"https:\/\/www.google.com\/url?q=https:\/\/www.facebook.com\/salonsauvignon\/&amp;source=gmail&amp;ust=1648842252240000&amp;usg=AOvVaw2Xo5tyjZgiltrV02pvwoq_\">https:\/\/www.facebook.com\/salon<wbr \/>sauvignon\/<\/a><br \/>\ninstagram: salonsauvignon2022<\/p>\n<p>#SalonSauvignon #Ptuj #sauvignon #sauvignonblanc #cabernetsauvignon #vino #bor #bor #art #art #art #culinary #cuisine #enogasztron\u00f3mia #enogastronomia #urizmus #urizmus #VisitPtuj #winefestival #winelovers #food #masterclass #winejudge #salonsauvignonptuj2022 #salonsauvignon2022 #Slovenia #Slovenia<\/p>","protected":false},"excerpt":{"rendered":"<p>Salon SAUVIGNON Ptuj 2022, Art &amp; Wine festival. Sobota, 7. maja ob 13. uri. Michael in Maria Gross sva srce in du\u0161a Vina Gross.\u00a0Pred desetletjem smo kot dru\u017eina pri\u0161li na Gorco, da bi bolje spoznali halo\u0161ko regijo, ljudi in vina. Postopoma se nam je razprostiral neizmeren potencial tega vinorodnega okoli\u0161a. Zbrali smo pogum, ustanovili VINO [&hellip;]<\/p>","protected":false},"author":2,"featured_media":6907,"comment_status":"closed","ping_status":"closed","sticky":false,"template":"","format":"standard","meta":{"_jetpack_memberships_contains_paid_content":false,"footnotes":"","jetpack_publicize_message":"","jetpack_publicize_feature_enabled":true,"jetpack_social_post_already_shared":false,"jetpack_social_options":{"image_generator_settings":{"template":"highway","enabled":false},"version":2},"_wpscppro_custom_social_share_image":0,"_facebook_share_type":"","_twitter_share_type":"","_linkedin_share_type":"","_pinterest_share_type":"","_linkedin_share_type_page":"","_instagram_share_type":"","_selected_social_profile":[]},"categories":[63,47],"tags":[],"class_list":["post-6906","post","type-post","status-publish","format-standard","has-post-thumbnail","hentry","category-vinarji","category-novice"],"jetpack_publicize_connections":[],"jetpack_featured_media_url":"https:\/\/salonsauvignon.eu\/wp-content\/uploads\/2022\/04\/GROSS-kolaz-SS2022.jpg","jetpack_sharing_enabled":true,"_links":{"self":[{"href":"https:\/\/salonsauvignon.eu\/hun\/wp-json\/wp\/v2\/posts\/6906","targetHints":{"allow":["GET"]}}],"collection":[{"href":"https:\/\/salonsauvignon.eu\/hun\/wp-json\/wp\/v2\/posts"}],"about":[{"href":"https:\/\/salonsauvignon.eu\/hun\/wp-json\/wp\/v2\/types\/post"}],"author":[{"embeddable":true,"href":"https:\/\/salonsauvignon.eu\/hun\/wp-json\/wp\/v2\/users\/2"}],"replies":[{"embeddable":true,"href":"https:\/\/salonsauvignon.eu\/hun\/wp-json\/wp\/v2\/comments?post=6906"}],"version-history":[{"count":3,"href":"https:\/\/salonsauvignon.eu\/hun\/wp-json\/wp\/v2\/posts\/6906\/revisions"}],"predecessor-version":[{"id":6911,"href":"https:\/\/salonsauvignon.eu\/hun\/wp-json\/wp\/v2\/posts\/6906\/revisions\/6911"}],"wp:featuredmedia":[{"embeddable":true,"href":"https:\/\/salonsauvignon.eu\/hun\/wp-json\/wp\/v2\/media\/6907"}],"wp:attachment":[{"href":"https:\/\/salonsauvignon.eu\/hun\/wp-json\/wp\/v2\/media?parent=6906"}],"wp:term":[{"taxonomy":"category","embeddable":true,"href":"https:\/\/salonsauvignon.eu\/hun\/wp-json\/wp\/v2\/categories?post=6906"},{"taxonomy":"post_tag","embeddable":true,"href":"https:\/\/salonsauvignon.eu\/hun\/wp-json\/wp\/v2\/tags?post=6906"}],"curies":[{"name":"wp","href":"https:\/\/api.w.org\/{rel}","templated":true}]}}