{"id":7386,"date":"2022-07-30T15:32:45","date_gmt":"2022-07-30T13:32:45","guid":{"rendered":"https:\/\/salonsauvignon.eu\/?p=7386"},"modified":"2022-08-14T16:33:09","modified_gmt":"2022-08-14T14:33:09","slug":"7386-2","status":"publish","type":"post","link":"https:\/\/salonsauvignon.eu\/hun\/7386-2\/","title":{"rendered":"\u00cdZEK S\u00c9T\u00c1NYA PTUJ 2022"},"content":{"rendered":"<p><img fetchpriority=\"high\" decoding=\"async\" class=\"alignnone wp-image-7340 aligncenter\" src=\"https:\/\/salonsauvignon.eu\/wp-content\/uploads\/2022\/07\/fsfs-300x156.jpg\" alt=\"\" width=\"1018\" height=\"529\"><\/p>\n<h3><\/h3>\n<h3 style=\"text-align: center;\">PROMENADA OKUSOV PTUJ 2022 \/\/ SZOMBAT 03 SZEPTEMBER 2022 \/\/ 14:00 - 20:00<\/h3>\n<div class=\"kvgmc6g5 cxmmr5t8 oygrvhab hcukyx3x c1et5uql\" style=\"text-align: center;\">T\u00f6lts\u00f6n el egy napot Szlov\u00e9nia egyik legszebb kast\u00e9lya k\u00f6r\u00fcl.<\/div>\n<div style=\"text-align: center;\"><\/div>\n<div class=\"cxmmr5t8 oygrvhab hcukyx3x c1et5uql o9v6fnle\" style=\"text-align: center;\">T\u00f6lts\u00f6n el egy napot az \u00cdzek s\u00e9t\u00e1ny\u00e1n Szlov\u00e9nia legr\u00e9gebbi v\u00e1ros\u00e1ban.<\/div>\n<div style=\"text-align: center;\"><\/div>\n<div class=\"cxmmr5t8 oygrvhab hcukyx3x c1et5uql o9v6fnle\" style=\"text-align: center;\">A Ptuji \u00cdzek s\u00e9t\u00e1ny\u00e1t harmadik alkalommal rendezik meg a Ptuji v\u00e1rn\u00e1l, ahonnan csod\u00e1latos kil\u00e1t\u00e1s ny\u00edlik a Halos sz\u0151l\u0151hegyekre, a Szlov\u00e9n Felvid\u00e9kre \u00e9s a Ljutomer-Ormo\u017e-fenns\u00edkra.<\/div>\n<div style=\"text-align: center;\"><\/div>\n<div class=\"cxmmr5t8 oygrvhab hcukyx3x c1et5uql o9v6fnle\" style=\"text-align: center;\">Mit k\u00edn\u00e1l a Ptuj 2022 \u00cdzek s\u00e9t\u00e1nya?<\/div>\n<div class=\"cxmmr5t8 oygrvhab hcukyx3x c1et5uql o9v6fnle\" style=\"text-align: center;\">- Finom \u00e9telek, p\u00e1ros\u00edtva a Ptuj sz\u0151l\u0151\u00fcltetv\u00e9nyeir\u0151l sz\u00e1rmaz\u00f3 finom borokkal.<br \/>\n- Zenei meglepet\u00e9s.<\/div>\n<div class=\"cxmmr5t8 oygrvhab hcukyx3x c1et5uql o9v6fnle\" style=\"text-align: center;\">Mit tartalmaz a 18 eur\u00f3s jegy?<\/div>\n<div class=\"cxmmr5t8 oygrvhab hcukyx3x c1et5uql o9v6fnle\" style=\"text-align: center;\">- t\u00f6bb mint hatvan cs\u00facsbor k\u00f3stol\u00e1sa,<br \/>\n- a Salon Sauvignon log\u00f3j\u00e1val ell\u00e1tott k\u00f3stol\u00f3poh\u00e1r,<br \/>\n- lakat.<\/div>\n<div style=\"text-align: center;\"><\/div>\n<div class=\"cxmmr5t8 oygrvhab hcukyx3x c1et5uql o9v6fnle\" style=\"text-align: center;\">Jegyek 16 eur\u00f3s el\u0151v\u00e1s\u00e1rl\u00e1si \u00e1ron foglalhat\u00f3k a k\u00f6vetkez\u0151 c\u00edmen:<\/div>\n<div style=\"text-align: center;\"><\/div>\n<div class=\"cxmmr5t8 oygrvhab hcukyx3x c1et5uql o9v6fnle\" style=\"text-align: center;\"><a class=\"oajrlxb2 g5ia77u1 qu0x051f esr5mh6w e9989ue4 r7d6kgcz rq0escxv nhd2j8a9 nc684nl6 p7hjln8o kvgmc6g5 cxmmr5t8 oygrvhab hcukyx3x jb3vyjys rz4wbd8a qt6c0cv9 a8nywdso i1ao9s8h esuyzwwr f1sip0of lzcic4wl gpro0wi8 py34i1dx\" tabindex=\"0\" role=\"link\" href=\"https:\/\/l.facebook.com\/l.php?u=https%3A%2F%2Fsalonsauvignon.eu%2F%3Ffbclid%3DIwAR2KSvn5-WbRl4cONazOqn5bbOSEKkZt6EeOJ4SLqo7uDakbZHBEpSXwfhM%23ptuj&amp;h=AT2a4t9xzyn0hznT785Ks9rDokaQWB0tHQSlnLWW2z6TWTUj0LCCaqHE0u0ZxL_PDqY7EK7apsozIcwD7IyQZHn7uIejcIP2Kry6iWBwRiyovLTfp6t3CG7MJHv_CzFMPCNogpsIEw&amp;__tn__=q&amp;c[0]=AT13ErY6sEm8EvG4QUBzdGLr5Hm5iirCk3wtPa7DSbAvmkV67CCLVRsFkPQgACrEUZWD0OC_BNnZ9XZjakTgfNDrTIK-MkbO2YAIunmPPxT_IMuy9M5rCbPDmsfacxDr0lnFunkNd1CRDF_Z9xI_u3a6\" target=\"_blank\" rel=\"nofollow noopener\">https:\/\/salonsauvignon.eu\/#ptuj<\/a> .<\/div>\n<div style=\"text-align: center;\"><\/div>\n<div class=\"cxmmr5t8 oygrvhab hcukyx3x c1et5uql o9v6fnle\" style=\"text-align: center;\">Az esem\u00e9ny a Salon Sauvignon fesztiv\u00e1l \u00e9gisze alatt ker\u00fcl megrendez\u00e9sre.<\/div>\n<div style=\"text-align: center;\"><\/div>\n<div class=\"cxmmr5t8 oygrvhab hcukyx3x c1et5uql o9v6fnle\" style=\"text-align: center;\">Partnerek: bortermel\u0151k, gasztron\u00f3miai h\u00e1zak, a Ptuj - Ormo\u017e Region\u00e1lis M\u00fazeum, a Ptuji Turisztikai Int\u00e9zet, a Spodnje Podravje Vid\u00e9ki Ifj\u00fas\u00e1gi Egyes\u00fclet, a Ptuji Mez\u0151gazdas\u00e1gi \u00e9s Erd\u00e9szeti Int\u00e9zet.<\/div>\n<div style=\"text-align: center;\"><\/div>\n<div class=\"cxmmr5t8 oygrvhab hcukyx3x c1et5uql o9v6fnle\" style=\"text-align: center;\">A Ptuj 2022 \u00cdzek s\u00e9t\u00e1ny\u00e1r\u00f3l itt olvashat b\u0151vebben:<\/div>\n<div style=\"text-align: center;\"><\/div>\n<div class=\"cxmmr5t8 oygrvhab hcukyx3x c1et5uql o9v6fnle\" style=\"text-align: center;\"><a class=\"oajrlxb2 g5ia77u1 qu0x051f esr5mh6w e9989ue4 r7d6kgcz rq0escxv nhd2j8a9 nc684nl6 p7hjln8o kvgmc6g5 cxmmr5t8 oygrvhab hcukyx3x jb3vyjys rz4wbd8a qt6c0cv9 a8nywdso i1ao9s8h esuyzwwr f1sip0of lzcic4wl gpro0wi8 py34i1dx\" tabindex=\"0\" role=\"link\" href=\"https:\/\/salonsauvignon.eu\/hun\/\" target=\"_blank\" rel=\"nofollow noopener\">http:\/\/salonsauvignon.eu<\/a><\/div>\n<div style=\"text-align: center;\"><\/div>\n<div class=\"cxmmr5t8 oygrvhab hcukyx3x c1et5uql o9v6fnle\" style=\"text-align: center;\">Ha tetszik az esem\u00e9ny, l\u00e1jkold, oszd meg, \u00e9s h\u00edvd meg bar\u00e1taidat, ismer\u0151seidet, rokonaidat, \u00fczleti partnereidet.<\/div>\n<div style=\"text-align: center;\"><\/div>\n<div style=\"text-align: center;\"><a href=\"https:\/\/www.facebook.com\/events\/2053397331536448?acontext=%7B%22event_action_history%22%3A[%7B%22extra_data%22%3A%22%22%2C%22mechanism%22%3A%22unknown%22%2C%22surface%22%3A%22newsfeed%22%7D%2C%7B%22extra_data%22%3A%22%22%2C%22mechanism%22%3A%22surface%22%2C%22surface%22%3A%22permalink%22%7D%2C%7B%22extra_data%22%3A%22%22%2C%22mechanism%22%3A%22surface%22%2C%22surface%22%3A%22edit_dialog%22%7D]%2C%22ref_notif_type%22%3Anull%7D\" target=\"_blank\" rel=\"noopener\">KAPASZKODJATOK!!!<\/a><\/div>\n<div style=\"text-align: center;\"><\/div>\n<div class=\"cxmmr5t8 oygrvhab hcukyx3x c1et5uql o9v6fnle\" style=\"text-align: center;\">Legy\u00fcnk sokan!<\/div>\n<div style=\"text-align: center;\"><\/div>\n<div class=\"cxmmr5t8 oygrvhab hcukyx3x c1et5uql o9v6fnle\" style=\"text-align: center;\">A Ptuji v\u00e1rban fogunk l\u00f3gni minden id\u0151j\u00e1r\u00e1si k\u00f6r\u00fclm\u00e9nyek k\u00f6z\u00f6tt.<\/div>\n<div style=\"text-align: center;\"><\/div>\n<div class=\"cxmmr5t8 oygrvhab hcukyx3x c1et5uql o9v6fnle\" style=\"text-align: center;\">Mankica Kranjec fot\u00f3ja (a Ptuji Turisztikai Int\u00e9zet arch\u00edvum\u00e1b\u00f3l).<\/div>\n<div class=\"cxmmr5t8 oygrvhab hcukyx3x c1et5uql o9v6fnle\" style=\"text-align: center;\"><\/div>","protected":false},"excerpt":{"rendered":"<p>PROMENADA OKUSOV PTUJ 2022 \/\/ 2022. SZEPTEMBER 03. SZOMBAT \/\/ 14:00 - 20:00 T\u00f6lts\u00f6n el egy napot Szlov\u00e9nia egyik legszebb kast\u00e9lya k\u00f6r\u00fcl. T\u00f6lts\u00f6n el egy napot az \u00cdzek s\u00e9t\u00e1ny\u00e1n Szlov\u00e9nia legr\u00e9gebbi v\u00e1ros\u00e1ban. A Ptuji \u00cdzek S\u00e9t\u00e1nya harmadik alkalommal ker\u00fcl megrendez\u00e9sre a Ptuji V\u00e1rban, ahonnan gy\u00f6ny\u00f6r\u0171 kil\u00e1t\u00e1s ny\u00edlik a Halos sz\u0151l\u0151hegyekre, a szlov\u00e9niai [...]<\/p>","protected":false},"author":3,"featured_media":7392,"comment_status":"closed","ping_status":"closed","sticky":false,"template":"","format":"standard","meta":{"_jetpack_memberships_contains_paid_content":false,"footnotes":"","jetpack_publicize_message":"","jetpack_publicize_feature_enabled":true,"jetpack_social_post_already_shared":false,"jetpack_social_options":{"image_generator_settings":{"template":"highway","enabled":false},"version":2},"_wpscppro_custom_social_share_image":0,"_facebook_share_type":"","_twitter_share_type":"","_linkedin_share_type":"","_pinterest_share_type":"","_linkedin_share_type_page":"","_instagram_share_type":"","_selected_social_profile":[]},"categories":[60,47],"tags":[],"class_list":["post-7386","post","type-post","status-publish","format-standard","has-post-thumbnail","hentry","category-izpostava","category-novice"],"jetpack_publicize_connections":[],"jetpack_featured_media_url":"https:\/\/salonsauvignon.eu\/wp-content\/uploads\/2022\/07\/MK__7709_RTCH.jpg","jetpack_sharing_enabled":true,"_links":{"self":[{"href":"https:\/\/salonsauvignon.eu\/hun\/wp-json\/wp\/v2\/posts\/7386","targetHints":{"allow":["GET"]}}],"collection":[{"href":"https:\/\/salonsauvignon.eu\/hun\/wp-json\/wp\/v2\/posts"}],"about":[{"href":"https:\/\/salonsauvignon.eu\/hun\/wp-json\/wp\/v2\/types\/post"}],"author":[{"embeddable":true,"href":"https:\/\/salonsauvignon.eu\/hun\/wp-json\/wp\/v2\/users\/3"}],"replies":[{"embeddable":true,"href":"https:\/\/salonsauvignon.eu\/hun\/wp-json\/wp\/v2\/comments?post=7386"}],"version-history":[{"count":7,"href":"https:\/\/salonsauvignon.eu\/hun\/wp-json\/wp\/v2\/posts\/7386\/revisions"}],"predecessor-version":[{"id":7407,"href":"https:\/\/salonsauvignon.eu\/hun\/wp-json\/wp\/v2\/posts\/7386\/revisions\/7407"}],"wp:featuredmedia":[{"embeddable":true,"href":"https:\/\/salonsauvignon.eu\/hun\/wp-json\/wp\/v2\/media\/7392"}],"wp:attachment":[{"href":"https:\/\/salonsauvignon.eu\/hun\/wp-json\/wp\/v2\/media?parent=7386"}],"wp:term":[{"taxonomy":"category","embeddable":true,"href":"https:\/\/salonsauvignon.eu\/hun\/wp-json\/wp\/v2\/categories?post=7386"},{"taxonomy":"post_tag","embeddable":true,"href":"https:\/\/salonsauvignon.eu\/hun\/wp-json\/wp\/v2\/tags?post=7386"}],"curies":[{"name":"wp","href":"https:\/\/api.w.org\/{rel}","templated":true}]}}