{"id":7408,"date":"2022-07-31T17:04:56","date_gmt":"2022-07-31T15:04:56","guid":{"rendered":"https:\/\/salonsauvignon.eu\/?p=7408"},"modified":"2022-08-14T16:32:40","modified_gmt":"2022-08-14T14:32:40","slug":"marko-pavcnik-in-bistro-lalu-na-promenadi-okusov-celje-2022","status":"publish","type":"post","link":"https:\/\/salonsauvignon.eu\/hun\/marko-pavcnik-es-bistro-lalu-a-turistavaros-jelenletenek-elotti-vonulasa-2022\/","title":{"rendered":"MARKO PAV\u010cNIK \u00c9S A BISTRO LALU A CELJE 2022 \u00cdZEK S\u00c9T\u00c1NY\u00c1N"},"content":{"rendered":"<h3 style=\"text-align: center;\"><img fetchpriority=\"high\" decoding=\"async\" class=\"alignnone wp-image-7409\" src=\"https:\/\/salonsauvignon.eu\/wp-content\/uploads\/2022\/07\/1-2-300x200.jpg\" alt=\"\" width=\"853\" height=\"568\"><\/h3>\n<h3><\/h3>\n<h3 style=\"text-align: center;\">MARKO PAV\u010cNIK \u00c9S A BISTRO LALU A CELJE 2022 TASTE PROMEN\u00c1DON \/\/ SZEPTEMBER 10. 14 \u00c9S 20 \u00d3RA K\u00d6Z\u00d6TT AZ \u00d3V\u00c1ROSBAN<\/h3>\n<p style=\"text-align: center;\">\"A LALU bisztr\u00f3 egy kis \u00ednyenc bisztr\u00f3, amely vonz\u00f3 helyen, Celje k\u00f6zpontj\u00e1ban tal\u00e1lhat\u00f3. Ez egy nyugodt, fiatalos, modern bisztr\u00f3, eredeti \u00e9telk\u00edn\u00e1lattal, minden st\u00edlus f\u00fazi\u00f3j\u00e1val, kreat\u00edv diz\u00e1jnnal, de laz\u00e1n \u00e9s egy bizonyos t\u00edpus\u00fa \u00e9telre val\u00f3 korl\u00e1toz\u00e1s n\u00e9lk\u00fcl.<\/p>\n<p style=\"text-align: center;\">A Bistro egy olyan hely, ahol mindent felszolg\u00e1lnak, ami j\u00f3, szezon\u00e1lis \u00e9s a vil\u00e1g konyh\u00e1i \u00e1ltal inspir\u00e1lt.<\/p>\n<p style=\"text-align: center;\">Mi vagyunk Marko PAV\u010cNIK, tulajdonos \u00e9s kreat\u00edv igazgat\u00f3, Damjan \u010cULK, s\u00e9f \u00e9s Matic KRIVEC, b\u00e1rmenedzser.<\/p>\n<p style=\"text-align: center;\">V\u00e1rjuk \u00d6n\u00f6ket - hamarosan a Celjei \u00cdzek Promen\u00e1dj\u00e1n!\"<\/p>\n<p style=\"text-align: center;\">www.lalu.si<br \/>\nhttps:\/\/www.instagram.com\/lalu.celje\/<br \/>\nhttps:\/\/www.facebook.com\/bistroLALU<\/p>\n<p>&nbsp;<\/p>\n<p>&nbsp;<\/p>\n<p style=\"text-align: center;\"><img decoding=\"async\" class=\"alignnone  wp-image-7422\" src=\"https:\/\/salonsauvignon.eu\/wp-content\/uploads\/2022\/07\/5-RD2_7012-Rok-Dezelak-RD2.si_-300x200.jpg\" alt=\"\" width=\"913\" height=\"608\" srcset=\"https:\/\/salonsauvignon.eu\/wp-content\/uploads\/2022\/07\/5-RD2_7012-Rok-Dezelak-RD2.si_-300x200.jpg 300w, https:\/\/salonsauvignon.eu\/wp-content\/uploads\/2022\/07\/5-RD2_7012-Rok-Dezelak-RD2.si_-600x400.jpg 600w, https:\/\/salonsauvignon.eu\/wp-content\/uploads\/2022\/07\/5-RD2_7012-Rok-Dezelak-RD2.si_-1024x683.jpg 1024w, https:\/\/salonsauvignon.eu\/wp-content\/uploads\/2022\/07\/5-RD2_7012-Rok-Dezelak-RD2.si_-768x512.jpg 768w, https:\/\/salonsauvignon.eu\/wp-content\/uploads\/2022\/07\/5-RD2_7012-Rok-Dezelak-RD2.si_-1536x1024.jpg 1536w, https:\/\/salonsauvignon.eu\/wp-content\/uploads\/2022\/07\/5-RD2_7012-Rok-Dezelak-RD2.si_-18x12.jpg 18w, https:\/\/salonsauvignon.eu\/wp-content\/uploads\/2022\/07\/5-RD2_7012-Rok-Dezelak-RD2.si_.jpg 1800w\" sizes=\"(max-width: 913px) 100vw, 913px\" \/><\/p>\n<p>&nbsp;<\/p>\n<p>&nbsp;<\/p>\n<p style=\"text-align: center;\">fot\u00f3: Rok DE\u017dELAK<\/p>\n<p style=\"text-align: center;\">________________<\/p>\n<p style=\"text-align: center;\">Mit k\u00edn\u00e1l a Celje 2022 \u00cdzek s\u00e9t\u00e1nya?<\/p>\n<p style=\"text-align: center;\">- cs\u00facsborok a Celje k\u00f6rny\u00e9ki sz\u0151l\u0151\u00fcltetv\u00e9nyekr\u0151l, St\u00e1jerorsz\u00e1gb\u00f3l \u00e9s Szlov\u00e9ni\u00e1b\u00f3l.<br \/>\n- finom \u00e9telek a celjei gasztron\u00f3miai h\u00e1zakb\u00f3l.<br \/>\n- t\u00e1rsas\u00e1gi \u00e9let \u00e9s a fest\u0151i v\u00e1rosk\u00f6zpont felfedez\u00e9se egy poh\u00e1r borral a kez\u00e9ben.<br \/>\n- zenei meglepet\u00e9s.<\/p>\n<p style=\"text-align: center;\">Mit tartalmaz a 18 eur\u00f3s jegy?<\/p>\n<p style=\"text-align: center;\">- t\u00f6bb mint hatvan cs\u00facsbor k\u00f3stol\u00e1sa,<br \/>\n- a Salon Sauvignon log\u00f3j\u00e1val ell\u00e1tott k\u00f3stol\u00f3poh\u00e1r,<br \/>\n- lakat.<\/p>\n<p style=\"text-align: center;\">A jegyek 16 eur\u00f3s el\u0151v\u00e1s\u00e1rl\u00e1si \u00e1ron foglalhat\u00f3k.<\/p>\n<p style=\"text-align: center;\">https:\/\/salonsauvignon.eu\/#celje .<\/p>\n<p style=\"text-align: center;\">Ha tetszik az esem\u00e9ny, l\u00e1jkold, oszd meg, \u00e9s h\u00edvd meg bar\u00e1taidat, ismer\u0151seidet, rokonaidat, \u00fczleti partnereidet.<\/p>\n<p style=\"text-align: center;\"><a href=\"https:\/\/www.facebook.com\/events\/1107809909785375\/?ref=newsfeed\" target=\"_blank\" rel=\"noopener\">V\u00c1RJ!<\/a><\/p>\n<p style=\"text-align: center;\">Legy\u00fcnk sokan a Hercegv\u00e1rosban ezen a szombaton!<\/p>\n<p style=\"text-align: center;\">Az esem\u00e9ny a Salon Sauvignon fesztiv\u00e1l \u00e9gisze alatt ker\u00fcl megrendez\u00e9sre.<\/p>\n<p style=\"text-align: center;\">Az ITD szervez\u00e9s\u00e9ben.<\/p>\n<p style=\"text-align: center;\">A Celeia Int\u00e9zet t\u00e1rsszervez\u00e9s\u00e9ben.<\/p>\n<p style=\"text-align: center;\">Partnerek: bor\u00e1szok, gasztron\u00f3musok, Vin.Ce Egyes\u00fclet, Wine &amp; Art projekt.<\/p>\n<p style=\"text-align: center;\">Tudjon meg t\u00f6bbet Celj\u00e9r\u0151l, a gr\u00f3fok v\u00e1ros\u00e1r\u00f3l a k\u00f6vetkez\u0151 oldalon:<\/p>\n<p style=\"text-align: center;\">https:\/\/www.visitcelje.eu<br \/>\nhttps:\/\/www.facebook.com\/gocelje\/<br \/>\nhttps:\/\/www.facebook.com\/knezjemestocelje\/<\/p>","protected":false},"excerpt":{"rendered":"<p>MARKO PAV\u010cNIK \u00c9S A LALU BISTRO A CELJE 2022 \u00cdZEK PROMEN\u00c1DJ\u00c1N \/\/ SZEPTEMBER 10., 14-20 \u00f3r\u00e1ig a r\u00e9gi v\u00e1rosk\u00f6zpontban \"A LALU bisztr\u00f3 egy kis \u00ednyenc bisztr\u00f3 vonz\u00f3 helyen, Celje k\u00f6zpontj\u00e1ban. Ez egy nyugodt, fiatalos, modern bisztr\u00f3, eredeti \u00e9telk\u00edn\u00e1lattal, amely minden st\u00edlus f\u00fazi\u00f3ja, kreat\u00edv [...]<\/p>","protected":false},"author":3,"featured_media":0,"comment_status":"closed","ping_status":"closed","sticky":false,"template":"","format":"standard","meta":{"_jetpack_memberships_contains_paid_content":false,"footnotes":"","jetpack_publicize_message":"","jetpack_publicize_feature_enabled":true,"jetpack_social_post_already_shared":false,"jetpack_social_options":{"image_generator_settings":{"template":"highway","enabled":false},"version":2},"_wpscppro_custom_social_share_image":0,"_facebook_share_type":"","_twitter_share_type":"","_linkedin_share_type":"","_pinterest_share_type":"","_linkedin_share_type_page":"","_instagram_share_type":"","_selected_social_profile":[]},"categories":[60,47],"tags":[],"class_list":["post-7408","post","type-post","status-publish","format-standard","hentry","category-izpostava","category-novice"],"jetpack_publicize_connections":[],"jetpack_featured_media_url":"","jetpack_sharing_enabled":true,"_links":{"self":[{"href":"https:\/\/salonsauvignon.eu\/hun\/wp-json\/wp\/v2\/posts\/7408","targetHints":{"allow":["GET"]}}],"collection":[{"href":"https:\/\/salonsauvignon.eu\/hun\/wp-json\/wp\/v2\/posts"}],"about":[{"href":"https:\/\/salonsauvignon.eu\/hun\/wp-json\/wp\/v2\/types\/post"}],"author":[{"embeddable":true,"href":"https:\/\/salonsauvignon.eu\/hun\/wp-json\/wp\/v2\/users\/3"}],"replies":[{"embeddable":true,"href":"https:\/\/salonsauvignon.eu\/hun\/wp-json\/wp\/v2\/comments?post=7408"}],"version-history":[{"count":3,"href":"https:\/\/salonsauvignon.eu\/hun\/wp-json\/wp\/v2\/posts\/7408\/revisions"}],"predecessor-version":[{"id":7423,"href":"https:\/\/salonsauvignon.eu\/hun\/wp-json\/wp\/v2\/posts\/7408\/revisions\/7423"}],"wp:attachment":[{"href":"https:\/\/salonsauvignon.eu\/hun\/wp-json\/wp\/v2\/media?parent=7408"}],"wp:term":[{"taxonomy":"category","embeddable":true,"href":"https:\/\/salonsauvignon.eu\/hun\/wp-json\/wp\/v2\/categories?post=7408"},{"taxonomy":"post_tag","embeddable":true,"href":"https:\/\/salonsauvignon.eu\/hun\/wp-json\/wp\/v2\/tags?post=7408"}],"curies":[{"name":"wp","href":"https:\/\/api.w.org\/{rel}","templated":true}]}}