{"id":7449,"date":"2022-08-04T15:28:08","date_gmt":"2022-08-04T13:28:08","guid":{"rendered":"https:\/\/salonsauvignon.eu\/?p=7449"},"modified":"2022-08-14T16:31:23","modified_gmt":"2022-08-14T14:31:23","slug":"7449-2","status":"publish","type":"post","link":"https:\/\/salonsauvignon.eu\/hun\/7449-2\/","title":{"rendered":"EMINO BORH\u00c1Z A CELJE 2022-ES \u00cdZEK S\u00c9T\u00c1NY\u00c1N\u00a0"},"content":{"rendered":"<p><br \/><img fetchpriority=\"high\" decoding=\"async\" class=\"alignnone  wp-image-7455 aligncenter\" src=\"https:\/\/salonsauvignon.eu\/wp-content\/uploads\/2022\/08\/B-2-300x200.jpg\" alt=\"\" width=\"1026\" height=\"684\" srcset=\"https:\/\/salonsauvignon.eu\/wp-content\/uploads\/2022\/08\/B-2-300x200.jpg 300w, https:\/\/salonsauvignon.eu\/wp-content\/uploads\/2022\/08\/B-2-600x400.jpg 600w, https:\/\/salonsauvignon.eu\/wp-content\/uploads\/2022\/08\/B-2-1024x682.jpg 1024w, https:\/\/salonsauvignon.eu\/wp-content\/uploads\/2022\/08\/B-2-768x512.jpg 768w, https:\/\/salonsauvignon.eu\/wp-content\/uploads\/2022\/08\/B-2-18x12.jpg 18w, https:\/\/salonsauvignon.eu\/wp-content\/uploads\/2022\/08\/B-2.jpg 1280w\" sizes=\"(max-width: 1026px) 100vw, 1026px\" \/><\/p>\r\n<p style=\"text-align: center;\">\u00a0<\/p>\r\n<h4 style=\"text-align: center;\">EMINO BORH\u00c1Z A CELJEI \u00cdZEK S\u00c9T\u00c1NY\u00c1N 2022 \/\/ 2022. SZEPTEMBER 10. \/\/ 14:00 - 20:00 \/\/ CELJE R\u00c9GI V\u00c1ROSK\u00d6ZPONT \/\/<\/h4>\r\n<p style=\"text-align: center;\">\u00a0<\/p>\r\n<p style=\"text-align: center;\">\"Soha nincs annyi bor, hogy a maghariak ne tudn\u00e1k maguk meginni,<\/p>\r\n<p style=\"text-align: center;\">de soha nem t\u00fal kev\u00e9s,<\/p>\r\n<p style=\"text-align: center;\">hogy ne lakm\u00e1rozhassunk bel\u0151l\u00fck neked.\"<\/p>\r\n<p style=\"text-align: center;\">\u00cdgy sz\u00f3l az Obsotel boros fogadtat\u00e1sa.<\/p>\r\n<p style=\"text-align: center;\">\u00a0<\/p>\r\n<h5 style=\"text-align: center;\"><strong>Ezer \u00e9v j\u00f3s\u00e1g\u00e1nak oltalm\u00e1ban j\u00f3 otthon lenni.<\/strong><\/h5>\r\n<p>&nbsp;<\/p>\r\n<p style=\"text-align: center;\">A st\u00e1jer borvid\u00e9k tal\u00e1n nem b\u00fcszk\u00e9lkedhet magas hegyekkel \u00e9s tengerrel, de pezsg\u0151 \u00e9s vid\u00e1m emberekkel, akik sz\u00edv\u00fckben hordozz\u00e1k a bor\u00e1szati hagyom\u00e1nyt, mosolyukban pedig a szakma s\u00faly\u00e1t \u00e9s sz\u00e9ps\u00e9g\u00e9t.<\/p>\r\n<p style=\"text-align: center;\">\u0150seink \u00e9vezredes bor\u00e1szati \u00f6r\u00f6ks\u00e9get b\u00edztak r\u00e1nk.  Ez\u00e9rt tisztelj\u00fck, becs\u00fclj\u00fck \u00e9s folytatjuk.<\/p>\r\n<p style=\"text-align: center;\">Obsotelje \u00e9s Kozjansko r\u00e9gi\u00f3ja a lakosok kedvess\u00e9g\u00e9r\u0151l \u00e9s szorgalm\u00e1r\u00f3l ismert. A r\u00e9gi\u00f3 otthonoss\u00e1g\u00e1nak sz\u00edve \u00e9s alapja a vid\u00e9k, amely a term\u00e9szet ir\u00e1nti szeretettel \u00e9s tisztelettel biztos\u00edtja Obsotelje \u00e9s Kozjansko finoms\u00e1gainak min\u0151s\u00e9g\u00e9t.<\/p>\r\n<p style=\"text-align: center;\">Obsotelje \u00e9s Kozjan borturisztikai \u00fatjai egyes\u00edtik mindazt, amit a borban gazdag vid\u00e9k\u00fcnk k\u00edn\u00e1l - kast\u00e9lyok, m\u00fazeumok, templomok, panzi\u00f3k, turistah\u00e1zak, term\u00e1lforr\u00e1sok, \u00e9rintetlen term\u00e9szet, m\u0171velt ter\u00fcletek \u00e9s sz\u0151l\u0151\u00fcltetv\u00e9nyek, amelyek a t\u00e1j jellegzetes arculat\u00e1t \u00e9s az emberek karakter\u00e9t adj\u00e1k. Ez a hatalmas, \u00e9des suttog\u00e1soknak ez a hatalmas folt a f\u00f6ld \u00e9s az \u00e9g k\u00f6z\u00f6tt ezer \u00e9ve az otthona.<\/p>\r\n<p style=\"text-align: center;\">\u00a0<\/p>\r\n<h5 style=\"text-align: center;\"><strong>Egy j\u00f3 h\u00e1zb\u00f3l<\/strong><\/h5>\r\n<p style=\"text-align: center;\"><strong>\u00a0<\/strong><\/p>\r\n<p style=\"text-align: center;\">Ahol otthon j\u00f3 van, ott vannak finom borok is, amelyek meg\u00e9nekeltetik a sz\u00edvedet \u00e9s felcsillan a szemed az \u00f6r\u00f6mt\u0151l.<\/p>\r\n<p style=\"text-align: center;\">A \u0160marsko-Vir\u0161tanj borvid\u00e9kr\u0151l sz\u00e1rmaz\u00f3 kiv\u00e1l\u00f3 min\u0151s\u00e9g\u0171 Emino borokat k\u00fcl\u00f6nleges harm\u00f3nia jellemzi - a helyi mez\u0151k zen\u00e9je \u00e9s az utols\u00f3 csepp \u00e9vezredes hagyom\u00e1nya, amely az Emino Borh\u00e1zban - az Obsotelje \u00e9s Kozjansko t\u00e9rs\u00e9g\u00e9nek legnagyobb sz\u00f6vetkezeti bor\u00e1szat\u00e1ban - tal\u00e1lhat\u00f3.<\/p>\r\n<p style=\"text-align: center;\">\u00a0<\/p>\r\n<p style=\"text-align: center;\">\u00c9vente 200-300 tonna sz\u0151l\u0151t v\u00e1s\u00e1rolunk a k\u00f6rny\u00e9kr\u0151l. Emma sauvignon, chardonnay, rizling, k\u00e9kfrankos, b\u00e1rsonyos fekete \u00e9s s\u00e1rga muskot\u00e1ly borai ezut\u00e1n gondosan bork\u00e9sz\u00edt\u00e9sre ker\u00fclnek, palackoz\u00e1sra ker\u00fclnek, \u00e9s 200.000 liter k\u00e9szen \u00e1ll a k\u00fcl\u00f6nleges eredm\u00e9nyek meg\u00fcnnepl\u00e9s\u00e9re.<\/p>\r\n<p style=\"text-align: center;\">\u00a0<\/p>\r\n<p style=\"text-align: center;\">Legyen sz\u00f3 \u00e9vfordul\u00f3r\u00f3l, sz\u00fclet\u00e9snapr\u00f3l vagy csak egy meg\u00e1ll\u00f3r\u00f3l egy egynapos kir\u00e1ndul\u00e1son egy j\u00f3 csepp \u00e9s egy meleg falat mellett, \u00f6r\u00f6mmel gondoskodunk az \u00d6n j\u00f3l\u00e9t\u00e9r\u0151l az ezer\u00e9ves bor\u00e1szati hagyom\u00e1nyok, az egyszer\u0171 \u00e9s vid\u00e1m emberek \u00e9s az \u00e9rintetlen term\u00e9szet h\u00e1z\u00e1ban, ahol meg\u00e1ll az id\u0151.<\/p>\r\n<p style=\"text-align: center;\">\u00a0<\/p>\r\n<h5 style=\"text-align: center;\">\u00dcdv\u00f6z\u00f6lj\u00fck az Emino Borh\u00e1zban!<\/h5>\r\n<p style=\"text-align: center;\">\u00a0<\/p>\r\n<p style=\"text-align: center;\">\u00dcdv\u00f6z\u00f6lj\u00fck a Celje 2022 \u00cdzek Promen\u00e1dj\u00e1n V\u00e1rjuk \u00d6nt \u00fajra - a fejedelmi v\u00e1rosban!\"<\/p>\r\n<p style=\"text-align: center;\">\u00a0<\/p>\r\n<p style=\"text-align: center;\">\u00a0<\/p>\r\n<p style=\"text-align: center;\"><img decoding=\"async\" class=\"alignnone  wp-image-7458\" src=\"https:\/\/salonsauvignon.eu\/wp-content\/uploads\/2022\/08\/E-300x200.jpg\" alt=\"\" width=\"1353\" height=\"902\" srcset=\"https:\/\/salonsauvignon.eu\/wp-content\/uploads\/2022\/08\/E-300x200.jpg 300w, https:\/\/salonsauvignon.eu\/wp-content\/uploads\/2022\/08\/E-600x400.jpg 600w, https:\/\/salonsauvignon.eu\/wp-content\/uploads\/2022\/08\/E-1024x682.jpg 1024w, https:\/\/salonsauvignon.eu\/wp-content\/uploads\/2022\/08\/E-768x512.jpg 768w, https:\/\/salonsauvignon.eu\/wp-content\/uploads\/2022\/08\/E-18x12.jpg 18w, https:\/\/salonsauvignon.eu\/wp-content\/uploads\/2022\/08\/E.jpg 1280w\" sizes=\"(max-width: 1353px) 100vw, 1353px\" \/><\/p>\r\n<p style=\"text-align: center;\">_________________________<\/p>\r\n<p style=\"text-align: center;\">\u00a0<\/p>\r\n<p style=\"text-align: center;\">Szeretettel megh\u00edvjuk \u00d6nt Szlov\u00e9nia egyik legfest\u0151ibb v\u00e1rosk\u00f6zpontj\u00e1ba szeptember 10-\u00e9n, szombaton - a Celje 2022 \u00cdzek s\u00e9t\u00e1ny\u00e1ra, amikor a v\u00e1rost k\u00f6r\u00fclvev\u0151 sz\u0151l\u0151\u00fcltetv\u00e9nyek \u00e9desen illatoznak az \u00e9rett sz\u0151l\u0151 \u00e9des illat\u00e1t\u00f3l.\u00a0<\/p>\r\n<p style=\"text-align: center;\">Ezen a szombaton 14 \u00f3r\u00e1t\u00f3l eg\u00e9szen napnyugt\u00e1ig, 20 \u00f3r\u00e1ig bork\u00f3stol\u00f3poh\u00e1rral a kez\u00fcnkben fedezz\u00fck fel a fejedelmi v\u00e1rost.<\/p>\r\n<p style=\"text-align: center;\">\u00a0<\/p>\r\n<p style=\"text-align: center;\">Mit k\u00edn\u00e1l a Celje 2022 \u00cdzek s\u00e9t\u00e1nya?<\/p>\r\n<p style=\"text-align: center;\">- cs\u00facsborok a Celje k\u00f6rny\u00e9ki sz\u0151l\u0151\u00fcltetv\u00e9nyekr\u0151l, St\u00e1jerorsz\u00e1gb\u00f3l \u00e9s Szlov\u00e9ni\u00e1b\u00f3l.\u00a0<br \/>- finom \u00e9telek a celjei gasztron\u00f3miai h\u00e1zakb\u00f3l.\u00a0<br \/>- t\u00e1rsas\u00e1gi \u00e9let \u00e9s a fest\u0151i v\u00e1rosk\u00f6zpont felfedez\u00e9se egy poh\u00e1r borral a kez\u00e9ben.\u00a0<br \/>- zenei meglepet\u00e9s.\u00a0<\/p>\r\n<p style=\"text-align: center;\">\u00a0<\/p>\r\n<p style=\"text-align: center;\">Mit tartalmaz a 18 eur\u00f3s jegy?<\/p>\r\n<p style=\"text-align: center;\">- t\u00f6bb mint hatvan cs\u00facsbor k\u00f3stol\u00e1sa,<br \/>- a Salon Sauvignon log\u00f3j\u00e1val ell\u00e1tott k\u00f3stol\u00f3poh\u00e1r,\u00a0<br \/>- lakat.<\/p>\r\n<p style=\"text-align: center;\">Tudjon meg t\u00f6bbet az \u00cdzek Promen\u00e1dj\u00e1r\u00f3l az FB esem\u00e9nyben<\/p>\r\n<p style=\"text-align: center;\"><a href=\"https:\/\/www.facebook.com\/events\/1107809909785375\/?ref=newsfeed\" target=\"_blank\" rel=\"noopener\">Celje 2022 \u00cdzek s\u00e9t\u00e1nya<\/a> ,<\/p>\r\n<p style=\"text-align: center;\">ahol 16 eur\u00f3s el\u0151v\u00e1s\u00e1rl\u00e1si \u00e1ron is lehet jegyet foglalni.<\/p>\r\n<p style=\"text-align: center;\">Ha tetszik az esem\u00e9ny, l\u00e1jkold, oszd meg, \u00e9s h\u00edvd meg bar\u00e1taidat, ismer\u0151seidet, rokonaidat, \u00fczleti partnereidet.\u00a0<\/p>\r\n<p style=\"text-align: center;\">Legy\u00fcnk sokan a Hercegv\u00e1rosban ezen a szombaton!<\/p>\r\n<p style=\"text-align: center;\">\u00a0<\/p>\r\n<p style=\"text-align: center;\">Es\u0151 eset\u00e9n a rendezv\u00e9nyt 2022. szeptember 24-\u00e9n 14:00-20:00 \u00f3ra k\u00f6z\u00f6tt elhalasztj\u00e1k.<\/p>\r\n<p style=\"text-align: center;\">\u00a0<\/p>\r\n<p style=\"text-align: center;\">Az Itadakimasu Int\u00e9zet szervez\u00e9s\u00e9ben.<\/p>\r\n<p style=\"text-align: center;\">\u00a0<\/p>\r\n<p style=\"text-align: center;\">A Celeia Celje Int\u00e9zet t\u00e1rsszervez\u00e9s\u00e9ben.<\/p>\r\n<p style=\"text-align: center;\">\u00a0<\/p>\r\n<p style=\"text-align: center;\">Partnerek: bor\u00e1szok, gasztron\u00f3musok, Vin.Ce Egyes\u00fclet, Wine &amp; Art projekt.<\/p>\r\n<p style=\"text-align: center;\">\u00a0<\/p>\r\n<p style=\"text-align: center;\">Az esem\u00e9ny a Salon Sauvignon fesztiv\u00e1l \u00e9gisze alatt ker\u00fcl megrendez\u00e9sre.<\/p>\r\n<p style=\"text-align: center;\">\u00a0<\/p>\r\n<p style=\"text-align: center;\">\u00a0<\/p>\r\n<p style=\"text-align: center;\">Tudjon meg t\u00f6bbet Celj\u00e9r\u0151l, a gr\u00f3fok v\u00e1ros\u00e1r\u00f3l a k\u00f6vetkez\u0151 oldalon:\u00a0<\/p>\r\n<p style=\"text-align: center;\">\u00a0<\/p>\r\n<p style=\"text-align: center;\"><a href=\"https:\/\/www.visitcelje.eu\/sl\/\" target=\"_blank\" rel=\"noopener\">visitcelje.eu<\/a><br \/><a href=\"https:\/\/www.facebook.com\/gocelje?__cft__%5B0%5D=AZW-hRdqsLUNujT0gE1DuIckTtNbKbp1UeHsUmma_wT0RxVsVCAwhnZvAbz3RcRw_bGzuz-pBW0dJAUZ90TtScilgGiTRd0YMeqB7TQejpo4kWuQJFKga0L7HYB1sj4-JtI&amp;__tn__=q\" target=\"_blank\" rel=\"noopener\">https:\/\/www.facebook.com\/gocelje\/<\/a>\u00a0 <br \/><a href=\"https:\/\/www.facebook.com\/knezjemestocelje\/?__cft__%5B0%5D=AZW-hRdqsLUNujT0gE1DuIckTtNbKbp1UeHsUmma_wT0RxVsVCAwhnZvAbz3RcRw_bGzuz-pBW0dJAUZ90TtScilgGiTRd0YMeqB7TQejpo4kWuQJFKga0L7HYB1sj4-JtI&amp;__tn__=q\" target=\"_blank\" rel=\"noopener\">https:\/\/www.facebook.com\/knezjemestocelje\/<\/a><\/p>\r\n<p style=\"text-align: center;\">\u00a0<\/p>\r\n<p style=\"text-align: center;\"><img decoding=\"async\" class=\"alignnone  wp-image-7475\" src=\"https:\/\/salonsauvignon.eu\/wp-content\/uploads\/2022\/08\/A0-1-1-300x147.jpg\" alt=\"\" width=\"1042\" height=\"510\" srcset=\"https:\/\/salonsauvignon.eu\/wp-content\/uploads\/2022\/08\/A0-1-1-300x147.jpg 300w, https:\/\/salonsauvignon.eu\/wp-content\/uploads\/2022\/08\/A0-1-1-scaled-600x294.jpg 600w, https:\/\/salonsauvignon.eu\/wp-content\/uploads\/2022\/08\/A0-1-1-1024x502.jpg 1024w, https:\/\/salonsauvignon.eu\/wp-content\/uploads\/2022\/08\/A0-1-1-768x377.jpg 768w, https:\/\/salonsauvignon.eu\/wp-content\/uploads\/2022\/08\/A0-1-1-1536x753.jpg 1536w, https:\/\/salonsauvignon.eu\/wp-content\/uploads\/2022\/08\/A0-1-1-2048x1005.jpg 2048w, https:\/\/salonsauvignon.eu\/wp-content\/uploads\/2022\/08\/A0-1-1-18x9.jpg 18w\" sizes=\"(max-width: 1042px) 100vw, 1042px\" \/><\/p>\r\n<p style=\"text-align: center;\">\u00a0<\/p>\r\n<p style=\"text-align: center;\">\u00a0<\/p>\r\n<p style=\"text-align: center;\">\u00a0<\/p>","protected":false},"excerpt":{"rendered":"<p>\u00a0 EMINO HOUSE OF WINE AT THE CELJE 2022 TASTE OF TASTE CELJE 2022 \/\/ 2022. SZEPTEMBER 10. \/\/ 14:00 - 20:00 \/\/ CELJE OLD V\u00c1ROSK\u00d6ZPONT \/\/ \"Soha nincs annyi bor, hogy a m\u00e1gn\u00e1sok ne tudn\u00e1k maguk meginni, de soha nincs annyi, hogy ne tudn\u00e1nak vele lakom\u00e1zni.\". \u00cdgy sz\u00f3l az Obsotel boros fogadtat\u00e1sa.   A mened\u00e9ket a [...]<\/p>","protected":false},"author":3,"featured_media":0,"comment_status":"closed","ping_status":"closed","sticky":false,"template":"","format":"standard","meta":{"_jetpack_memberships_contains_paid_content":false,"footnotes":"","jetpack_publicize_message":"","jetpack_publicize_feature_enabled":true,"jetpack_social_post_already_shared":false,"jetpack_social_options":{"image_generator_settings":{"template":"highway","enabled":false},"version":2},"_wpscppro_custom_social_share_image":0,"_facebook_share_type":"","_twitter_share_type":"","_linkedin_share_type":"","_pinterest_share_type":"","_linkedin_share_type_page":"","_instagram_share_type":"","_selected_social_profile":[]},"categories":[47],"tags":[],"class_list":["post-7449","post","type-post","status-publish","format-standard","hentry","category-novice"],"jetpack_publicize_connections":[],"jetpack_featured_media_url":"","jetpack_sharing_enabled":true,"_links":{"self":[{"href":"https:\/\/salonsauvignon.eu\/hun\/wp-json\/wp\/v2\/posts\/7449","targetHints":{"allow":["GET"]}}],"collection":[{"href":"https:\/\/salonsauvignon.eu\/hun\/wp-json\/wp\/v2\/posts"}],"about":[{"href":"https:\/\/salonsauvignon.eu\/hun\/wp-json\/wp\/v2\/types\/post"}],"author":[{"embeddable":true,"href":"https:\/\/salonsauvignon.eu\/hun\/wp-json\/wp\/v2\/users\/3"}],"replies":[{"embeddable":true,"href":"https:\/\/salonsauvignon.eu\/hun\/wp-json\/wp\/v2\/comments?post=7449"}],"version-history":[{"count":7,"href":"https:\/\/salonsauvignon.eu\/hun\/wp-json\/wp\/v2\/posts\/7449\/revisions"}],"predecessor-version":[{"id":7477,"href":"https:\/\/salonsauvignon.eu\/hun\/wp-json\/wp\/v2\/posts\/7449\/revisions\/7477"}],"wp:attachment":[{"href":"https:\/\/salonsauvignon.eu\/hun\/wp-json\/wp\/v2\/media?parent=7449"}],"wp:term":[{"taxonomy":"category","embeddable":true,"href":"https:\/\/salonsauvignon.eu\/hun\/wp-json\/wp\/v2\/categories?post=7449"},{"taxonomy":"post_tag","embeddable":true,"href":"https:\/\/salonsauvignon.eu\/hun\/wp-json\/wp\/v2\/tags?post=7449"}],"curies":[{"name":"wp","href":"https:\/\/api.w.org\/{rel}","templated":true}]}}