{"id":7466,"date":"2022-08-04T15:50:58","date_gmt":"2022-08-04T13:50:58","guid":{"rendered":"https:\/\/salonsauvignon.eu\/?p=7466"},"modified":"2022-08-14T16:31:08","modified_gmt":"2022-08-14T14:31:08","slug":"statera-na-promenadi-okusov-ptuj-2022","status":"publish","type":"post","link":"https:\/\/salonsauvignon.eu\/hun\/statera-on-the-promenade-at-okusov-ptuj-2022\/","title":{"rendered":"STATERA ESTATE A PTUJ 2022 \u00cdZEK S\u00c9T\u00c1NY\u00c1N"},"content":{"rendered":"<p><img fetchpriority=\"high\" decoding=\"async\" class=\"alignnone wp-image-7467 aligncenter\" src=\"https:\/\/salonsauvignon.eu\/wp-content\/uploads\/2022\/08\/A-1-300x200.jpg\" alt=\"\" width=\"1002\" height=\"668\"><\/p>\n<h5 style=\"text-align: center;\"><strong>2022. SZEPTEMBER 3. SZOMBAT 14:00 - 20:00 \/\/ A PTUJI V\u00c1R FELS\u0150 UDVARA \/\/<\/strong><\/h5>\n<p style=\"text-align: center;\">\"A Statera Wine Estate m\u00e1rka a Kotolenko csal\u00e1d sok\u00e9ves tapasztalata, kem\u00e9ny munk\u00e1ja \u00e9s hagyom\u00e1nyai alapj\u00e1n l\u00e9pett be a borpiacra.<\/p>\n<p style=\"text-align: center;\">Marija, Slavko \u00e9s Gregor az eg\u00e9sz csal\u00e1d seg\u00edts\u00e9g\u00e9vel termesztik a sz\u0151l\u0151t olyan t\u0151k\u00e9ken, amelyekbe m\u00e1r a sz\u0151l\u0151\u00fcltetv\u00e9nyek telep\u00edt\u00e9sekor szeretetet \u00e9s bizalmat \u00f6nt\u00f6tt\u00fcnk.<\/p>\n<p style=\"text-align: center;\">A keleti Halos lejt\u0151in karakteres, fajtajelleges, eleg\u00e1ns \u00e9s friss borok sz\u00fcletnek, amelyek k\u00e9pviselik mindazt, amit mi, Kotolenko vagyunk \u00e9s \u00e9l\u00fcnk.<\/p>\n<p style=\"text-align: center;\">Ennek az \u00e9letnek egy r\u00e9sz\u00e9t szeretn\u00e9nk megmutatni a celjei \u00cdzek s\u00e9t\u00e1ny\u00e1n. Alig v\u00e1rjuk, hogy \u00fajra tal\u00e1lkozzunk!\"<\/p>\n<p style=\"text-align: center;\"><img decoding=\"async\" class=\"alignnone wp-image-7468\" src=\"https:\/\/salonsauvignon.eu\/wp-content\/uploads\/2022\/08\/ozadje_napis-300x169.jpg\" alt=\"\" width=\"1246\" height=\"702\"><\/p>\n<p style=\"text-align: center;\">_____________________<\/p>\n<p style=\"text-align: center;\">T\u00f6lts\u00f6n el egy napot Szlov\u00e9nia egyik legszebb kast\u00e9lya k\u00f6r\u00fcl.<\/p>\n<p style=\"text-align: center;\">T\u00f6lts\u00f6n el egy napot az \u00cdzek s\u00e9t\u00e1ny\u00e1n Szlov\u00e9nia legr\u00e9gebbi v\u00e1ros\u00e1ban.<\/p>\n<p style=\"text-align: center;\">A Ptuji \u00cdzek s\u00e9t\u00e1ny\u00e1t harmadik alkalommal rendezik meg a Ptuji v\u00e1rn\u00e1l, ahonnan csod\u00e1latos kil\u00e1t\u00e1s ny\u00edlik a Halos sz\u0151l\u0151hegyekre, a Szlov\u00e9n Felvid\u00e9kre \u00e9s a Ljutomer-Ormo\u017e-fenns\u00edkra.<\/p>\n<p style=\"text-align: center;\">Mit k\u00edn\u00e1l a Ptuj 2022 \u00cdzek s\u00e9t\u00e1nya?<br \/>\n- finom \u00e9telek, a ptuji sz\u0151l\u0151skertek finom boraihoz t\u00e1rs\u00edtva.<br \/>\n- zenei meglepet\u00e9s.<\/p>\n<p style=\"text-align: center;\">Mit tartalmaz a 18 eur\u00f3s jegy?<br \/>\n- t\u00f6bb mint hatvan cs\u00facsbor k\u00f3stol\u00e1sa,<br \/>\n- a Salon Sauvignon log\u00f3j\u00e1val ell\u00e1tott k\u00f3stol\u00f3poh\u00e1r,<br \/>\n- lakat.<\/p>\n<p style=\"text-align: center;\">A jegyek 16 eur\u00f3s el\u0151v\u00e1s\u00e1rl\u00e1si \u00e1ron foglalhat\u00f3k.<\/p>\n<p style=\"text-align: center;\"><a href=\"https:\/\/salonsauvignon.eu\/hun\/#ptuj\">https:\/\/salonsauvignon.eu\/#ptuj<\/a>\u00a0.<\/p>\n<p style=\"text-align: center;\">Ha tetszik az esem\u00e9ny, l\u00e1jkold, oszd meg, \u00e9s h\u00edvd meg bar\u00e1taidat, ismer\u0151seidet, rokonaidat, \u00fczleti partnereidet.<\/p>\n<p style=\"text-align: center;\"><a href=\"https:\/\/www.facebook.com\/events\/2053397331536448\/?ref=newsfeed\" target=\"_blank\" rel=\"noopener\">https:\/\/www.facebook.com\/events\/2053397331536448\/?ref=newsfeed<\/a><\/p>\n<p style=\"text-align: center;\">\u00c9rezz\u00fck j\u00f3l magunkat a ptuji v\u00e1rban ezen a szeptemberi szombaton!<\/p>\n<p style=\"text-align: center;\">A Ptuji v\u00e1rban fogunk l\u00f3gni minden id\u0151j\u00e1r\u00e1si k\u00f6r\u00fclm\u00e9nyek k\u00f6z\u00f6tt.<\/p>\n<p style=\"text-align: center;\">Az esem\u00e9ny a Salon Sauvignon fesztiv\u00e1l \u00e9gisze alatt ker\u00fcl megrendez\u00e9sre.<\/p>\n<p style=\"text-align: center;\">Partnerek: bortermel\u0151k, gasztron\u00f3miai h\u00e1zak, a Ptuj - Ormo\u017e Region\u00e1lis M\u00fazeum, a Ptuji Turisztikai Int\u00e9zet, a Spodnje Podravje Vid\u00e9ki Ifj\u00fas\u00e1gi Egyes\u00fclet, a Ptuji Mez\u0151gazdas\u00e1gi \u00e9s Erd\u00e9szeti Int\u00e9zet.<\/p>\n<p style=\"text-align: center;\">","protected":false},"excerpt":{"rendered":"<p>2022. SZEPTEMBER 3. SZOMBAT 14:00 - 20:00 \/\/ PTUJSKY GRAD FELS\u0150H\u00c1ZA \/\/ \"A Statera Wine Estate m\u00e1rka a Kotolenko csal\u00e1d sok\u00e9ves tapasztalata, kem\u00e9ny munk\u00e1ja \u00e9s hagyom\u00e1nyai alapj\u00e1n l\u00e9pett be a borpiacra. Marija, Slavko \u00e9s Gregor az eg\u00e9sz csal\u00e1d seg\u00edts\u00e9g\u00e9vel sz\u0151l\u0151t termesztenek [...]<\/p>","protected":false},"author":3,"featured_media":7469,"comment_status":"closed","ping_status":"closed","sticky":false,"template":"","format":"standard","meta":{"_jetpack_memberships_contains_paid_content":false,"footnotes":"","jetpack_publicize_message":"","jetpack_publicize_feature_enabled":true,"jetpack_social_post_already_shared":false,"jetpack_social_options":{"image_generator_settings":{"template":"highway","enabled":false},"version":2},"_wpscppro_custom_social_share_image":0,"_facebook_share_type":"","_twitter_share_type":"","_linkedin_share_type":"","_pinterest_share_type":"","_linkedin_share_type_page":"","_instagram_share_type":"","_selected_social_profile":[]},"categories":[47],"tags":[],"class_list":["post-7466","post","type-post","status-publish","format-standard","has-post-thumbnail","hentry","category-novice"],"jetpack_publicize_connections":[],"jetpack_featured_media_url":"https:\/\/salonsauvignon.eu\/wp-content\/uploads\/2022\/08\/A-copy-scaled.jpg","jetpack_sharing_enabled":true,"_links":{"self":[{"href":"https:\/\/salonsauvignon.eu\/hun\/wp-json\/wp\/v2\/posts\/7466","targetHints":{"allow":["GET"]}}],"collection":[{"href":"https:\/\/salonsauvignon.eu\/hun\/wp-json\/wp\/v2\/posts"}],"about":[{"href":"https:\/\/salonsauvignon.eu\/hun\/wp-json\/wp\/v2\/types\/post"}],"author":[{"embeddable":true,"href":"https:\/\/salonsauvignon.eu\/hun\/wp-json\/wp\/v2\/users\/3"}],"replies":[{"embeddable":true,"href":"https:\/\/salonsauvignon.eu\/hun\/wp-json\/wp\/v2\/comments?post=7466"}],"version-history":[{"count":6,"href":"https:\/\/salonsauvignon.eu\/hun\/wp-json\/wp\/v2\/posts\/7466\/revisions"}],"predecessor-version":[{"id":7485,"href":"https:\/\/salonsauvignon.eu\/hun\/wp-json\/wp\/v2\/posts\/7466\/revisions\/7485"}],"wp:featuredmedia":[{"embeddable":true,"href":"https:\/\/salonsauvignon.eu\/hun\/wp-json\/wp\/v2\/media\/7469"}],"wp:attachment":[{"href":"https:\/\/salonsauvignon.eu\/hun\/wp-json\/wp\/v2\/media?parent=7466"}],"wp:term":[{"taxonomy":"category","embeddable":true,"href":"https:\/\/salonsauvignon.eu\/hun\/wp-json\/wp\/v2\/categories?post=7466"},{"taxonomy":"post_tag","embeddable":true,"href":"https:\/\/salonsauvignon.eu\/hun\/wp-json\/wp\/v2\/tags?post=7466"}],"curies":[{"name":"wp","href":"https:\/\/api.w.org\/{rel}","templated":true}]}}