{"id":7620,"date":"2022-08-13T12:08:46","date_gmt":"2022-08-13T10:08:46","guid":{"rendered":"https:\/\/salonsauvignon.eu\/?p=7620"},"modified":"2022-08-14T11:01:37","modified_gmt":"2022-08-14T09:01:37","slug":"7620-2","status":"publish","type":"post","link":"https:\/\/salonsauvignon.eu\/hun\/7620-2\/","title":{"rendered":"PTUJI BOR\u00c1SZAT A PTUJI \u00cdZEK S\u00c9T\u00c1NY\u00c1N 2022"},"content":{"rendered":"<p><img fetchpriority=\"high\" decoding=\"async\" class=\"alignnone wp-image-7621 aligncenter\" src=\"https:\/\/salonsauvignon.eu\/wp-content\/uploads\/2022\/08\/A-13-300x200.jpg\" alt=\"\" width=\"914\" height=\"609\" srcset=\"https:\/\/salonsauvignon.eu\/wp-content\/uploads\/2022\/08\/A-13-300x200.jpg 300w, https:\/\/salonsauvignon.eu\/wp-content\/uploads\/2022\/08\/A-13-scaled-600x400.jpg 600w, https:\/\/salonsauvignon.eu\/wp-content\/uploads\/2022\/08\/A-13-1024x683.jpg 1024w, https:\/\/salonsauvignon.eu\/wp-content\/uploads\/2022\/08\/A-13-768x512.jpg 768w, https:\/\/salonsauvignon.eu\/wp-content\/uploads\/2022\/08\/A-13-1536x1024.jpg 1536w, https:\/\/salonsauvignon.eu\/wp-content\/uploads\/2022\/08\/A-13-2048x1365.jpg 2048w, https:\/\/salonsauvignon.eu\/wp-content\/uploads\/2022\/08\/A-13-18x12.jpg 18w\" sizes=\"(max-width: 914px) 100vw, 914px\" \/><\/p>\n<p style=\"text-align: center;\"><strong>2022. SZEPTEMBER 3. SZOMBAT, 14:00 - 20:00 \/\/ A PTUJI V\u00c1R FELS\u0150 UDVARA \/\/<\/strong><\/p>\n<p style=\"text-align: center;\">\"A Ptuj pinc\u00e9szet Szlov\u00e9nia egyik legfontosabb bortermel\u0151je.<\/p>\n<p style=\"text-align: center;\">A pinc\u00e9szet a Halos \u00e9s a K\u00f6z\u00e9p-szlov\u00e9niai-felvid\u00e9k sz\u0151l\u0151term\u0151 lejt\u0151in elter\u00fcl\u0151 sz\u0151l\u0151\u00fcltetv\u00e9nyekr\u0151l veszi \u00e1t a sz\u0151l\u0151ket, amelyeket a term\u00e9szet adott, \u00e9s amelyek a vil\u00e1g legjobb borterm\u0151 helyei k\u00f6z\u00e9 tartoznak.<\/p>\n<p style=\"text-align: center;\">A szak\u00e9rt\u0151k szerint a halosi \u00e9s a k\u00f6z\u00e9p-szlov\u00e9niai felvid\u00e9ki borvid\u00e9k a vil\u00e1g legjobb 5%-a k\u00f6z\u00e9 tartozik.<\/p>\n<p style=\"text-align: center;\">Ptuj k\u00f6rny\u00e9k\u00e9nek kiv\u00e1l\u00f3 term\u00e9szeti er\u0151forr\u00e1sait m\u00e1r a r\u00f3mai korban felismert\u00e9k Poetovio lak\u00f3i, akik val\u00f3sz\u00edn\u0171leg a bor\u00e1szati hagyom\u00e1nyt is elind\u00edtott\u00e1k Ptujban. Ptuj gazdag t\u00f6rt\u00e9nelme a r\u00f3mai kor \u00f3ta szorosan \u00f6sszefon\u00f3dik a bor\u00e1szati hagyom\u00e1nyokkal.<\/p>\n<p style=\"text-align: center;\">Ptuj t\u00f6rt\u00e9nelm\u00e9nek egyik bor\u00e1szati f\u00e9nypontja arra az id\u0151szakra ny\u00falik vissza, amikor a v\u00e1rost a minorit\u00e1k ir\u00e1ny\u00edtott\u00e1k. A ptuji bor\u00e1szat kezdet\u00e9t 1239-ben jegyezt\u00e9k fel, amikor Ptujban kolostort \u00e9p\u00edtettek, amely egy borospinc\u00e9nek is otthont adott.<\/p>\n<p style=\"text-align: center;\">Egy modern \u00e9s ambici\u00f3zus bor\u00e1szat, amelynek gazdag hagyom\u00e1nya van a legjobb \u00e9vj\u00e1ratok legjobbjainak biztons\u00e1gos \u00e1pol\u00e1s\u00e1ban.<\/p>\n<p style=\"text-align: center;\">Itt tal\u00e1lhat\u00f3 egy k\u00fcl\u00f6nleges borkincs - a legr\u00e9gebbi szlov\u00e9n bor, a Zlata trta (Aranysz\u0151l\u0151), amely 1917-b\u0151l sz\u00e1rmazik.<\/p>\n<p style=\"text-align: center;\">2012 \u00f3ta a Ptujska Klet h\u00e9t egym\u00e1st k\u00f6vet\u0151 \u00e9vben a legjobb szlov\u00e9n bor\u00e1sz tr\u00f3nj\u00e1n uralkodik, amely k\u00fcl\u00f6nleges elismer\u00e9st a legnagyobb b\u00e9csi f\u00fcggetlen bor\u00e9rt\u00e9kel\u00e9s - az AWC Vienna - adom\u00e1nyoz. A bor\u00e1szat 2020-ban \u00e9s 2021-ben is elnyerte a Szlov\u00e9nia legjobb nemzeti termel\u0151je c\u00edmet.<\/p>\n<p style=\"text-align: center;\">A Ptuj Pince borai h\u00e1rom m\u00e1rkan\u00e9v alatt ismertek: Pullus, Halo\u017ean \u00e9s Pinky Chick.<\/p>\n<p style=\"text-align: center;\">A Pullus-t 2007-es indul\u00e1sa \u00f3ta az \u00edzek gy\u0151ztesek\u00e9nt azonos\u00edtott\u00e1k, \u00e9s ezt folyamatosan bizony\u00edtja - el\u0151sz\u00f6r a borkedvel\u0151k k\u00f6r\u00e9ben, mert a finom borok szerelmeseinek megb\u00edzhat\u00f3 v\u00e1laszt\u00e1sa, majd a szakma k\u00f6r\u00e9ben, ahol sz\u00e1mos versenyen folyamatosan leny\u0171g\u00f6zte a hazai \u00e9s a vil\u00e1g sz\u00e1mos pontj\u00e1n.<\/p>\n<p style=\"text-align: center;\">Szeretn\u00e9nk hamarosan meggy\u0151zni \u00d6n\u00f6ket boraink min\u0151s\u00e9g\u00e9r\u0151l - az \u00cdzek s\u00e9t\u00e1ny\u00e1n a gy\u00f6ny\u00f6r\u0171 Ptuji Kast\u00e9lyban!\"<\/p>\n<p style=\"text-align: center;\">Tov\u00e1bbi inform\u00e1ci\u00f3k a Ptuj Pinc\u00e9szetr\u0151l a k\u00f6vetkez\u0151 c\u00edmen:<\/p>\n<p style=\"text-align: center;\"><a href=\"https:\/\/www.facebook.com\/Pulluswines\" target=\"_blank\" rel=\"noopener\">https:\/\/www.facebook.com\/Pulluswines<\/a><\/p>\n<p style=\"text-align: center;\"><a href=\"http:\/\/www.pullus.si\/\" target=\"_blank\" rel=\"noopener\">http:\/\/www.pullus.si\/<\/a><\/p>\n<p>&nbsp;<\/p>\n<p style=\"text-align: center;\"><img decoding=\"async\" class=\"alignnone wp-image-7622\" src=\"https:\/\/salonsauvignon.eu\/wp-content\/uploads\/2022\/08\/F-2-243x300.jpg\" alt=\"\" width=\"919\" height=\"1135\"><\/p>\n<p style=\"text-align: center;\">_____________________<\/p>\n<p style=\"text-align: center;\">T\u00f6lts\u00f6n el egy napot Szlov\u00e9nia egyik legszebb kast\u00e9lya k\u00f6r\u00fcl.<\/p>\n<p style=\"text-align: center;\">T\u00f6lts\u00f6n el egy napot az \u00cdzek s\u00e9t\u00e1ny\u00e1n Szlov\u00e9nia legr\u00e9gebbi v\u00e1ros\u00e1ban.<\/p>\n<p style=\"text-align: center;\">A Ptuji \u00cdzek s\u00e9t\u00e1ny\u00e1t harmadik alkalommal rendezik meg a Ptuji v\u00e1rn\u00e1l, ahonnan csod\u00e1latos kil\u00e1t\u00e1s ny\u00edlik a Halos sz\u0151l\u0151hegyekre, a Szlov\u00e9n Felvid\u00e9kre \u00e9s a Ljutomer-Ormo\u017e-fenns\u00edkra.<\/p>\n<p style=\"text-align: center;\">Mit k\u00edn\u00e1l a Ptuj 2022 \u00cdzek s\u00e9t\u00e1nya?<br \/>\n- finom \u00e9telek, a ptuji sz\u0151l\u0151skertek finom boraihoz t\u00e1rs\u00edtva.<br \/>\n- zenei meglepet\u00e9s.<\/p>\n<p>Mit tartalmaz a 18 eur\u00f3s jegy?<br \/>\n- t\u00f6bb mint hatvan cs\u00facsbor k\u00f3stol\u00e1sa,<br \/>\n- a Salon Sauvignon log\u00f3j\u00e1val ell\u00e1tott k\u00f3stol\u00f3poh\u00e1r,<br \/>\n- lakat.<\/p>\n<p style=\"text-align: center;\">Tudjon meg t\u00f6bbet az \u00cdzek Promen\u00e1dj\u00e1r\u00f3l az FB esem\u00e9nyben<\/p>\n<p style=\"text-align: center;\">\u00a0<a href=\"https:\/\/www.facebook.com\/events\/2053397331536448\/?ref=newsfeed\" target=\"_blank\" rel=\"noopener\">https:\/\/www.facebook.com\/events\/2053397331536448\/?ref=newsfeed<\/a><\/p>\n<p style=\"text-align: center;\">ahol 16 eur\u00f3s el\u0151v\u00e1s\u00e1rl\u00e1si \u00e1ron is lehet jegyet foglalni.<\/p>\n<p>Ha tetszik az esem\u00e9ny, l\u00e1jkold, oszd meg, \u00e9s h\u00edvd meg bar\u00e1taidat, ismer\u0151seidet, rokonaidat, \u00fczleti partnereidet.<\/p>\n<p style=\"text-align: center;\">\u00c9rezz\u00fck j\u00f3l magunkat a ptuji v\u00e1rban ezen a szeptemberi szombaton!<\/p>\n<p>A Ptuji v\u00e1rban fogunk l\u00f3gni minden id\u0151j\u00e1r\u00e1si k\u00f6r\u00fclm\u00e9nyek k\u00f6z\u00f6tt.<\/p>\n<p style=\"text-align: center;\">Az esem\u00e9nyt az Itadakimasu Ptuj szervezi.<\/p>\n<p style=\"text-align: center;\">A Ptuj - Ormo\u017e Region\u00e1lis M\u00fazeum \u00e9s a Ptuji Turisztikai Int\u00e9zet k\u00f6z\u00f6s szervez\u00e9s\u00e9ben.<\/p>\n<p style=\"text-align: center;\">Az esem\u00e9ny a Salon Sauvignon fesztiv\u00e1l \u00e9gisze alatt ker\u00fcl megrendez\u00e9sre.<\/p>\n<p style=\"text-align: center;\">Partnerek: bor\u00e1szok, gasztron\u00f3miai h\u00e1zak, a Spodnje Podravje Vid\u00e9ki Ifj\u00fas\u00e1gi Egyes\u00fclet, a Ptuji Mez\u0151gazdas\u00e1gi \u00e9s Erd\u00e9szeti Int\u00e9zet.<\/p>","protected":false},"excerpt":{"rendered":"<p>V SOBOTO 3. SEPTEMBRA 2022, 14:00 \u2013 20:00 \/\/ GORNJE DVORI\u0160\u010cE PTUJSKEGA GRADU \/\/ \u00bbPtujska klet je med najpomembnej\u0161imi pridelovalci vina v Sloveniji. Klet sprejema grozdje vinogradov ki se razprostirajo po vinorodnih pobo\u010djih Haloz in srednjih Slovenskih goric, ki jim je narava podarila danosti, zaradi katerih se uvr\u0161\u010dajo med najuglednej\u0161e vinorodne lege na svetu. Strokovnjaki [&hellip;]<\/p>","protected":false},"author":3,"featured_media":0,"comment_status":"closed","ping_status":"closed","sticky":false,"template":"","format":"standard","meta":{"_jetpack_memberships_contains_paid_content":false,"footnotes":"","jetpack_publicize_message":"","jetpack_publicize_feature_enabled":true,"jetpack_social_post_already_shared":false,"jetpack_social_options":{"image_generator_settings":{"template":"highway","enabled":false},"version":2},"_wpscppro_custom_social_share_image":0,"_facebook_share_type":"","_twitter_share_type":"","_linkedin_share_type":"","_pinterest_share_type":"","_linkedin_share_type_page":"","_instagram_share_type":"","_selected_social_profile":[]},"categories":[63,47],"tags":[],"class_list":["post-7620","post","type-post","status-publish","format-standard","hentry","category-vinarji","category-novice"],"jetpack_publicize_connections":[],"jetpack_featured_media_url":"","jetpack_sharing_enabled":true,"_links":{"self":[{"href":"https:\/\/salonsauvignon.eu\/hun\/wp-json\/wp\/v2\/posts\/7620","targetHints":{"allow":["GET"]}}],"collection":[{"href":"https:\/\/salonsauvignon.eu\/hun\/wp-json\/wp\/v2\/posts"}],"about":[{"href":"https:\/\/salonsauvignon.eu\/hun\/wp-json\/wp\/v2\/types\/post"}],"author":[{"embeddable":true,"href":"https:\/\/salonsauvignon.eu\/hun\/wp-json\/wp\/v2\/users\/3"}],"replies":[{"embeddable":true,"href":"https:\/\/salonsauvignon.eu\/hun\/wp-json\/wp\/v2\/comments?post=7620"}],"version-history":[{"count":4,"href":"https:\/\/salonsauvignon.eu\/hun\/wp-json\/wp\/v2\/posts\/7620\/revisions"}],"predecessor-version":[{"id":7635,"href":"https:\/\/salonsauvignon.eu\/hun\/wp-json\/wp\/v2\/posts\/7620\/revisions\/7635"}],"wp:attachment":[{"href":"https:\/\/salonsauvignon.eu\/hun\/wp-json\/wp\/v2\/media?parent=7620"}],"wp:term":[{"taxonomy":"category","embeddable":true,"href":"https:\/\/salonsauvignon.eu\/hun\/wp-json\/wp\/v2\/categories?post=7620"},{"taxonomy":"post_tag","embeddable":true,"href":"https:\/\/salonsauvignon.eu\/hun\/wp-json\/wp\/v2\/tags?post=7620"}],"curies":[{"name":"wp","href":"https:\/\/api.w.org\/{rel}","templated":true}]}}