{"id":7681,"date":"2022-08-18T15:32:15","date_gmt":"2022-08-18T13:32:15","guid":{"rendered":"https:\/\/salonsauvignon.eu\/?p=7681"},"modified":"2022-08-18T15:33:22","modified_gmt":"2022-08-18T13:33:22","slug":"vino-mlakar-na-promenadi-okusov-celje-2022","status":"publish","type":"post","link":"https:\/\/salonsauvignon.eu\/hun\/bor-mlakar-az-izek-promenadjan-teljesen-2022\/","title":{"rendered":"BOR MLAKAR A CELJE 2022-ES \u00cdZEK S\u00c9T\u00c1NY\u00c1N\u00a0"},"content":{"rendered":"<p><img fetchpriority=\"high\" decoding=\"async\" class=\"alignnone wp-image-7682 aligncenter\" src=\"https:\/\/salonsauvignon.eu\/wp-content\/uploads\/2022\/08\/AA-1-300x168.jpg\" alt=\"\" width=\"1005\" height=\"563\"><\/p>\n<p>&nbsp;<\/p>\n<p style=\"text-align: center;\"><strong>2022. SZEPTEMBER 10. \/\/ 14:00 - 20:00 \/\/ \u00d3V\u00c1ROS \/\/<\/strong><\/p>\n<p style=\"text-align: center;\">\"Hatf\u0151s csal\u00e1di v\u00e1llalkoz\u00e1s vagyunk, amely m\u00e1r \u00e9vek \u00f3ta oltott sz\u0151l\u0151t termeszt. Ez volt az ugr\u00f3deszk\u00e1nk a bortermel\u0151i vizekre l\u00e9p\u00e9shez.<\/p>\n<p style=\"text-align: center;\">Jelenleg h\u00e9t hekt\u00e1r sz\u0151l\u0151ter\u00fclettel rendelkez\u00fcnk Slovenske Konjice k\u00f6rny\u00e9k\u00e9n.<\/p>\n<p style=\"text-align: center;\">C\u00e9lunk, hogy tud\u00e1sunkat \u00e9s az \u00faj technol\u00f3gi\u00e1kat felhaszn\u00e1lva olyan kiv\u00e1l\u00f3 min\u0151s\u00e9g\u0171 borokat \u00e1ll\u00edtsunk el\u0151, amelyek elk\u00e1pr\u00e1ztatj\u00e1k v\u00e1s\u00e1rl\u00f3inkat.<\/p>\n<p style=\"text-align: center;\">Borainkat az \u00e9szaki borokra jellemz\u0151 rendk\u00edv\u00fcli frissess\u00e9g, a fajtajelleg\u0171 arom\u00e1k \u00e9s a harm\u00f3nia jellemzi.<\/p>\n<p style=\"text-align: center;\">Leny\u0171g\u00f6z\u0151 karakter, eleg\u00e1ns minimalizmus, m\u00e9gis barokkos luxus. A st\u00e1jer talajb\u00f3l harmatot \u00e9s napot, a bor\u00e1sz kez\u00e9b\u0151l tud\u00e1st \u00e9s szeretetet isznak. A bor minden cseppje t\u00fckr\u00f6zi azt a megk\u00fcl\u00f6nb\u00f6ztet\u0151 kiv\u00e1l\u00f3s\u00e1got, amelyet mi magunk is vallunk.<\/p>\n<p style=\"text-align: center;\">J\u00f6jj\u00f6n \u00e9s ismerkedjen meg vel\u00fcnk \u00e9s borainkkal - az \u00cdzek s\u00e9t\u00e1ny\u00e1n a Fejedelmi V\u00e1rosban!\"<\/p>\n<p style=\"text-align: center;\">Tudjon meg t\u00f6bbet r\u00f3lunk:<\/p>\n<p style=\"text-align: center;\"><a href=\"https:\/\/vinomlakar.si\/\" target=\"_blank\" rel=\"noopener\">https:\/\/vinomlakar.si\/<\/a><\/p>\n<p style=\"text-align: center;\"><img decoding=\"async\" class=\"alignnone wp-image-7683\" src=\"https:\/\/salonsauvignon.eu\/wp-content\/uploads\/2022\/08\/D-300x129.png\" alt=\"\" width=\"812\" height=\"349\" srcset=\"https:\/\/salonsauvignon.eu\/wp-content\/uploads\/2022\/08\/D-300x129.png 300w, https:\/\/salonsauvignon.eu\/wp-content\/uploads\/2022\/08\/D-600x257.png 600w, https:\/\/salonsauvignon.eu\/wp-content\/uploads\/2022\/08\/D-1024x439.png 1024w, https:\/\/salonsauvignon.eu\/wp-content\/uploads\/2022\/08\/D-768x329.png 768w, https:\/\/salonsauvignon.eu\/wp-content\/uploads\/2022\/08\/D-1536x659.png 1536w, https:\/\/salonsauvignon.eu\/wp-content\/uploads\/2022\/08\/D-18x8.png 18w, https:\/\/salonsauvignon.eu\/wp-content\/uploads\/2022\/08\/D.png 1887w\" sizes=\"(max-width: 812px) 100vw, 812px\" \/><\/p>\n<p style=\"text-align: center;\">____________<\/p>\n<p style=\"text-align: center;\">Szeretettel megh\u00edvjuk \u00d6nt Szlov\u00e9nia egyik legfest\u0151ibb v\u00e1rosk\u00f6zpontj\u00e1ba szeptember 10-\u00e9n, szombaton - a Celje 2022 \u00cdzek s\u00e9t\u00e1ny\u00e1ra, amikor a v\u00e1rost k\u00f6r\u00fclvev\u0151 sz\u0151l\u0151\u00fcltetv\u00e9nyek \u00e9desen illatoznak az \u00e9rett sz\u0151l\u0151 \u00e9des illat\u00e1t\u00f3l.<\/p>\n<p style=\"text-align: center;\">Ezen a szombaton 14 \u00f3r\u00e1t\u00f3l eg\u00e9szen napnyugt\u00e1ig, 20 \u00f3r\u00e1ig bork\u00f3stol\u00f3poh\u00e1rral a kez\u00fcnkben fedezz\u00fck fel a fejedelmi v\u00e1rost.<\/p>\n<p style=\"text-align: center;\">Mit k\u00edn\u00e1l a Celje 2022 \u00cdzek s\u00e9t\u00e1nya?<\/p>\n<p style=\"text-align: center;\">- cs\u00facsborok a Celje k\u00f6rny\u00e9ki sz\u0151l\u0151\u00fcltetv\u00e9nyekr\u0151l, St\u00e1jerorsz\u00e1gb\u00f3l \u00e9s Szlov\u00e9ni\u00e1b\u00f3l.<br \/>\n- finom \u00e9telek a celjei gasztron\u00f3miai h\u00e1zakb\u00f3l.<br \/>\n- t\u00e1rsas\u00e1gi \u00e9let \u00e9s a fest\u0151i v\u00e1rosk\u00f6zpont felfedez\u00e9se egy poh\u00e1r borral a kez\u00e9ben.<br \/>\n- zenei meglepet\u00e9s.<\/p>\n<p style=\"text-align: center;\">Mit tartalmaz a 18 eur\u00f3s jegy?<\/p>\n<p style=\"text-align: center;\">- t\u00f6bb mint hatvan cs\u00facsbor k\u00f3stol\u00e1sa,<br \/>\n- a Salon Sauvignon log\u00f3j\u00e1val ell\u00e1tott k\u00f3stol\u00f3poh\u00e1r,<br \/>\n- lakat.<\/p>\n<p style=\"text-align: center;\">Tudjon meg t\u00f6bbet az \u00cdzek s\u00e9t\u00e1ny\u00e1r\u00f3l az FB esem\u00e9nyen:<\/p>\n<p style=\"text-align: center;\"><a href=\"https:\/\/www.facebook.com\/events\/1107809909785375\/?ref=newsfeed\" target=\"_blank\" rel=\"noopener\">https:\/\/www.facebook.com\/events\/1107809909785375\/?ref=newsfeed<\/a>,<\/p>\n<p style=\"text-align: center;\">ahol 16 eur\u00f3s el\u0151v\u00e1s\u00e1rl\u00e1si \u00e1ron is lehet jegyet foglalni.<\/p>\n<p style=\"text-align: center;\">Ha tetszik az esem\u00e9ny, l\u00e1jkold, oszd meg, \u00e9s h\u00edvd meg bar\u00e1taidat, ismer\u0151seidet, rokonaidat, \u00fczleti partnereidet.<\/p>\n<p style=\"text-align: center;\">Legy\u00fcnk sokan a Hercegv\u00e1rosban ezen a szombaton!<\/p>\n<p style=\"text-align: center;\">Es\u0151 eset\u00e9n a rendezv\u00e9nyt 2022. szeptember 24-\u00e9n 14:00-20:00 \u00f3ra k\u00f6z\u00f6tt elhalasztj\u00e1k.<\/p>\n<p style=\"text-align: center;\">Az Itadakimasu Int\u00e9zet szervez\u00e9s\u00e9ben.<\/p>\n<p style=\"text-align: center;\">A Celeia Celje Int\u00e9zet t\u00e1rsszervez\u00e9s\u00e9ben.<\/p>\n<p style=\"text-align: center;\">Partnerek: bor\u00e1szok, gasztron\u00f3musok, Vin.Ce Egyes\u00fclet, Wine &amp; Art projekt.<\/p>\n<p style=\"text-align: center;\">Az esem\u00e9ny a Salon Sauvignon fesztiv\u00e1l \u00e9gisze alatt ker\u00fcl megrendez\u00e9sre.<\/p>\n<p style=\"text-align: center;\">Tudjon meg t\u00f6bbet Celj\u00e9r\u0151l, a gr\u00f3fok v\u00e1ros\u00e1r\u00f3l a k\u00f6vetkez\u0151 oldalon:<\/p>\n<p style=\"text-align: center;\"><a href=\"https:\/\/www.visitcelje.eu\/sl\/\" target=\"_blank\" rel=\"noopener\">https:\/\/www.visitcelje.eu\/sl\/<\/a><br \/>\n<a href=\"https:\/\/www.facebook.com\/gocelje?__cft__%5B0%5D=AZW-hRdqsLUNujT0gE1DuIckTtNbKbp1UeHsUmma_wT0RxVsVCAwhnZvAbz3RcRw_bGzuz-pBW0dJAUZ90TtScilgGiTRd0YMeqB7TQejpo4kWuQJFKga0L7HYB1sj4-JtI&amp;__tn__=q\" target=\"_blank\" rel=\"noopener\">https:\/\/www.facebook.com\/gocelje\/<\/a><br \/>\n<a href=\"https:\/\/www.facebook.com\/knezjemestocelje\/?__cft__%5B0%5D=AZW-hRdqsLUNujT0gE1DuIckTtNbKbp1UeHsUmma_wT0RxVsVCAwhnZvAbz3RcRw_bGzuz-pBW0dJAUZ90TtScilgGiTRd0YMeqB7TQejpo4kWuQJFKga0L7HYB1sj4-JtI&amp;__tn__=q\" target=\"_blank\" rel=\"noopener\">https:\/\/www.facebook.com\/knezjemestocelje\/<\/a><\/p>\n<p style=\"text-align: center;\">","protected":false},"excerpt":{"rendered":"<p>&nbsp; 2022. SZEPTEMBER 10. \/\/ 14:00 - 20:00 \/\/ OLD TOWN CENTRE \/\/ \"Hatf\u0151s csal\u00e1di v\u00e1llalkoz\u00e1s vagyunk, amely hossz\u00fa \u00e9vek \u00f3ta foglalkozik n\u00e1dsz\u0151l\u0151 oltv\u00e1nyok termeszt\u00e9s\u00e9vel. Ez volt a mi ugr\u00f3deszk\u00e1nk a bortermel\u0151i vizekre. Jelenleg h\u00e9t hekt\u00e1r sz\u0151l\u0151ter\u00fclettel rendelkez\u00fcnk Slovenske Konjice k\u00f6rny\u00e9k\u00e9n. C\u00e9lunk, hogy tud\u00e1sunkat \u00e9s [...]<\/p>","protected":false},"author":3,"featured_media":0,"comment_status":"closed","ping_status":"closed","sticky":false,"template":"","format":"standard","meta":{"_jetpack_memberships_contains_paid_content":false,"footnotes":"","jetpack_publicize_message":"","jetpack_publicize_feature_enabled":true,"jetpack_social_post_already_shared":false,"jetpack_social_options":{"image_generator_settings":{"template":"highway","enabled":false},"version":2},"_wpscppro_custom_social_share_image":0,"_facebook_share_type":"","_twitter_share_type":"","_linkedin_share_type":"","_pinterest_share_type":"","_linkedin_share_type_page":"","_instagram_share_type":"","_selected_social_profile":[]},"categories":[63,47],"tags":[],"class_list":["post-7681","post","type-post","status-publish","format-standard","hentry","category-vinarji","category-novice"],"jetpack_publicize_connections":[],"jetpack_featured_media_url":"","jetpack_sharing_enabled":true,"_links":{"self":[{"href":"https:\/\/salonsauvignon.eu\/hun\/wp-json\/wp\/v2\/posts\/7681","targetHints":{"allow":["GET"]}}],"collection":[{"href":"https:\/\/salonsauvignon.eu\/hun\/wp-json\/wp\/v2\/posts"}],"about":[{"href":"https:\/\/salonsauvignon.eu\/hun\/wp-json\/wp\/v2\/types\/post"}],"author":[{"embeddable":true,"href":"https:\/\/salonsauvignon.eu\/hun\/wp-json\/wp\/v2\/users\/3"}],"replies":[{"embeddable":true,"href":"https:\/\/salonsauvignon.eu\/hun\/wp-json\/wp\/v2\/comments?post=7681"}],"version-history":[{"count":3,"href":"https:\/\/salonsauvignon.eu\/hun\/wp-json\/wp\/v2\/posts\/7681\/revisions"}],"predecessor-version":[{"id":7687,"href":"https:\/\/salonsauvignon.eu\/hun\/wp-json\/wp\/v2\/posts\/7681\/revisions\/7687"}],"wp:attachment":[{"href":"https:\/\/salonsauvignon.eu\/hun\/wp-json\/wp\/v2\/media?parent=7681"}],"wp:term":[{"taxonomy":"category","embeddable":true,"href":"https:\/\/salonsauvignon.eu\/hun\/wp-json\/wp\/v2\/categories?post=7681"},{"taxonomy":"post_tag","embeddable":true,"href":"https:\/\/salonsauvignon.eu\/hun\/wp-json\/wp\/v2\/tags?post=7681"}],"curies":[{"name":"wp","href":"https:\/\/api.w.org\/{rel}","templated":true}]}}