{"id":7695,"date":"2022-08-20T11:53:35","date_gmt":"2022-08-20T09:53:35","guid":{"rendered":"https:\/\/salonsauvignon.eu\/?p=7695"},"modified":"2022-08-20T11:54:24","modified_gmt":"2022-08-20T09:54:24","slug":"tadej-vesenjak-na-promenadi-okusov-ptuj-2022","status":"publish","type":"post","link":"https:\/\/salonsauvignon.eu\/hun\/tadej-vesenjak-az-promenadon-okusov-ptuj-2022\/","title":{"rendered":"TADEJ VESENJAK A PTUJ 2022 \u00cdZEK S\u00c9T\u00c1NY\u00c1N"},"content":{"rendered":"<p><img fetchpriority=\"high\" decoding=\"async\" class=\"alignnone wp-image-7696 aligncenter\" src=\"https:\/\/salonsauvignon.eu\/wp-content\/uploads\/2022\/08\/01-200x300.jpg\" alt=\"\" width=\"480\" height=\"719\" srcset=\"https:\/\/salonsauvignon.eu\/wp-content\/uploads\/2022\/08\/01-200x300.jpg 200w, https:\/\/salonsauvignon.eu\/wp-content\/uploads\/2022\/08\/01-scaled-600x899.jpg 600w, https:\/\/salonsauvignon.eu\/wp-content\/uploads\/2022\/08\/01-683x1024.jpg 683w, https:\/\/salonsauvignon.eu\/wp-content\/uploads\/2022\/08\/01-768x1151.jpg 768w, https:\/\/salonsauvignon.eu\/wp-content\/uploads\/2022\/08\/01-1025x1536.jpg 1025w, https:\/\/salonsauvignon.eu\/wp-content\/uploads\/2022\/08\/01-1367x2048.jpg 1367w, https:\/\/salonsauvignon.eu\/wp-content\/uploads\/2022\/08\/01-8x12.jpg 8w, https:\/\/salonsauvignon.eu\/wp-content\/uploads\/2022\/08\/01-scaled.jpg 1708w\" sizes=\"(max-width: 480px) 100vw, 480px\" \/><\/p>\n<p style=\"text-align: center;\"><strong>2022. SZEPTEMBER 3. SZOMBAT, 14:00 - 20:00 \/\/ A PTUJI V\u00c1R FELS\u0150 UDVARA \/\/<\/strong><\/p>\n<p style=\"text-align: center;\">\n<p style=\"text-align: center;\">\u00d6r\u00f6mmel mutatjuk be a Ptuji \u00cdzek Promen\u00e1dja idei vend\u00e9g\u00e9t, a kiv\u00e9teles, ut\u00e1nozhatatlan \u00e9nekes-dalszerz\u0151t, Tadeje VESENJAKA-t.<\/p>\n<p style=\"text-align: center;\">\n<p style=\"text-align: center;\">A jeruzs\u00e1lemi hegyek sz\u00e9ps\u00e9g\u00e9nek k\u00f6lt\u0151je, szellemes mes\u00e9l\u0151 a prlesi ember \u00e9let\u00e9nek \u00e9dess\u00e9g\u00e9r\u0151l \u00e9s n\u00e9ha \u00fcr\u00f6m\u00e9r\u0151l.<\/p>\n<p style=\"text-align: center;\">\n<p style=\"text-align: center;\">Tadej Vesenjak hatszoros KantFest-gy\u0151ztes. K\u00e9tszer l\u00e9pett fel a Vita Mavri\u010d \u00e1ltal szervezett La vie en rose sanzonfesztiv\u00e1lon.<\/p>\n<p style=\"text-align: center;\">\n<p style=\"text-align: center;\">\u0150 az egyik legismertebb dalszerz\u0151 Szlov\u00e9ni\u00e1ban, ez\u00e9rt is \"outolta\" \u0151t 2007-ben Jure Longyka.<\/p>\n<p style=\"text-align: center;\">\n<p style=\"text-align: center;\">K\u00e9t albumot adott ki a Pivec kiad\u00f3n\u00e1l, az Only Dead Fish Swim with the Current (2011) \u00e9s az Our Actions Echo into Eternity (2014) c\u00edm\u0171t.<\/p>\n<p style=\"text-align: center;\">\n<p style=\"text-align: center;\">A Wine &amp; Art projekt \u00e1ltal szervezett Wine &amp; Art \u00e9lm\u00e9nybesz\u00e1mol\u00f3kon hallhatja \u00e9s l\u00e1thatja \u0151t.<\/p>\n<p style=\"text-align: center;\">\n<p style=\"text-align: center;\"><a href=\"https:\/\/vin-um.com\" target=\"_blank\" rel=\"noopener\">https:\/\/vin-um.com<\/a><\/p>\n<p style=\"text-align: center;\">Eddig k\u00e9t lemeze jelent meg a Pivec kiad\u00f3n\u00e1l, az Only Dead Fish Swim with the Current (2011) \u00e9s az Our Actions Echo into Eternity (2014).<\/p>\n<p style=\"text-align: center;\">\n<p style=\"text-align: center;\">\"L\u00e1tod, a nap gyorsabban telik, minden gyorsabban megy.<\/p>\n<p style=\"text-align: center;\">Fej \u00e9s farok n\u00e9lk\u00fcl, \u00fagy t\u0171nik.<\/p>\n<p style=\"text-align: center;\">\n<p style=\"text-align: center;\">De mi m\u00e9g mindig tudjuk, hogyan kell id\u0151t sz\u00e1nni r\u00e1.<\/p>\n<p style=\"text-align: center;\">Mi ilyen emberek vagyunk, az \u00f6r\u00f6k\u00f6s per\u00e9jt kedv\u00e9\u00e9rt...\"<\/p>\n<p style=\"text-align: center;\">\n<p style=\"text-align: center;\">\u00e9nekli a Maradj egy kicsit tov\u00e1bb c\u00edm\u0171 dalt a nemes porosz nyelven.<\/p>\n<p style=\"text-align: center;\">\n<p style=\"text-align: center;\">\n<p style=\"text-align: center;\">\n<p style=\"text-align: center;\">Vele, a borvid\u00e9keink bor\u00e1szaival \u00e9s a fiatal gasztron\u00f3miai gener\u00e1ci\u00f3val legal\u00e1bb a Ptuji Kast\u00e9lyban maradunk - az \u00cdzek Promen\u00e1dja Ptuj 2022 v\u00e9g\u00e9ig, a gy\u00f6ny\u00f6r\u0171 Ptuji Kast\u00e9lyban!<\/p>\n<p style=\"text-align: center;\">\n<p style=\"text-align: center;\"><img decoding=\"async\" class=\"alignnone wp-image-7697\" src=\"https:\/\/salonsauvignon.eu\/wp-content\/uploads\/2022\/08\/04-300x200.jpg\" alt=\"\" width=\"716\" height=\"477\" srcset=\"https:\/\/salonsauvignon.eu\/wp-content\/uploads\/2022\/08\/04-300x200.jpg 300w, https:\/\/salonsauvignon.eu\/wp-content\/uploads\/2022\/08\/04-scaled-600x400.jpg 600w, https:\/\/salonsauvignon.eu\/wp-content\/uploads\/2022\/08\/04-1024x683.jpg 1024w, https:\/\/salonsauvignon.eu\/wp-content\/uploads\/2022\/08\/04-768x513.jpg 768w, https:\/\/salonsauvignon.eu\/wp-content\/uploads\/2022\/08\/04-1536x1025.jpg 1536w, https:\/\/salonsauvignon.eu\/wp-content\/uploads\/2022\/08\/04-2048x1367.jpg 2048w, https:\/\/salonsauvignon.eu\/wp-content\/uploads\/2022\/08\/04-18x12.jpg 18w\" sizes=\"(max-width: 716px) 100vw, 716px\" \/><\/p>\n<p style=\"text-align: center;\">_____________________<\/p>\n<p style=\"text-align: center;\">\n<p style=\"text-align: center;\">\n<p style=\"text-align: center;\">T\u00f6lts\u00f6n el egy napot Szlov\u00e9nia egyik legszebb kast\u00e9lya k\u00f6r\u00fcl.<\/p>\n<p style=\"text-align: center;\">\n<p style=\"text-align: center;\">T\u00f6lts\u00f6n el egy napot az \u00cdzek s\u00e9t\u00e1ny\u00e1n Szlov\u00e9nia legr\u00e9gebbi v\u00e1ros\u00e1ban.<\/p>\n<p style=\"text-align: center;\">\n<p style=\"text-align: center;\">A Ptuji \u00cdzek s\u00e9t\u00e1ny\u00e1t harmadik alkalommal rendezik meg a Ptuji v\u00e1rn\u00e1l, ahonnan csod\u00e1latos kil\u00e1t\u00e1s ny\u00edlik a Halos sz\u0151l\u0151hegyekre, a Szlov\u00e9n Felvid\u00e9kre \u00e9s a Ljutomer-Ormo\u017e-fenns\u00edkra.<\/p>\n<p style=\"text-align: center;\">\n<p style=\"text-align: center;\">\n<p style=\"text-align: center;\">Mit k\u00edn\u00e1l a Ptuj 2022 \u00cdzek s\u00e9t\u00e1nya?<\/p>\n<p style=\"text-align: center;\">- finom \u00e9telek, a ptuji sz\u0151l\u0151\u00fcltetv\u00e9nyek finom boraihoz t\u00e1rs\u00edtva,<\/p>\n<p style=\"text-align: center;\">- t\u00e1rsas\u00e1gi \u00e9let a gy\u00f6ny\u00f6r\u0171 Ptuj-v\u00e1r falai k\u00f6z\u00f6tt.<\/p>\n<p style=\"text-align: center;\">Mit tartalmaz a 18 eur\u00f3s jegy?<\/p>\n<p style=\"text-align: center;\">- t\u00f6bb mint hatvan cs\u00facsbor k\u00f3stol\u00e1sa,<br \/>\n- a Salon Sauvignon log\u00f3j\u00e1val ell\u00e1tott k\u00f3stol\u00f3poh\u00e1r,<\/p>\n<p style=\"text-align: center;\">- egy ruhafogas<\/p>\n<p style=\"text-align: center;\">- Tadej VESENJAK, a Jeruzalemskie gorice-i \u00e9nekes-dalszerz\u0151 koncertje.<\/p>\n<p style=\"text-align: center;\">\n<p style=\"text-align: center;\">\n<p style=\"text-align: center;\">Tudjon meg t\u00f6bbet az \u00cdzek Promen\u00e1dj\u00e1r\u00f3l az FB esem\u00e9nyben<\/p>\n<p style=\"text-align: center;\">\n<p style=\"text-align: center;\"><a href=\"https:\/\/www.facebook.com\/events\/2053397331536448\/?ref=newsfeed\" target=\"_blank\" rel=\"noopener\">https:\/\/www.facebook.com\/events\/2053397331536448\/?ref=newsfeed<\/a><\/p>\n<p style=\"text-align: center;\">\n<p style=\"text-align: center;\">ahol 16 eur\u00f3s el\u0151v\u00e1s\u00e1rl\u00e1si \u00e1ron is lehet jegyet foglalni.<\/p>\n<p style=\"text-align: center;\">Ha tetszik az esem\u00e9ny, l\u00e1jkold, oszd meg, \u00e9s h\u00edvd meg bar\u00e1taidat, ismer\u0151seidet, rokonaidat, \u00fczleti partnereidet.<\/p>\n<p style=\"text-align: center;\">\u00c9rezz\u00fck j\u00f3l magunkat a ptuji v\u00e1rban ezen a szeptemberi szombaton!<\/p>\n<p style=\"text-align: center;\">A Ptuji v\u00e1rban fogunk l\u00f3gni minden id\u0151j\u00e1r\u00e1si k\u00f6r\u00fclm\u00e9nyek k\u00f6z\u00f6tt.<\/p>\n<p style=\"text-align: center;\">\n<p style=\"text-align: center;\">Az esem\u00e9nyt az Itadakimasu Ptuj szervezi.<\/p>\n<p style=\"text-align: center;\">\n<p style=\"text-align: center;\">A Ptuj - Ormo\u017e Region\u00e1lis M\u00fazeum \u00e9s a Ptuji Turisztikai Int\u00e9zet k\u00f6z\u00f6s szervez\u00e9s\u00e9ben.<\/p>\n<p style=\"text-align: center;\">\n<p style=\"text-align: center;\">Az esem\u00e9ny a Salon Sauvignon fesztiv\u00e1l \u00e9gisze alatt ker\u00fcl megrendez\u00e9sre.<\/p>\n<p style=\"text-align: center;\">Partnerek: bor\u00e1szok, gasztron\u00f3miai h\u00e1zak, a Spodnje Podravje Vid\u00e9ki Ifj\u00fas\u00e1gi Egyes\u00fclet, a Ptuji Mez\u0151gazdas\u00e1gi \u00e9s Erd\u00e9szeti Int\u00e9zet.<\/p>\n<p style=\"text-align: center;\">@pokrajinski.muzej.ptuj.ormoz @visitptuj<\/p>\n<p style=\"text-align: center;\">\n<p style=\"text-align: center;\">","protected":false},"excerpt":{"rendered":"<p>2022. SZEPTEMBER 3. SZOMBAT, 14:00 - 20:00 \/\/ PTUJ V\u00c1ROS FELS\u0150 V\u00c1RH\u00c1ZA \/\/ Nagy \u00f6r\u00f6mmel mutatjuk be a Ptuji \u00cdzek S\u00e9t\u00e1ny\u00e1nak idei vend\u00e9g\u00e9t, a rendk\u00edv\u00fcli, ut\u00e1nozhatatlan \u00e9nekes-dalszerz\u0151t, Tade VESENJAKot, a jeruzs\u00e1lemi hegyek sz\u00e9ps\u00e9g\u00e9nek k\u00f6lt\u0151j\u00e9t, szellemes mesemond\u00f3t a porosz ember \u00e9let\u00e9nek \u00e9dess\u00e9g\u00e9r\u0151l \u00e9s n\u00e9ha pelyv\u00e1j\u00e1r\u00f3l. Tadej Vesenjak hatszoros KantFest-gy\u0151ztes. K\u00e9tszer szerepelt a [...]<\/p>","protected":false},"author":3,"featured_media":7698,"comment_status":"closed","ping_status":"closed","sticky":false,"template":"","format":"standard","meta":{"_jetpack_memberships_contains_paid_content":false,"footnotes":"","jetpack_publicize_message":"","jetpack_publicize_feature_enabled":true,"jetpack_social_post_already_shared":false,"jetpack_social_options":{"image_generator_settings":{"template":"highway","enabled":false},"version":2},"_wpscppro_custom_social_share_image":0,"_facebook_share_type":"","_twitter_share_type":"","_linkedin_share_type":"","_pinterest_share_type":"","_linkedin_share_type_page":"","_instagram_share_type":"","_selected_social_profile":[]},"categories":[47],"tags":[],"class_list":["post-7695","post","type-post","status-publish","format-standard","has-post-thumbnail","hentry","category-novice"],"jetpack_publicize_connections":[],"jetpack_featured_media_url":"https:\/\/salonsauvignon.eu\/wp-content\/uploads\/2022\/08\/06.jpg","jetpack_sharing_enabled":true,"_links":{"self":[{"href":"https:\/\/salonsauvignon.eu\/hun\/wp-json\/wp\/v2\/posts\/7695","targetHints":{"allow":["GET"]}}],"collection":[{"href":"https:\/\/salonsauvignon.eu\/hun\/wp-json\/wp\/v2\/posts"}],"about":[{"href":"https:\/\/salonsauvignon.eu\/hun\/wp-json\/wp\/v2\/types\/post"}],"author":[{"embeddable":true,"href":"https:\/\/salonsauvignon.eu\/hun\/wp-json\/wp\/v2\/users\/3"}],"replies":[{"embeddable":true,"href":"https:\/\/salonsauvignon.eu\/hun\/wp-json\/wp\/v2\/comments?post=7695"}],"version-history":[{"count":3,"href":"https:\/\/salonsauvignon.eu\/hun\/wp-json\/wp\/v2\/posts\/7695\/revisions"}],"predecessor-version":[{"id":7701,"href":"https:\/\/salonsauvignon.eu\/hun\/wp-json\/wp\/v2\/posts\/7695\/revisions\/7701"}],"wp:featuredmedia":[{"embeddable":true,"href":"https:\/\/salonsauvignon.eu\/hun\/wp-json\/wp\/v2\/media\/7698"}],"wp:attachment":[{"href":"https:\/\/salonsauvignon.eu\/hun\/wp-json\/wp\/v2\/media?parent=7695"}],"wp:term":[{"taxonomy":"category","embeddable":true,"href":"https:\/\/salonsauvignon.eu\/hun\/wp-json\/wp\/v2\/categories?post=7695"},{"taxonomy":"post_tag","embeddable":true,"href":"https:\/\/salonsauvignon.eu\/hun\/wp-json\/wp\/v2\/tags?post=7695"}],"curies":[{"name":"wp","href":"https:\/\/api.w.org\/{rel}","templated":true}]}}