{"id":7828,"date":"2022-08-31T17:38:56","date_gmt":"2022-08-31T15:38:56","guid":{"rendered":"https:\/\/salonsauvignon.eu\/?p=7828"},"modified":"2022-08-31T17:51:05","modified_gmt":"2022-08-31T15:51:05","slug":"mestna-kavarna-metropol-na-promenadi-okusov-celje-2022","status":"publish","type":"post","link":"https:\/\/salonsauvignon.eu\/hun\/city-cafe-metropolis-az-vonzaskorzet-vonzaskorzet-vonzaskorzet-2022\/","title":{"rendered":"METROPOL CITY CAF\u00c9 A CELJE 2022 \u00cdZEK S\u00c9T\u00c1NY\u00c1N"},"content":{"rendered":"<p><img fetchpriority=\"high\" decoding=\"async\" class=\"alignnone wp-image-7829 aligncenter\" src=\"https:\/\/salonsauvignon.eu\/wp-content\/uploads\/2022\/08\/A-22-300x154.jpg\" alt=\"\" width=\"904\" height=\"464\" srcset=\"https:\/\/salonsauvignon.eu\/wp-content\/uploads\/2022\/08\/A-22-300x154.jpg 300w, https:\/\/salonsauvignon.eu\/wp-content\/uploads\/2022\/08\/A-22-scaled-600x309.jpg 600w, https:\/\/salonsauvignon.eu\/wp-content\/uploads\/2022\/08\/A-22-1024x527.jpg 1024w, https:\/\/salonsauvignon.eu\/wp-content\/uploads\/2022\/08\/A-22-768x395.jpg 768w, https:\/\/salonsauvignon.eu\/wp-content\/uploads\/2022\/08\/A-22-2048x1054.jpg 2048w, https:\/\/salonsauvignon.eu\/wp-content\/uploads\/2022\/08\/A-22-18x9.jpg 18w\" sizes=\"(max-width: 904px) 100vw, 904px\" \/><\/p>\n<p style=\"text-align: center;\"><strong>\/\/ 2022. SZEPTEMBER 10. \/\/ 14:00 - 20:00 \/\/ \u00d3V\u00c1ROS \/\/<\/strong><\/p>\n<p style=\"text-align: center;\">\"A Metropol City Caf\u00e9 egy j\u00f3l ismert k\u00e1v\u00e9z\u00f3 Celj\u00e9ben, amely f\u00e9l \u00e9vsz\u00e1zada a v\u00e1ros k\u00f6zpontj\u00e1ban tal\u00e1lhat\u00f3. Mondhatjuk, hogy ez egy hagyom\u00e1nyokkal rendelkez\u0151 k\u00e1v\u00e9z\u00f3.<\/p>\n<p style=\"text-align: center;\">A mozival egy\u00fctt egy gy\u00f6ny\u00f6r\u0171 t\u00f6rt\u00e9netet alkotnak, amelyet a celjaniak h\u0171s\u00e9gesen k\u00f6vetnek.<\/p>\n<p style=\"text-align: center;\">Az eg\u00e9sz \u00e9p\u00fclet egy igazi \u00e9p\u00edt\u00e9szeti gy\u00f6ngyszem, amelyet a neves szlov\u00e9n \u00e9p\u00edt\u00e9sz, Jo\u017ee Ple\u010dnik tervezett.<\/p>\n<p style=\"text-align: center;\">A v\u00e1ros egyik leg\u00e9l\u00e9nkebb utc\u00e1ja ment\u00e9n, a fejedelmi v\u00e1ros k\u00f6zpontj\u00e1ban tal\u00e1lhat\u00f3, nemr\u00e9giben fel\u00faj\u00edtott\u00e1k, \u00e9s \u00fajra \u00e9letre kelt, gazdag\u00edtva \u00e9s \u00e9l\u00e9nk\u00edtve a v\u00e1ros mindennapi \u00e9let\u00e9t.<\/p>\n<p style=\"text-align: center;\">K\u00e1v\u00e9z\u00f3k\u00e9nt meleg italokkal, \u00fcd\u00edt\u0151kkel, alkoholos \u00e9s alkoholmentes italokkal, r\u00e1gcs\u00e1lnival\u00f3kkal \u00e9s desszertekkel szolg\u00e1ljuk ki vend\u00e9geinket.<\/p>\n<p style=\"text-align: center;\">Szeretettel v\u00e1rjuk \u00d6nt a Celje Taste Promen\u00e1don!<\/p>\n<p style=\"text-align: center;\">Az \u00edzek s\u00e9t\u00e1nya ut\u00e1n pedig minden vend\u00e9get megh\u00edvunk egy nagyszer\u0171 esti z\u00e1r\u00e1sra a Metropolba.\"<\/p>\n<p style=\"text-align: center;\">A Metropol Caf\u00e9r\u00f3l itt tal\u00e1lsz tov\u00e1bbi inform\u00e1ci\u00f3kat:<\/p>\n<p style=\"text-align: center;\"><a href=\"https:\/\/www.facebook.com\/MetropolKavarna\" target=\"_blank\" rel=\"noopener\">https:\/\/www.facebook.com\/MetropolKavarna<\/a><\/p>\n<p style=\"text-align: center;\"><img decoding=\"async\" class=\"alignnone wp-image-7830\" src=\"https:\/\/salonsauvignon.eu\/wp-content\/uploads\/2022\/08\/B-copy-300x300.jpg\" alt=\"\" width=\"754\" height=\"754\" srcset=\"https:\/\/salonsauvignon.eu\/wp-content\/uploads\/2022\/08\/B-copy-300x300.jpg 300w, https:\/\/salonsauvignon.eu\/wp-content\/uploads\/2022\/08\/B-copy-scaled-100x100.jpg 100w, https:\/\/salonsauvignon.eu\/wp-content\/uploads\/2022\/08\/B-copy-150x150.jpg 150w, https:\/\/salonsauvignon.eu\/wp-content\/uploads\/2022\/08\/B-copy-12x12.jpg 12w\" sizes=\"(max-width: 754px) 100vw, 754px\" \/><\/p>\n<p style=\"text-align: center;\">_____________________<\/p>\n<p style=\"text-align: center;\">Szeretettel megh\u00edvjuk \u00d6nt Szlov\u00e9nia egyik legfest\u0151ibb v\u00e1rosk\u00f6zpontj\u00e1ba szeptember 10-\u00e9n, szombaton - a Celje 2022 \u00cdzek s\u00e9t\u00e1ny\u00e1ra, amikor a v\u00e1rost k\u00f6r\u00fclvev\u0151 sz\u0151l\u0151\u00fcltetv\u00e9nyek \u00e9desen illatoznak az \u00e9rett sz\u0151l\u0151 \u00e9des illat\u00e1t\u00f3l.<\/p>\n<p style=\"text-align: center;\">Ezen a szombaton 14 \u00f3r\u00e1t\u00f3l eg\u00e9szen napnyugt\u00e1ig, 20 \u00f3r\u00e1ig bork\u00f3stol\u00f3poh\u00e1rral a kez\u00fcnkben fedezz\u00fck fel a fejedelmi v\u00e1rost.<\/p>\n<p style=\"text-align: center;\">Mit k\u00edn\u00e1l a Celje 2022 \u00cdzek s\u00e9t\u00e1nya?<\/p>\n<p style=\"text-align: center;\">- cs\u00facsborok a Celje k\u00f6rny\u00e9ki sz\u0151l\u0151\u00fcltetv\u00e9nyekr\u0151l, St\u00e1jerorsz\u00e1gb\u00f3l \u00e9s Szlov\u00e9ni\u00e1b\u00f3l.<br \/>\n- finom \u00e9telek a celjei gasztron\u00f3miai h\u00e1zakb\u00f3l.<br \/>\n- t\u00e1rsas\u00e1gi \u00e9let \u00e9s a fest\u0151i v\u00e1rosk\u00f6zpont felfedez\u00e9se egy poh\u00e1r borral a kez\u00e9ben.<br \/>\n- zenei meglepet\u00e9s.<\/p>\n<p style=\"text-align: center;\">Mit tartalmaz a 18 eur\u00f3s jegy?<\/p>\n<p style=\"text-align: center;\">- t\u00f6bb mint hatvan cs\u00facsbor k\u00f3stol\u00e1sa,<br \/>\n- a Salon Sauvignon log\u00f3j\u00e1val ell\u00e1tott k\u00f3stol\u00f3poh\u00e1r,<br \/>\n- lakat.<\/p>\n<p style=\"text-align: center;\">Tudjon meg t\u00f6bbet az \u00cdzek s\u00e9t\u00e1ny\u00e1r\u00f3l az FB esem\u00e9nyen:<\/p>\n<p style=\"text-align: center;\"><a href=\"https:\/\/www.facebook.com\/events\/1107809909785375\/?ref=newsfeed\" target=\"_blank\" rel=\"noopener\">https:\/\/www.facebook.com\/events\/1107809909785375\/?ref=newsfeed<\/a>,<\/p>\n<p style=\"text-align: center;\">ahol 16 eur\u00f3s el\u0151v\u00e1s\u00e1rl\u00e1si \u00e1ron is lehet jegyet foglalni.<\/p>\n<p style=\"text-align: center;\">Ha tetszik az esem\u00e9ny, l\u00e1jkold, oszd meg, \u00e9s h\u00edvd meg bar\u00e1taidat, ismer\u0151seidet, rokonaidat, \u00fczleti partnereidet.<\/p>\n<p style=\"text-align: center;\">Legy\u00fcnk sokan a Hercegv\u00e1rosban ezen a szombaton!<\/p>\n<p style=\"text-align: center;\">Es\u0151 eset\u00e9n a rendezv\u00e9nyt 2022. szeptember 24-\u00e9n 14:00-20:00 \u00f3ra k\u00f6z\u00f6tt elhalasztj\u00e1k.<\/p>\n<p style=\"text-align: center;\">Az Itadakimasu Int\u00e9zet szervez\u00e9s\u00e9ben.<\/p>\n<p style=\"text-align: center;\">A Celeia Celje Int\u00e9zet t\u00e1rsszervez\u00e9s\u00e9ben.<\/p>\n<p style=\"text-align: center;\">Partnerek: bor\u00e1szok, gasztron\u00f3musok, Vin.Ce Egyes\u00fclet, Wine &amp; Art projekt.<\/p>\n<p style=\"text-align: center;\">Az esem\u00e9ny a Salon Sauvignon fesztiv\u00e1l \u00e9gisze alatt ker\u00fcl megrendez\u00e9sre.<\/p>\n<p style=\"text-align: center;\">Tudjon meg t\u00f6bbet Celj\u00e9r\u0151l, a gr\u00f3fok v\u00e1ros\u00e1r\u00f3l a k\u00f6vetkez\u0151 oldalon:<\/p>\n<p style=\"text-align: center;\"><a href=\"https:\/\/www.visitcelje.eu\/sl\/\" target=\"_blank\" rel=\"noopener\">https:\/\/www.visitcelje.eu\/sl\/<\/a><br \/>\n<a href=\"https:\/\/www.facebook.com\/gocelje?__cft__%5B0%5D=AZW-hRdqsLUNujT0gE1DuIckTtNbKbp1UeHsUmma_wT0RxVsVCAwhnZvAbz3RcRw_bGzuz-pBW0dJAUZ90TtScilgGiTRd0YMeqB7TQejpo4kWuQJFKga0L7HYB1sj4-JtI&amp;__tn__=q\" target=\"_blank\" rel=\"noopener\">https:\/\/www.facebook.com\/gocelje\/<\/a><br \/>\n<a href=\"https:\/\/www.facebook.com\/knezjemestocelje\/?__cft__%5B0%5D=AZW-hRdqsLUNujT0gE1DuIckTtNbKbp1UeHsUmma_wT0RxVsVCAwhnZvAbz3RcRw_bGzuz-pBW0dJAUZ90TtScilgGiTRd0YMeqB7TQejpo4kWuQJFKga0L7HYB1sj4-JtI&amp;__tn__=q\" target=\"_blank\" rel=\"noopener\">https:\/\/www.facebook.com\/knezjemestocelje\/<\/a><\/p>\n<p style=\"text-align: center;\">@vin.ce_favorit<\/p>\n<p style=\"text-align: center;\">1TP4Bor 1TP4Kulin\u00e1ris #enogasztron\u00f3mia #PPromenadaokusov #SalonSauvignon #SalonSauvignon<\/p>\n<p style=\"text-align: center;\">1TP4Kulin\u00e1ris m\u0171v\u00e9szetek #enol\u00f3gia #winetasting #promenade #\u00e1rsul\u00e1s 1TP4Szocializ\u00e1ci\u00f3 1TP4Szocializ\u00e1ci\u00f3<\/p>\n<p style=\"text-align: center;\">#Prince-v\u00e1ros #r\u00f3pusi v\u00e1ros #r\u00f3pusi v\u00e1rosmag 1TP4V\u00e1rosok 1TP4V\u00e1rosok #Thaif\u00f6ld #Szlov\u00e1kia #urizmus #urizmus<\/p>\n<p style=\"text-align: center;\">1TP4Cityofcounts 1TP4Cityofcounts 1TP4Cityofcounts 1TP4Cityofcounts<\/p>\n<p style=\"text-align: center;\">","protected":false},"excerpt":{"rendered":"<p>\/\/ 2022. SZEPTEMBER 10. \/\/ 14:00 - 20:00 \/\/ A V\u00c1ROS K\u00d6ZPONTJA \/\/ \"A Metropol City Caf\u00e9 egy j\u00f3l ismert k\u00e1v\u00e9z\u00f3 Celj\u00e9ben, amely f\u00e9l \u00e9vsz\u00e1zada a belv\u00e1rosban tal\u00e1lhat\u00f3. Elmondhat\u00f3, hogy ez egy hagyom\u00e1nyokkal rendelkez\u0151 k\u00e1v\u00e9z\u00f3. A mozival egy\u00fctt egy gy\u00f6ny\u00f6r\u0171 t\u00f6rt\u00e9netet alkotnak, amelyet a celjei emberek h\u0171s\u00e9gesen k\u00f6vetnek. Az eg\u00e9sz \u00e9p\u00fclet egy igazi \u00e9p\u00edt\u00e9szeti gy\u00f6ngyszem, amelyet [...]<\/p>","protected":false},"author":3,"featured_media":7834,"comment_status":"closed","ping_status":"closed","sticky":false,"template":"","format":"standard","meta":{"_jetpack_memberships_contains_paid_content":false,"footnotes":"","jetpack_publicize_message":"","jetpack_publicize_feature_enabled":true,"jetpack_social_post_already_shared":false,"jetpack_social_options":{"image_generator_settings":{"template":"highway","enabled":false},"version":2},"_wpscppro_custom_social_share_image":0,"_facebook_share_type":"","_twitter_share_type":"","_linkedin_share_type":"","_pinterest_share_type":"","_linkedin_share_type_page":"","_instagram_share_type":"","_selected_social_profile":[]},"categories":[47,1],"tags":[],"class_list":["post-7828","post","type-post","status-publish","format-standard","has-post-thumbnail","hentry","category-novice","category-uncategorized"],"jetpack_publicize_connections":[],"jetpack_featured_media_url":"https:\/\/salonsauvignon.eu\/wp-content\/uploads\/2022\/08\/LOGO.png","jetpack_sharing_enabled":true,"_links":{"self":[{"href":"https:\/\/salonsauvignon.eu\/hun\/wp-json\/wp\/v2\/posts\/7828","targetHints":{"allow":["GET"]}}],"collection":[{"href":"https:\/\/salonsauvignon.eu\/hun\/wp-json\/wp\/v2\/posts"}],"about":[{"href":"https:\/\/salonsauvignon.eu\/hun\/wp-json\/wp\/v2\/types\/post"}],"author":[{"embeddable":true,"href":"https:\/\/salonsauvignon.eu\/hun\/wp-json\/wp\/v2\/users\/3"}],"replies":[{"embeddable":true,"href":"https:\/\/salonsauvignon.eu\/hun\/wp-json\/wp\/v2\/comments?post=7828"}],"version-history":[{"count":3,"href":"https:\/\/salonsauvignon.eu\/hun\/wp-json\/wp\/v2\/posts\/7828\/revisions"}],"predecessor-version":[{"id":7833,"href":"https:\/\/salonsauvignon.eu\/hun\/wp-json\/wp\/v2\/posts\/7828\/revisions\/7833"}],"wp:featuredmedia":[{"embeddable":true,"href":"https:\/\/salonsauvignon.eu\/hun\/wp-json\/wp\/v2\/media\/7834"}],"wp:attachment":[{"href":"https:\/\/salonsauvignon.eu\/hun\/wp-json\/wp\/v2\/media?parent=7828"}],"wp:term":[{"taxonomy":"category","embeddable":true,"href":"https:\/\/salonsauvignon.eu\/hun\/wp-json\/wp\/v2\/categories?post=7828"},{"taxonomy":"post_tag","embeddable":true,"href":"https:\/\/salonsauvignon.eu\/hun\/wp-json\/wp\/v2\/tags?post=7828"}],"curies":[{"name":"wp","href":"https:\/\/api.w.org\/{rel}","templated":true}]}}