{"id":7835,"date":"2022-09-04T11:30:15","date_gmt":"2022-09-04T09:30:15","guid":{"rendered":"https:\/\/salonsauvignon.eu\/?p=7835"},"modified":"2022-09-04T11:30:15","modified_gmt":"2022-09-04T09:30:15","slug":"hisa-lisjak-na-promenadi-okusov-celje-2022","status":"publish","type":"post","link":"https:\/\/salonsauvignon.eu\/hun\/hisa-lisjak-az-etkezesek-promenadjan-az-etkezesek-osszesen-2022\/","title":{"rendered":"R\u00d3KAH\u00c1Z A CELJE 2022 \u00cdZEK S\u00c9T\u00c1NY\u00c1N"},"content":{"rendered":"<figure id=\"attachment_7836\" aria-describedby=\"caption-attachment-7836\" style=\"width: 845px\" class=\"wp-caption alignnone\"><img fetchpriority=\"high\" decoding=\"async\" class=\"wp-image-7836 aligncenter\" src=\"https:\/\/salonsauvignon.eu\/wp-content\/uploads\/2022\/09\/B-300x200.jpg\" alt=\"\" width=\"845\" height=\"563\" srcset=\"https:\/\/salonsauvignon.eu\/wp-content\/uploads\/2022\/09\/B-300x200.jpg 300w, https:\/\/salonsauvignon.eu\/wp-content\/uploads\/2022\/09\/B-600x399.jpg 600w, https:\/\/salonsauvignon.eu\/wp-content\/uploads\/2022\/09\/B-1024x682.jpg 1024w, https:\/\/salonsauvignon.eu\/wp-content\/uploads\/2022\/09\/B-768x511.jpg 768w, https:\/\/salonsauvignon.eu\/wp-content\/uploads\/2022\/09\/B-18x12.jpg 18w, https:\/\/salonsauvignon.eu\/wp-content\/uploads\/2022\/09\/B.jpg 1080w\" sizes=\"(max-width: 845px) 100vw, 845px\" \/><figcaption id=\"caption-attachment-7836\" class=\"wp-caption-text\">Saso Novoselic<\/figcaption><\/figure>\n<p style=\"text-align: center;\">\/\/ 2022. SZEPTEMBER 10. \/\/ 14:00 - 20:00 \/\/ \u00d3V\u00c1ROS \/\/<\/p>\n<p style=\"text-align: center;\">\n<p style=\"text-align: center;\">\"A R\u00f3ka-h\u00e1z elj\u00f6tt Celj\u00e9be!<\/p>\n<p style=\"text-align: center;\">\n<p style=\"text-align: center;\">A sikert\u00f6rt\u00e9netek ut\u00e1n Taborban, ahol k\u00e9t helysz\u00edn\u00fcnk van, a Na jasi \u00e9s a Kozolec pri rybniku, valamint a Lisjak k\u00e1v\u00e9z\u00f3, \u00e9s Vransko-ban, ahol a Pri mamici \u00e9tterem tal\u00e1lhat\u00f3, \u00fagy d\u00f6nt\u00f6tt\u00fcnk, hogy jelenl\u00e9t\u00fcnket a Cseh K\u00f6zt\u00e1rsas\u00e1g f\u0151v\u00e1ros\u00e1ban, Celj\u00e9ben is \u00e9reztetn\u00fcnk kell.<\/p>\n<p style=\"text-align: center;\">\n<p style=\"text-align: center;\">Megh\u00edvjuk \u00d6nt Lisjak Celjski!<\/p>\n<p style=\"text-align: center;\">\n<p style=\"text-align: center;\">A legend\u00e1s \u00f6reg Merx k\u00e1v\u00e9z\u00f3ban k\u00e1v\u00e9t, reggelit \u00e9s h\u00e1zi s\u00fctem\u00e9nyeket, az \u00e9tteremben pedig a la carte \u00e9teleket \u00e9s heti eb\u00e9deket szolg\u00e1lnak fel d\u00e9lben.<\/p>\n<p style=\"text-align: center;\">\n<p style=\"text-align: center;\">Eml\u00e9kszel m\u00e9g a h\u00e1zi tat\u00e1r biftekre, amir\u0151l a Merx h\u00edres volt? Lisjaks\u00e9k \u00fagy k\u00e9sz\u00edtik el, ahogyan azt kell, olyan \u00f6sszetev\u0151k sz\u00e9les sk\u00e1l\u00e1j\u00e1val, amelyek nem hi\u00e1nyozhatnak a legjobb tat\u00e1rb\u00f3l, \u00e9s a vend\u00e9gek el\u0151tt t\u00e1lalj\u00e1k.<\/p>\n<p style=\"text-align: center;\">\n<p style=\"text-align: center;\">A t\u00e9szta-, h\u00fas- \u00e9s hal\u00e9telekb\u0151l nincs hi\u00e1ny, \u00e9s nagyon rugalmasak vagyunk a veget\u00e1ri\u00e1nus \u00e9s veg\u00e1n \u00e9telek ter\u00e9n is.<\/p>\n<p style=\"text-align: center;\">\n<p style=\"text-align: center;\">A Lisjak Celjski hangulata teszi fel a habot a tort\u00e1ra, mert itt igaz\u00e1n kikapcsol\u00f3dhat \u00e9s j\u00f3l \u00e9rezheti mag\u00e1t a t\u00e1rsas\u00e1ggal. N\u00e9zd meg magad. A Ljubljanska cesta 39. sz\u00e1m alatt, a Faraon Hotel \u00e9p\u00fclet\u00e9ben tal\u00e1lhat\u00f3.<\/p>\n<p style=\"text-align: center;\">\n<p style=\"text-align: center;\">Tal\u00e1lkozzunk az \u00cdzek Promen\u00e1dj\u00e1n Celj\u00e9ben, amit m\u00e1r nagyon v\u00e1runk!\"<\/p>\n<p style=\"text-align: center;\">\n<p style=\"text-align: center;\">Tudjon meg t\u00f6bbet a Fox House-r\u00f3l:<\/p>\n<p style=\"text-align: center;\">\n<p style=\"text-align: center;\"><a href=\"https:\/\/www.facebook.com\/HisaLisjak\/\" target=\"_blank\" rel=\"noopener\">https:\/\/www.facebook.com\/HisaLisjak\/<\/a><\/p>\n<p style=\"text-align: center;\"><a href=\"http:\/\/www.hisa-lisjak.si\/\" target=\"_blank\" rel=\"noopener\">http:\/\/www.hisa-lisjak.si\/<\/a><\/p>\n<p style=\"text-align: center;\">\n<p style=\"text-align: center;\">\n<p style=\"text-align: center;\">a fot\u00f3k szerz\u0151je Sa\u0161o Novoseli\u010d<\/p>\n<p style=\"text-align: center;\">\n<p style=\"text-align: center;\">\n<p style=\"text-align: center;\">\n<figure id=\"attachment_7837\" aria-describedby=\"caption-attachment-7837\" style=\"width: 684px\" class=\"wp-caption alignnone\"><img decoding=\"async\" class=\"wp-image-7837\" src=\"https:\/\/salonsauvignon.eu\/wp-content\/uploads\/2022\/09\/G-300x199.jpg\" alt=\"\" width=\"684\" height=\"454\" srcset=\"https:\/\/salonsauvignon.eu\/wp-content\/uploads\/2022\/09\/G-300x199.jpg 300w, https:\/\/salonsauvignon.eu\/wp-content\/uploads\/2022\/09\/G-600x399.jpg 600w, https:\/\/salonsauvignon.eu\/wp-content\/uploads\/2022\/09\/G-1024x681.jpg 1024w, https:\/\/salonsauvignon.eu\/wp-content\/uploads\/2022\/09\/G-768x511.jpg 768w, https:\/\/salonsauvignon.eu\/wp-content\/uploads\/2022\/09\/G-18x12.jpg 18w, https:\/\/salonsauvignon.eu\/wp-content\/uploads\/2022\/09\/G.jpg 1080w\" sizes=\"(max-width: 684px) 100vw, 684px\" \/><figcaption id=\"caption-attachment-7837\" class=\"wp-caption-text\">Saso Novoselic<\/figcaption><\/figure>\n<p style=\"text-align: center;\">_____________________<\/p>\n<p style=\"text-align: center;\">\n<p style=\"text-align: center;\">\n<p style=\"text-align: center;\">Szeretettel megh\u00edvjuk \u00d6nt Szlov\u00e9nia egyik legfest\u0151ibb v\u00e1rosk\u00f6zpontj\u00e1ba szeptember 10-\u00e9n, szombaton - a Celje 2022 \u00cdzek s\u00e9t\u00e1ny\u00e1ra, amikor a v\u00e1rost k\u00f6r\u00fclvev\u0151 sz\u0151l\u0151\u00fcltetv\u00e9nyek \u00e9desen illatoznak az \u00e9rett sz\u0151l\u0151 \u00e9des illat\u00e1t\u00f3l.<\/p>\n<p style=\"text-align: center;\">\n<p style=\"text-align: center;\">Ezen a szombaton 14 \u00f3r\u00e1t\u00f3l eg\u00e9szen napnyugt\u00e1ig, 20 \u00f3r\u00e1ig bork\u00f3stol\u00f3poh\u00e1rral a kez\u00fcnkben fedezz\u00fck fel a fejedelmi v\u00e1rost.<\/p>\n<p style=\"text-align: center;\">\n<p style=\"text-align: center;\">Mit k\u00edn\u00e1l a Celje 2022 \u00cdzek s\u00e9t\u00e1nya?<\/p>\n<p style=\"text-align: center;\">\n<p style=\"text-align: center;\">- cs\u00facsborok a Celje k\u00f6rny\u00e9ki sz\u0151l\u0151\u00fcltetv\u00e9nyekr\u0151l, St\u00e1jerorsz\u00e1gb\u00f3l \u00e9s Szlov\u00e9ni\u00e1b\u00f3l.<br \/>\n- finom \u00e9telek a celjei gasztron\u00f3miai h\u00e1zakb\u00f3l.<br \/>\n- t\u00e1rsas\u00e1gi \u00e9let \u00e9s a fest\u0151i v\u00e1rosk\u00f6zpont felfedez\u00e9se egy poh\u00e1r borral a kez\u00e9ben.<\/p>\n<p style=\"text-align: center;\">\n<p style=\"text-align: center;\">Mit tartalmaz a 18 eur\u00f3s jegy?<\/p>\n<p style=\"text-align: center;\">\n<p style=\"text-align: center;\">- t\u00f6bb mint hatvan cs\u00facsbor k\u00f3stol\u00e1sa,<br \/>\n- a Salon Sauvignon log\u00f3j\u00e1val ell\u00e1tott k\u00f3stol\u00f3poh\u00e1r,<br \/>\n- lakat.<\/p>\n<p style=\"text-align: center;\">\n<p style=\"text-align: center;\">Tudjon meg t\u00f6bbet az \u00cdzek s\u00e9t\u00e1ny\u00e1r\u00f3l az FB esem\u00e9nyen:<\/p>\n<p style=\"text-align: center;\">\n<p style=\"text-align: center;\"><a href=\"https:\/\/www.facebook.com\/events\/1107809909785375\/?ref=newsfeed\" target=\"_blank\" rel=\"noopener\">https:\/\/www.facebook.com\/events\/1107809909785375\/?ref=newsfeed<\/a>,<\/p>\n<p style=\"text-align: center;\">\n<p style=\"text-align: center;\">ahol 16 eur\u00f3s el\u0151v\u00e1s\u00e1rl\u00e1si \u00e1ron is lehet jegyet foglalni.<\/p>\n<p style=\"text-align: center;\">\n<p style=\"text-align: center;\">Ha tetszik az esem\u00e9ny, l\u00e1jkold, oszd meg, \u00e9s h\u00edvd meg bar\u00e1taidat, ismer\u0151seidet, rokonaidat, \u00fczleti partnereidet.<\/p>\n<p style=\"text-align: center;\">\n<p style=\"text-align: center;\">Legy\u00fcnk sokan a Hercegv\u00e1rosban ezen a szombaton!<\/p>\n<p style=\"text-align: center;\">\n<p style=\"text-align: center;\">Es\u0151 eset\u00e9n a rendezv\u00e9nyt 2022. szeptember 24-\u00e9n 14:00-20:00 \u00f3ra k\u00f6z\u00f6tt elhalasztj\u00e1k.<\/p>\n<p style=\"text-align: center;\">\n<p style=\"text-align: center;\">Az Itadakimasu Int\u00e9zet szervez\u00e9s\u00e9ben.<\/p>\n<p style=\"text-align: center;\">\n<p style=\"text-align: center;\">A Celeia Celje Int\u00e9zet t\u00e1rsszervez\u00e9s\u00e9ben.<\/p>\n<p style=\"text-align: center;\">\n<p style=\"text-align: center;\">Partnerek: bor\u00e1szok, gasztron\u00f3musok, Vin.Ce Egyes\u00fclet, Wine &amp; Art projekt.<\/p>\n<p style=\"text-align: center;\">\n<p style=\"text-align: center;\">Az esem\u00e9ny a Salon Sauvignon fesztiv\u00e1l \u00e9gisze alatt ker\u00fcl megrendez\u00e9sre.<\/p>\n<p style=\"text-align: center;\">\n<p style=\"text-align: center;\">\n<p style=\"text-align: center;\">Tudjon meg t\u00f6bbet Celj\u00e9r\u0151l, a gr\u00f3fok v\u00e1ros\u00e1r\u00f3l a k\u00f6vetkez\u0151 oldalon:<\/p>\n<p style=\"text-align: center;\">\n<p style=\"text-align: center;\"><a href=\"https:\/\/www.visitcelje.eu\/sl\/\" target=\"_blank\" rel=\"noopener\">https:\/\/www.visitcelje.eu\/sl\/<\/a><br \/>\n<a href=\"https:\/\/www.facebook.com\/gocelje?__cft__%5B0%5D=AZW-hRdqsLUNujT0gE1DuIckTtNbKbp1UeHsUmma_wT0RxVsVCAwhnZvAbz3RcRw_bGzuz-pBW0dJAUZ90TtScilgGiTRd0YMeqB7TQejpo4kWuQJFKga0L7HYB1sj4-JtI&amp;__tn__=q\" target=\"_blank\" rel=\"noopener\">https:\/\/www.facebook.com\/gocelje\/<\/a><br \/>\n<a href=\"https:\/\/www.facebook.com\/knezjemestocelje\/?__cft__%5B0%5D=AZW-hRdqsLUNujT0gE1DuIckTtNbKbp1UeHsUmma_wT0RxVsVCAwhnZvAbz3RcRw_bGzuz-pBW0dJAUZ90TtScilgGiTRd0YMeqB7TQejpo4kWuQJFKga0L7HYB1sj4-JtI&amp;__tn__=q\" target=\"_blank\" rel=\"noopener\">https:\/\/www.facebook.com\/knezjemestocelje\/<\/a><\/p>\n<p style=\"text-align: center;\">\n<p style=\"text-align: center;\">@vin.ce_favorit<\/p>\n<p style=\"text-align: center;\">@HisaLisjak<\/p>\n<p style=\"text-align: center;\">\n<p style=\"text-align: center;\">\n<p style=\"text-align: center;\">\n<p style=\"text-align: center;\">\n<p style=\"text-align: center;\">","protected":false},"excerpt":{"rendered":"<p>\/\/ 2022. SZEPTEMBER 10. \/\/ 14:00 - 20:00 \/\/ V\u00c1ROSK\u00d6ZPONT \/\/ \"A Lisjak-h\u00e1z elj\u00f6tt Celj\u00e9be! A sikert\u00f6rt\u00e9netek ut\u00e1n Taborban, ahol k\u00e9t helyen is van kar\u00e1munk - Na jasi \u00e9s Kozolec pri rybniku, valamint a Lisjak k\u00e1v\u00e9z\u00f3, \u00e9s Vransko-ban, ahol a Pri mamici \u00e9tterem tal\u00e1lhat\u00f3, \u00fagy d\u00f6nt\u00f6tt\u00fcnk, hogy [...].<\/p>","protected":false},"author":3,"featured_media":7838,"comment_status":"closed","ping_status":"closed","sticky":false,"template":"","format":"standard","meta":{"_jetpack_memberships_contains_paid_content":false,"footnotes":"","jetpack_publicize_message":"","jetpack_publicize_feature_enabled":true,"jetpack_social_post_already_shared":false,"jetpack_social_options":{"image_generator_settings":{"template":"highway","enabled":false},"version":2},"_wpscppro_custom_social_share_image":0,"_facebook_share_type":"","_twitter_share_type":"","_linkedin_share_type":"","_pinterest_share_type":"","_linkedin_share_type_page":"","_instagram_share_type":"","_selected_social_profile":[]},"categories":[47],"tags":[],"class_list":["post-7835","post","type-post","status-publish","format-standard","has-post-thumbnail","hentry","category-novice"],"jetpack_publicize_connections":[],"jetpack_featured_media_url":"https:\/\/salonsauvignon.eu\/wp-content\/uploads\/2022\/09\/I.jpg","jetpack_sharing_enabled":true,"_links":{"self":[{"href":"https:\/\/salonsauvignon.eu\/hun\/wp-json\/wp\/v2\/posts\/7835","targetHints":{"allow":["GET"]}}],"collection":[{"href":"https:\/\/salonsauvignon.eu\/hun\/wp-json\/wp\/v2\/posts"}],"about":[{"href":"https:\/\/salonsauvignon.eu\/hun\/wp-json\/wp\/v2\/types\/post"}],"author":[{"embeddable":true,"href":"https:\/\/salonsauvignon.eu\/hun\/wp-json\/wp\/v2\/users\/3"}],"replies":[{"embeddable":true,"href":"https:\/\/salonsauvignon.eu\/hun\/wp-json\/wp\/v2\/comments?post=7835"}],"version-history":[{"count":2,"href":"https:\/\/salonsauvignon.eu\/hun\/wp-json\/wp\/v2\/posts\/7835\/revisions"}],"predecessor-version":[{"id":7840,"href":"https:\/\/salonsauvignon.eu\/hun\/wp-json\/wp\/v2\/posts\/7835\/revisions\/7840"}],"wp:featuredmedia":[{"embeddable":true,"href":"https:\/\/salonsauvignon.eu\/hun\/wp-json\/wp\/v2\/media\/7838"}],"wp:attachment":[{"href":"https:\/\/salonsauvignon.eu\/hun\/wp-json\/wp\/v2\/media?parent=7835"}],"wp:term":[{"taxonomy":"category","embeddable":true,"href":"https:\/\/salonsauvignon.eu\/hun\/wp-json\/wp\/v2\/categories?post=7835"},{"taxonomy":"post_tag","embeddable":true,"href":"https:\/\/salonsauvignon.eu\/hun\/wp-json\/wp\/v2\/tags?post=7835"}],"curies":[{"name":"wp","href":"https:\/\/api.w.org\/{rel}","templated":true}]}}