{"id":8135,"date":"2023-03-18T10:28:33","date_gmt":"2023-03-18T08:28:33","guid":{"rendered":"https:\/\/salonsauvignon.eu\/?p=8135"},"modified":"2023-03-18T10:41:37","modified_gmt":"2023-03-18T08:41:37","slug":"biseri-slovenske-popevke-na-salon-sauvignon-ptuj-2023","status":"publish","type":"post","link":"https:\/\/salonsauvignon.eu\/hun\/biseri-slovenske-popevke-na-salon-sauvignon-ptuj-2023\/","title":{"rendered":"BISERI SLOVENSKE POPEVKE NA SALON SAUVIGNON PTUJ 2023"},"content":{"rendered":"<h3><img fetchpriority=\"high\" decoding=\"async\" class=\"wp-image-8136 aligncenter\" src=\"https:\/\/salonsauvignon.eu\/wp-content\/uploads\/2023\/03\/27Sasa_Urih_studio_Salvia-200x300.jpg\" alt=\"\" width=\"629\" height=\"944\"><\/h3>\n<h3 style=\"text-align: center;\">22. APRIL 2023 \/\/ \u00a013:00 \u2013 21:00 \/\/ DOMINIKANSKI SAMOSTAN PTUJ<\/h3>\n<p style=\"text-align: center;\">Vokalistko Natalijo Tumpej mnogi poznajo in so ji navdu\u0161eno ploskali na kak\u0161nem izmed mnogih razprodanih koncertov glasbene skupine Jazz Ladies.<\/p>\n<p style=\"text-align: center;\">Poleg \u0161tevilnih nastopov s skupino Jazz Ladies se Natalija predstavlja tudi s samostojnimi nastopi, kjer s svojim jazzovskim stilom in pristnim stikom s publiko takoj prepri\u010da in osvoji poslu\u0161alce.<\/p>\n<p style=\"text-align: center;\">Tokrat vas bo ob dru\u017ebi najbolj\u0161ih sauvignonov zvo\u010dno popeljala v svet slovenske popevke in jazz standardov ob spremljavi odli\u010dnega pianista Luka Zavi\u0161i\u010da.<\/p>\n<p style=\"text-align: center;\"><img decoding=\"async\" class=\"alignnone wp-image-8137\" src=\"https:\/\/salonsauvignon.eu\/wp-content\/uploads\/2023\/03\/17434476_2112262749000069_6442013041247107782_o-300x199.jpg\" alt=\"\" width=\"785\" height=\"521\" srcset=\"https:\/\/salonsauvignon.eu\/wp-content\/uploads\/2023\/03\/17434476_2112262749000069_6442013041247107782_o-300x199.jpg 300w, https:\/\/salonsauvignon.eu\/wp-content\/uploads\/2023\/03\/17434476_2112262749000069_6442013041247107782_o-600x397.jpg 600w, https:\/\/salonsauvignon.eu\/wp-content\/uploads\/2023\/03\/17434476_2112262749000069_6442013041247107782_o-1024x678.jpg 1024w, https:\/\/salonsauvignon.eu\/wp-content\/uploads\/2023\/03\/17434476_2112262749000069_6442013041247107782_o-768x509.jpg 768w, https:\/\/salonsauvignon.eu\/wp-content\/uploads\/2023\/03\/17434476_2112262749000069_6442013041247107782_o-1536x1017.jpg 1536w, https:\/\/salonsauvignon.eu\/wp-content\/uploads\/2023\/03\/17434476_2112262749000069_6442013041247107782_o-18x12.jpg 18w, https:\/\/salonsauvignon.eu\/wp-content\/uploads\/2023\/03\/17434476_2112262749000069_6442013041247107782_o.jpg 2048w\" sizes=\"(max-width: 785px) 100vw, 785px\" \/><\/p>\n<p>&nbsp;<\/p>\n<p>&nbsp;<\/p>\n<p style=\"text-align: center;\">Salon SAUVIGNON Ptuj 2023, Art &amp; Wine fesztiv\u00e1l.<\/p>\n<p style=\"text-align: center;\">Kilencedik alkalommal - ism\u00e9t a ptuji dominik\u00e1nus kolostor gy\u00f6ny\u00f6r\u0171 g\u00f3tikus kereng\u0151j\u00e9ben.<\/p>\n<p style=\"text-align: center;\">Egy fest\u0151i k\u00f6z\u00e9pkori v\u00e1rosban, sz\u0151l\u0151\u00fcltetv\u00e9nyekkel k\u00f6r\u00fclv\u00e9ve.<\/p>\n<p style=\"text-align: center;\">Szlov\u00e9nia \u00e9s a vil\u00e1g legjobb sauvignonjai. V\u00e1logatott cabernet sauvignonok.<\/p>\n<p style=\"text-align: center;\">Finom konyha.<\/p>\n<p style=\"text-align: center;\">Mesterkurzus.<\/p>\n<p style=\"text-align: center;\">Art. Zene.<\/p>\n<p style=\"text-align: center;\">Jegy\u00e1r:<\/p>\n<p style=\"text-align: center;\">18. evrov<\/p>\n<p style=\"text-align: center;\">v predprodaji in za ve\u010dje najavljene skupine na dan dogodka.<\/p>\n<p style=\"text-align: center;\">21. evrov<\/p>\n<p style=\"text-align: center;\">na dan dogodka.<\/p>\n<p style=\"text-align: center;\">Karto si lahko rezervirate na spletni strani festivala <a href=\"https:\/\/salonsauvignon.eu\/hun\/\">www.salonsauvignon.eu<\/a> .<\/p>\n<p style=\"text-align: center;\">Mesterkurzus \u00e1ra:<\/p>\n<p style=\"text-align: center;\">36 eur\u00f3<\/p>\n<p style=\"text-align: center;\">s vstopnico.<\/p>\n<p style=\"text-align: center;\">Tov\u00e1bbi inform\u00e1ci\u00f3 a<\/p>\n<p style=\"text-align: center;\">mob. 041 328 488<\/p>\n<p style=\"text-align: center;\">K\u00f6vessen, ossza meg \u00e9s kedveljen minket:<\/p>\n<p style=\"text-align: center;\"><a href=\"https:\/\/salonsauvignon.eu\/hun\/\">http:\/\/salonsauvignon.eu\/<\/a><\/p>\n<p style=\"text-align: center;\"><a href=\"https:\/\/www.facebook.com\/salonsauvignon\/\" target=\"_blank\" rel=\"noopener\">https:\/\/www.facebook.com\/salonsauvignon\/<\/a><\/p>\n<p style=\"text-align: center;\"><a href=\"instagram: salonsauvignon2022\">instagram: salonsauvignon202<\/a>3<\/p>\n<p style=\"text-align: center;\">\u00a0__________________<\/p>\n<p>&nbsp;<\/p>\n<p style=\"text-align: center;\">Salon SAUVIGNON Ptuj 2023, Art &amp; Wine fesztiv\u00e1l.<\/p>\n<p style=\"text-align: center;\">Kilencedik alkalommal - ism\u00e9t a ptuji domonkos kolostor gy\u00f6ny\u00f6r\u0171 g\u00f3tikus kereng\u0151j\u00e9ben.<\/p>\n<p style=\"text-align: center;\">Egy fest\u0151i k\u00f6z\u00e9pkori v\u00e1rosban, sz\u0151l\u0151\u00fcltetv\u00e9nyekkel k\u00f6r\u00fclv\u00e9ve.<\/p>\n<p style=\"text-align: center;\">A legjobb sauvignon blanc, amit Szlov\u00e9nia \u00e9s a vil\u00e1g k\u00edn\u00e1l. V\u00e1logatott cabernet sauvignonok.<\/p>\n<p style=\"text-align: center;\">Fels\u0151bb konyham\u0171v\u00e9szet.<\/p>\n<p style=\"text-align: center;\">Mesterkurzus.<\/p>\n<p style=\"text-align: center;\">Art. Zene.<\/p>\n<p style=\"text-align: center;\">Bel\u00e9p\u0151d\u00edj:<\/p>\n<p style=\"text-align: center;\">18 \u20ac el\u0151v\u00e9telben \u00e9s nagyobb bejelentett csoportok sz\u00e1m\u00e1ra a rendezv\u00e9ny napj\u00e1n.<\/p>\n<p style=\"text-align: center;\">\u20ac 21<\/p>\n<p style=\"text-align: center;\">on the day of the event.<\/p>\n<p style=\"text-align: center;\">You can reserve a ticket on the festival&#8217;s website <a href=\"https:\/\/salonsauvignon.eu\/hun\/\">www.salonsauvignon.eu<\/a> .<\/p>\n<p style=\"text-align: center;\">Mesterkurzus \u00e1ra:<\/p>\n<p style=\"text-align: center;\">\u20ac 36<\/p>\n<p style=\"text-align: center;\">with entrance fee.<\/p>\n<p style=\"text-align: center;\">Tov\u00e1bbi inform\u00e1ci\u00f3k:<\/p>\n<p style=\"text-align: center;\">Telefonsz\u00e1m: +386 41 328 488<\/p>\n<p style=\"text-align: center;\"><a href=\"https:\/\/salonsauvignon.eu\/hun\/\">www.salonsauvignon.eu<\/a><\/p>\n<p style=\"text-align: center;\">K\u00f6vessen, ossza meg \u00e9s kedveljen minket:<\/p>\n<p style=\"text-align: center;\"><a href=\"https:\/\/salonsauvignon.eu\/hun\/\">http:\/\/salonsauvignon.eu\/<\/a><\/p>\n<p style=\"text-align: center;\"><a href=\"https:\/\/www.facebook.com\/salonsauvignon\/\" target=\"_blank\" rel=\"noopener\">https:\/\/www.facebook.com\/salonsauvignon\/<\/a><\/p>\n<p style=\"text-align: center;\"><a href=\"instagram: salonsauvignon2022\">instagram: salonsauvignon202<\/a>3<\/p>\n<p style=\"text-align: center;\">","protected":false},"excerpt":{"rendered":"<p>22. APRIL 2023 \/\/ \u00a013:00 \u2013 21:00 \/\/ DOMINIKANSKI SAMOSTAN PTUJ Vokalistko Natalijo Tumpej mnogi poznajo in so ji navdu\u0161eno ploskali na kak\u0161nem izmed mnogih razprodanih koncertov glasbene skupine Jazz Ladies. Poleg \u0161tevilnih nastopov s skupino Jazz Ladies se Natalija predstavlja tudi s samostojnimi nastopi, kjer s svojim jazzovskim stilom in pristnim stikom s publiko [&hellip;]<\/p>","protected":false},"author":3,"featured_media":0,"comment_status":"closed","ping_status":"closed","sticky":false,"template":"","format":"standard","meta":{"_jetpack_memberships_contains_paid_content":false,"footnotes":"","jetpack_publicize_message":"","jetpack_publicize_feature_enabled":true,"jetpack_social_post_already_shared":false,"jetpack_social_options":{"image_generator_settings":{"template":"highway","enabled":false},"version":2},"_wpscppro_custom_social_share_image":0,"_facebook_share_type":"","_twitter_share_type":"","_linkedin_share_type":"","_pinterest_share_type":"","_linkedin_share_type_page":"","_instagram_share_type":"","_selected_social_profile":[]},"categories":[47,63],"tags":[],"class_list":["post-8135","post","type-post","status-publish","format-standard","hentry","category-novice","category-vinarji"],"jetpack_publicize_connections":[],"jetpack_featured_media_url":"","jetpack_sharing_enabled":true,"_links":{"self":[{"href":"https:\/\/salonsauvignon.eu\/hun\/wp-json\/wp\/v2\/posts\/8135","targetHints":{"allow":["GET"]}}],"collection":[{"href":"https:\/\/salonsauvignon.eu\/hun\/wp-json\/wp\/v2\/posts"}],"about":[{"href":"https:\/\/salonsauvignon.eu\/hun\/wp-json\/wp\/v2\/types\/post"}],"author":[{"embeddable":true,"href":"https:\/\/salonsauvignon.eu\/hun\/wp-json\/wp\/v2\/users\/3"}],"replies":[{"embeddable":true,"href":"https:\/\/salonsauvignon.eu\/hun\/wp-json\/wp\/v2\/comments?post=8135"}],"version-history":[{"count":4,"href":"https:\/\/salonsauvignon.eu\/hun\/wp-json\/wp\/v2\/posts\/8135\/revisions"}],"predecessor-version":[{"id":8142,"href":"https:\/\/salonsauvignon.eu\/hun\/wp-json\/wp\/v2\/posts\/8135\/revisions\/8142"}],"wp:attachment":[{"href":"https:\/\/salonsauvignon.eu\/hun\/wp-json\/wp\/v2\/media?parent=8135"}],"wp:term":[{"taxonomy":"category","embeddable":true,"href":"https:\/\/salonsauvignon.eu\/hun\/wp-json\/wp\/v2\/categories?post=8135"},{"taxonomy":"post_tag","embeddable":true,"href":"https:\/\/salonsauvignon.eu\/hun\/wp-json\/wp\/v2\/tags?post=8135"}],"curies":[{"name":"wp","href":"https:\/\/api.w.org\/{rel}","templated":true}]}}