{"id":8651,"date":"2023-04-18T15:16:26","date_gmt":"2023-04-18T13:16:26","guid":{"rendered":"https:\/\/salonsauvignon.eu\/?p=8651"},"modified":"2023-04-18T15:16:26","modified_gmt":"2023-04-18T13:16:26","slug":"kdo-vse-bo-z-nami-2023-2","status":"publish","type":"post","link":"https:\/\/salonsauvignon.eu\/hun\/kdo-vse-bo-z-nami-2023-2\/","title":{"rendered":"AKIK MIND VEL\u00dcNK LESZNEK 2023-BAN"},"content":{"rendered":"<p><img fetchpriority=\"high\" decoding=\"async\" class=\"alignnone  wp-image-8652\" src=\"https:\/\/salonsauvignon.eu\/wp-content\/uploads\/2023\/04\/KDO-BO-Z-NAMI-KOLAZ\u030c-SS23-300x300.jpg\" alt=\"\" width=\"707\" height=\"707\" srcset=\"https:\/\/salonsauvignon.eu\/wp-content\/uploads\/2023\/04\/KDO-BO-Z-NAMI-KOLAZ\u030c-SS23-300x300.jpg 300w, https:\/\/salonsauvignon.eu\/wp-content\/uploads\/2023\/04\/KDO-BO-Z-NAMI-KOLAZ\u030c-SS23-100x100.jpg 100w, https:\/\/salonsauvignon.eu\/wp-content\/uploads\/2023\/04\/KDO-BO-Z-NAMI-KOLAZ\u030c-SS23-600x600.jpg 600w, https:\/\/salonsauvignon.eu\/wp-content\/uploads\/2023\/04\/KDO-BO-Z-NAMI-KOLAZ\u030c-SS23-1024x1024.jpg 1024w, https:\/\/salonsauvignon.eu\/wp-content\/uploads\/2023\/04\/KDO-BO-Z-NAMI-KOLAZ\u030c-SS23-150x150.jpg 150w, https:\/\/salonsauvignon.eu\/wp-content\/uploads\/2023\/04\/KDO-BO-Z-NAMI-KOLAZ\u030c-SS23-768x768.jpg 768w, https:\/\/salonsauvignon.eu\/wp-content\/uploads\/2023\/04\/KDO-BO-Z-NAMI-KOLAZ\u030c-SS23-1536x1536.jpg 1536w, https:\/\/salonsauvignon.eu\/wp-content\/uploads\/2023\/04\/KDO-BO-Z-NAMI-KOLAZ\u030c-SS23-12x12.jpg 12w, https:\/\/salonsauvignon.eu\/wp-content\/uploads\/2023\/04\/KDO-BO-Z-NAMI-KOLAZ\u030c-SS23.jpg 2048w\" sizes=\"(max-width: 707px) 100vw, 707px\" \/><\/p>\n<p>&nbsp;<\/p>\n<p><b>SALON SAUVIGNON PTUJ 2023 \/\/ SZOMBAT 22 \u00c1PRILIS 2023 \/\/ 13:00 - 21:00 \/\/ DOMINIKAI KOLOSTOR PTUJ SLOVENIJA \/\/<\/b><\/p>\n<p>&nbsp;<\/p>\n<p>Kik mind vel\u00fcnk lesznek<\/p>\n<p>&nbsp;<\/p>\n<p>&nbsp;<\/p>\n<p>BOR\u00c1SZOK<\/p>\n<p>&nbsp;<\/p>\n<p><strong>SZLOV\u00c9NIA<\/strong><\/p>\n<p>&nbsp;<\/p>\n<p><strong>PODRAVJEI BORVID\u00c9K<\/strong><\/p>\n<p>BORVID\u00c9K ST\u00c1JERORSZ\u00c1G<\/p>\n<p>&nbsp;<\/p>\n<p>PTUJSKA KLET<\/p>\n<p>HARVEST<\/p>\n<p>KRAMER<\/p>\n<p>KOBAL<\/p>\n<p>BRUTT\u00d3<\/p>\n<p>CSAL\u00c1DI<\/p>\n<p>STATERA<\/p>\n<p>REFERENCIA<\/p>\n<p>PERKO<\/p>\n<p>EMIL<\/p>\n<p>KONRAD<\/p>\n<p>KRAJNC<\/p>\n<p>PUKLAVECI CSAL\u00c1DI BOROK<\/p>\n<p>MARO<\/p>\n<p>VERUS<\/p>\n<p>HERGA<\/p>\n<p>KRAINZ<\/p>\n<p>FLEISINGER<\/p>\n<p>AVOS<\/p>\n<p>FABIAN<\/p>\n<p>SENEKOVIC<\/p>\n<p>PLATEIS<\/p>\n<p>BRA\u010cKO<\/p>\n<p>PAX AJT\u00d3<\/p>\n<p>FALOT<\/p>\n<p>VALDHUBER<\/p>\n<p>KREN<\/p>\n<p>SHERBINEK<\/p>\n<p>MUKENAUER<\/p>\n<p>GAUBE<\/p>\n<p>VALDHUBER CSEH<\/p>\n<p>VINO KU\u0160TER<\/p>\n<p>LEBER<\/p>\n<p>JARC<\/p>\n<p>KILLER<\/p>\n<p>HLADE<\/p>\n<p>HORVAT<\/p>\n<p>MERANOVO<\/p>\n<p>VRECL<\/p>\n<p>FRISS\u00cdTVE<\/p>\n<p>AZ ARANYB\u0170N<\/p>\n<p>V\u00c1LLALKOZ\u00d3<\/p>\n<p>D\u00c9L<\/p>\n<p>EMINO<\/p>\n<p>STEYER<\/p>\n<p>RADGONSKE GORICE<\/p>\n<p>&nbsp;<\/p>\n<p>PREKMURJEI BORVID\u00c9K<\/p>\n<p>&nbsp;<\/p>\n<p>L\u00c9P\u00c9S<\/p>\n<p>KELENC<\/p>\n<p>&nbsp;<\/p>\n<p><strong>A POSAVJEI BORVID\u00c9K<\/strong><\/p>\n<p>BIZELJSKO-SREMI\u010c BORVID\u00c9K<\/p>\n<p>&nbsp;<\/p>\n<p>CROSS<\/p>\n<p>TAJFL<\/p>\n<p>DULAR<\/p>\n<p>&nbsp;<\/p>\n<p>DOLENJSKA BORVID\u00c9K<\/p>\n<p>&nbsp;<\/p>\n<p>ALBIANA<\/p>\n<p>&nbsp;<\/p>\n<p>BELA KRAJINAI BORVID\u00c9K<\/p>\n<p>&nbsp;<\/p>\n<p>METLIKA<\/p>\n<p>SHUTTERS<\/p>\n<p>&nbsp;<\/p>\n<p><strong>A PRIMORSZKI BORVID\u00c9K<\/strong><\/p>\n<p>&nbsp;<\/p>\n<p>VIPAVA-V\u00d6LGYI BORVID\u00c9K<\/p>\n<p>&nbsp;<\/p>\n<p>TILIA<\/p>\n<p>DE ADAMI \/\/ PALI<\/p>\n<p>\u017dOR\u017d 1696<\/p>\n<p>BOZICH<\/p>\n<p>ROUNA<\/p>\n<p>MARC<\/p>\n<p>PETRIC<\/p>\n<p>GO TO<\/p>\n<p>AZ ARCON<\/p>\n<p>TRO\u0160T<\/p>\n<p>FERVIN<\/p>\n<p>FERJAN\u010cI\u010c<\/p>\n<p>GORI\u0160KA BRDA BORVID\u00c9K<\/p>\n<p>&nbsp;<\/p>\n<p>KLET BRDA<\/p>\n<p>&nbsp;<\/p>\n<p><strong>SZERBIA<\/strong><\/p>\n<p>&nbsp;<\/p>\n<p>H\u00c1ROM HAT\u00c1R \u00c9S EGY FELH\u0150 \/\/ H\u00c1ROM HAT\u00c1R \u00c9S EGY FELH\u0150 \/\/ H\u00c1ROM HAT\u00c1R \u00c9S EGY FELH\u0150 \/\/<\/p>\n<p>&nbsp;<\/p>\n<p><strong>KRO\u00c1TIA<\/strong><\/p>\n<p>&nbsp;<\/p>\n<p>COPYWRITER<\/p>\n<p>&nbsp;<\/p>\n<p><strong>CSEH K\u00d6ZT\u00c1RSAS\u00c1G<\/strong><\/p>\n<p>&nbsp;<\/p>\n<p>SCHMIED - NAGYSZER\u0170 BOR<\/p>\n<p><strong>\u00a0<\/strong><\/p>\n<p><strong>AUSZTRIA<\/strong><\/p>\n<p>&nbsp;<\/p>\n<p>MUSTER GAMLITZ<\/p>\n<p>&nbsp;<\/p>\n<p>&nbsp;<\/p>\n<p><strong>GASTRONOMI<\/strong><\/p>\n<p>&nbsp;<\/p>\n<p>Luka NOVAK \u00e9s PERUTNINA PTUJ<\/p>\n<p>RIBI\u010c \u00e9tterem<\/p>\n<p>XOCOC Chocolatier<\/p>\n<p>NOVA RAJNGLA \u00e9tterem<\/p>\n<p>SPARGUS \u00e9tterem<\/p>\n<p>&nbsp;<\/p>\n<p>Szerd\u00e1n el\u00e1ruljuk, milyen gasztron\u00f3miai remekm\u0171vekkel k\u00e9nyeztetnek minket a gasztron\u00f3miai h\u00e1zak - mindenev\u0151k \u00e9s veg\u00e1nok\/veget\u00e1ri\u00e1nusok egyar\u00e1nt.<\/p>\n<p>&nbsp;<\/p>\n<p><strong>KI\u00c1LL\u00cdT\u00d3K<\/strong><\/p>\n<p>&nbsp;<\/p>\n<p>KOCBEK olajmalom<\/p>\n<p>\u0160TUMPERGER olajmalom<\/p>\n<p>STOCKWENZEL<\/p>\n<p>&nbsp;<\/p>\n<p>A fesztiv\u00e1lkoncertet a szlov\u00e9n popdalok gy\u00f6ngyszemeinek szentelik Natalia TUMPEJ \u00e9nekesn\u0151 \u00e9s Luka ZAVI\u0160I\u010c zongorista el\u0151ad\u00e1s\u00e1ban.<\/p>\n<p>Ki\u00e1ll\u00edt\u00e1sok: bor a hat\u00e1ron, bor \u00e9s m\u0171v\u00e9szet, sz\u00e9kek t\u00f6rt\u00e9netei.<\/p>\n<p>A fesztiv\u00e1l f\u0151 t\u00e1mogat\u00f3ja Ptuj v\u00e1ros \u00f6nkorm\u00e1nyzata,<\/p>\n<p>&nbsp;<\/p>\n<p>A fesztiv\u00e1lt a STEKLARNA ROGA\u0160KA, a PERUTNINA PTUJ \u00e9s a MESSER SLOVENIJA, valamint sz\u00e1mos partner \u00e9s adom\u00e1nyoz\u00f3 t\u00e1mogatta.<\/p>\n<p>&nbsp;<\/p>\n<p>A 9. Salon SAUVIGNON PTUJ 2023 f\u0151 partnere a 6. Szlov\u00e9n Bor- \u00e9s Borkongresszus.<\/p>\n<p>K\u00f6vessen, ossza meg \u00e9s kedveljen minket:<\/p>\n<p>salonsauvignon.eu<\/p>\n<p><a href=\"https:\/\/www.facebook.com\/salonsauvignon?__cft__[0]=AZUHMmUw--hvK-dWXOQnF03V5NOwkxJ4FRW4qqL_cgTuPM9eHCxXInHKp0Cl7y9ISs5KDa8kMP8Vwfik4QTI5ywtqlTCe8VRaAqMMakirQ5prX3e7BQ5CGQJLWIyppOn_QphiDZy-woQG0praCJyQihK&amp;__tn__=-]K-R\" target=\"_blank\" rel=\"noopener\">https:\/\/www.facebook.com\/salonsauvignon\/<\/a><\/p>\n<p>instagram: salonsauvignon2023<\/p>","protected":false},"excerpt":{"rendered":"<p>&nbsp; SALON SAUVIGNON PTUJ 2023 \/\/ V SOBOTO 22. APRILA 2023 \/\/ 13:00 \u2013 21:00 \/\/ DOMINIKANSKI SAMOSTAN PTUJ SLOVENIJA \/\/ &nbsp; Kdo vse bo z nami &nbsp; &nbsp; VINARJI &nbsp; SLOVENIJA &nbsp; VINORODNA DE\u017dELA PODRAVJE VINORODNI OKOLI\u0160 \u0160TAJERSKA &nbsp; PTUJSKA KLET ZAVEC KRAMER KOBAL GROSS FAMILIJA STATERA REBERNI\u0160EK PERKO EMIL KONRAD KRAJNC PUKLAVEC FAMILY [&hellip;]<\/p>","protected":false},"author":2,"featured_media":8652,"comment_status":"closed","ping_status":"closed","sticky":false,"template":"","format":"standard","meta":{"_jetpack_memberships_contains_paid_content":false,"footnotes":"","jetpack_publicize_message":"","jetpack_publicize_feature_enabled":true,"jetpack_social_post_already_shared":false,"jetpack_social_options":{"image_generator_settings":{"template":"highway","enabled":false},"version":2},"_wpscppro_custom_social_share_image":0,"_facebook_share_type":"","_twitter_share_type":"","_linkedin_share_type":"","_pinterest_share_type":"","_linkedin_share_type_page":"","_instagram_share_type":"","_selected_social_profile":[]},"categories":[47,63],"tags":[],"class_list":["post-8651","post","type-post","status-publish","format-standard","has-post-thumbnail","hentry","category-novice","category-vinarji"],"jetpack_publicize_connections":[],"jetpack_featured_media_url":"https:\/\/salonsauvignon.eu\/wp-content\/uploads\/2023\/04\/KDO-BO-Z-NAMI-KOLAZ\u030c-SS23.jpg","jetpack_sharing_enabled":true,"_links":{"self":[{"href":"https:\/\/salonsauvignon.eu\/hun\/wp-json\/wp\/v2\/posts\/8651","targetHints":{"allow":["GET"]}}],"collection":[{"href":"https:\/\/salonsauvignon.eu\/hun\/wp-json\/wp\/v2\/posts"}],"about":[{"href":"https:\/\/salonsauvignon.eu\/hun\/wp-json\/wp\/v2\/types\/post"}],"author":[{"embeddable":true,"href":"https:\/\/salonsauvignon.eu\/hun\/wp-json\/wp\/v2\/users\/2"}],"replies":[{"embeddable":true,"href":"https:\/\/salonsauvignon.eu\/hun\/wp-json\/wp\/v2\/comments?post=8651"}],"version-history":[{"count":1,"href":"https:\/\/salonsauvignon.eu\/hun\/wp-json\/wp\/v2\/posts\/8651\/revisions"}],"predecessor-version":[{"id":8653,"href":"https:\/\/salonsauvignon.eu\/hun\/wp-json\/wp\/v2\/posts\/8651\/revisions\/8653"}],"wp:featuredmedia":[{"embeddable":true,"href":"https:\/\/salonsauvignon.eu\/hun\/wp-json\/wp\/v2\/media\/8652"}],"wp:attachment":[{"href":"https:\/\/salonsauvignon.eu\/hun\/wp-json\/wp\/v2\/media?parent=8651"}],"wp:term":[{"taxonomy":"category","embeddable":true,"href":"https:\/\/salonsauvignon.eu\/hun\/wp-json\/wp\/v2\/categories?post=8651"},{"taxonomy":"post_tag","embeddable":true,"href":"https:\/\/salonsauvignon.eu\/hun\/wp-json\/wp\/v2\/tags?post=8651"}],"curies":[{"name":"wp","href":"https:\/\/api.w.org\/{rel}","templated":true}]}}