{"id":9283,"date":"2024-04-17T11:50:22","date_gmt":"2024-04-17T09:50:22","guid":{"rendered":"https:\/\/salonsauvignon.eu\/?p=9283"},"modified":"2024-04-30T07:09:47","modified_gmt":"2024-04-30T05:09:47","slug":"klet-brda-2024","status":"publish","type":"post","link":"https:\/\/salonsauvignon.eu\/hun\/klet-brda-2024\/","title":{"rendered":"KLET BRDA 2024"},"content":{"rendered":"<p><img fetchpriority=\"high\" decoding=\"async\" class=\"alignnone wp-image-9344\" src=\"https:\/\/salonsauvignon.eu\/wp-content\/uploads\/2024\/04\/KLET-BRDA-SS24-copy-300x300.jpg\" alt=\"\" width=\"590\" height=\"590\" srcset=\"https:\/\/salonsauvignon.eu\/wp-content\/uploads\/2024\/04\/KLET-BRDA-SS24-copy-300x300.jpg 300w, https:\/\/salonsauvignon.eu\/wp-content\/uploads\/2024\/04\/KLET-BRDA-SS24-copy-100x100.jpg 100w, https:\/\/salonsauvignon.eu\/wp-content\/uploads\/2024\/04\/KLET-BRDA-SS24-copy-600x600.jpg 600w, https:\/\/salonsauvignon.eu\/wp-content\/uploads\/2024\/04\/KLET-BRDA-SS24-copy-1024x1024.jpg 1024w, https:\/\/salonsauvignon.eu\/wp-content\/uploads\/2024\/04\/KLET-BRDA-SS24-copy-150x150.jpg 150w, https:\/\/salonsauvignon.eu\/wp-content\/uploads\/2024\/04\/KLET-BRDA-SS24-copy-768x768.jpg 768w, https:\/\/salonsauvignon.eu\/wp-content\/uploads\/2024\/04\/KLET-BRDA-SS24-copy-1536x1536.jpg 1536w, https:\/\/salonsauvignon.eu\/wp-content\/uploads\/2024\/04\/KLET-BRDA-SS24-copy-12x12.jpg 12w, https:\/\/salonsauvignon.eu\/wp-content\/uploads\/2024\/04\/KLET-BRDA-SS24-copy.jpg 2048w\" sizes=\"(max-width: 590px) 100vw, 590px\" \/><\/p>\n<p>&nbsp;<\/p>\n<h3>SALON SAUVIGNON PTUJ 2024 \/\/ SZOMBAT 18 M\u00c1JUS 2024 \/\/ 13:00 - 19:00 \/\/ DOMINIKAI KOLOSTOR PTUJ<\/h3>\n<p class=\"p1\"><b>KLET BRDA &#8211;<\/b>\u00a0Darinko Ribolica, glavni enolog: \u201cSte \u017ee obiskali pravlji\u010dno de\u017eelo na zahodu Slovenije, ugnezdeno na pol poti med Alpami in Jadranom? To so na\u0161a Brda. Svet razgibanih gri\u010dev, kjer smo si Brici ustvarili domove, kmetije in vinograde. Pridite, radi vas bomo sprejeli. Na\u0161e glavno vodilo pri vsakodnevnem delu v Kleti Brda, je globoko spo\u0161tovanje narave in njenih ciklov, saj se kakovost rodi v vinogradu. Narava je na\u0161a najpomembnej\u0161a zaveznica, zato je ohranjanje \u010distega in zdravega okolja za nas, ki \u017eivimo in delamo z naravo, klju\u010dnega pomena.<\/p>\n<p class=\"p1\">Ali ste vedeli? *da je Klet Brda prva vinska klet z znakom Zeleni klju\u010d na svetu? *da je najve\u010dja pridelovalka in izvoznica slovenskih vin, ki s prepoznavnim slogom osvaja ljubitelje vina doma in v kar 26 dr\u017eavah sveta\u00a0* da Klet Brda zdru\u017euje 400 bri\u0161kih vinogradni\u0161kih dru\u017ein, ki \u017ee ve\u010d kot pol stoletja soustvarjajo uspe\u0161no zgodbo bri\u0161kega vinarstva.\u201d\u00a0<a href=\"https:\/\/klet-brda.si\/\" target=\"_blank\" rel=\"noopener\"><span class=\"s1\">https:\/\/klet-brda.si<\/span><\/a><\/p>\n<p>&nbsp;<\/p>\n<p>&nbsp;<\/p>\n<div dir=\"auto\">\n<div>\/\/<\/div>\n<div><\/div>\n<div class=\"x11i5rnm xat24cr x1mh8g0r x1vvkbs xtlvy1s x126k92a\">\n<p><b>Tizedik alkalommal a ptuji domonkos kolostor gy\u00f6ny\u00f6r\u0171 g\u00f3tikus kereng\u0151j\u00e9ben.<\/b><\/p>\n<\/div>\n<p>&nbsp;<\/p>\n<p>Egy fest\u0151i k\u00f6z\u00e9pkori v\u00e1rosban, sz\u0151l\u0151\u00fcltetv\u00e9nyekkel k\u00f6r\u00fclv\u00e9ve.<\/p>\n<p>Szlov\u00e9nia \u00e9s a vil\u00e1g legjobb sauvignonjai. V\u00e1logatott cabernet sauvignonok.<\/p>\n<p>A ptuji Grabar \u00e9tterem \u00e9s a \u017di\u010dka Carthage-i Spargus \u00e9tterem kulin\u00e1ris alkot\u00e1sai.<\/p>\n<p>Art.<\/p>\n<p>Zene; koncert n\u00e9gy fiatal top \u00e9nekes OD5 KVARTET.<\/p>\n<p>&nbsp;<\/p>\n<p>A mesterkurzus a fesztiv\u00e1l tizedik \u00e9vfordul\u00f3j\u00e1nak \u00e9s annak a gondolatnak a jegy\u00e9ben zajlik, hogy az egyik legjobb sauvignon term\u0151ter\u00fclet Ausztri\u00e1n, Szlov\u00e9ni\u00e1n \u00e9s Horv\u00e1torsz\u00e1gon \u00e1t h\u00faz\u00f3dik, \u00e9s el\u00e1gaz\u00e1sokkal rendelkezik Olaszorsz\u00e1gba, Magyarorsz\u00e1gra \u00e9s Szerbi\u00e1ba. Ez\u00e9rt h\u00edvtunk borszak\u00e9rt\u0151ket a Mesterkurzusra:<\/p>\n<p>- Sa\u0161a \u0160piranec a Vinart nev\u0171 ikonikus horv\u00e1t borfesztiv\u00e1l igazgat\u00f3ja \u00e9s nemzetk\u00f6zi borszak\u00e9rt\u0151,<\/p>\n<p>- Robert Gorjak nemzetk\u00f6zileg elismert, WSET-diplom\u00e1val rendelkez\u0151 szak\u00e9rt\u0151, Szlov\u00e9nia egyik vezet\u0151 borszak\u00e9rt\u0151je, a Belvin School, Szlov\u00e9nia els\u0151 boriskol\u00e1j\u00e1nak t\u00e1rsalap\u00edt\u00f3ja.<\/p>\n<p>- Reinhard Muster, vil\u00e1gklasszis bor\u00e1sz, kozmopolita, a vil\u00e1gsz\u00ednvonal\u00fa borversenyek sz\u00e1mos d\u00edjazottja. Id\u00e9n a Concours Mondial Bruxelles Nemzetk\u00f6zi Sauvignon V\u00e1logat\u00e1son a legmagasabb elismer\u00e9st kapta - \"Trophy Winner\" - a Ried Grubthal 2020-as Sauvignon Blanc-\u00e9rt.<\/p>\n<p>&nbsp;<\/p>\n<p>Jegy\u00e1r:<\/p>\n<p>20 \u20ac el\u0151v\u00e9telben, nagyobb csoportoknak pedig a rendezv\u00e9ny napj\u00e1n.<\/p>\n<p>&nbsp;<\/p>\n<p>22 \u20ac az esem\u00e9ny napj\u00e1n.<\/p>\n<p>&nbsp;<\/p>\n<p>Mesterkurzus \u00e1ra:<\/p>\n<p>50 \u20ac - tartalmazza az esem\u00e9nyre sz\u00f3l\u00f3 jegyet.<\/p>\n<p>&nbsp;<\/p>\n<p>Jegyek a fesztiv\u00e1lra vagy a mesterkurzusra el\u0151v\u00e9telben kaphat\u00f3k a fesztiv\u00e1l honlapj\u00e1n.\u00a0<a href=\"https:\/\/salonsauvignon.eu\/hun\/\">salonsauvignon.eu<\/a>.\u00a0<a href=\"https:\/\/salonsauvignon.eu\/hun\/dogodek\/salon-sauvignon-ptuj\/\">https:\/\/salonsauvignon.eu\/dogodek\/salon-sauvignon-ptuj\/<\/a><\/p>\n<p>&nbsp;<\/p>\n<p>&nbsp;<\/p>\n<p>Tov\u00e1bbi inform\u00e1ci\u00f3k:<\/p>\n<p><b>Slavko DOBNIK<\/b>,<\/p>\n<p>Fesztiv\u00e1ligazgat\u00f3,<\/p>\n<p>041\/328-488<\/p>\n<p><a href=\"http:\/\/ars.vino18@gmail.com\/\" target=\"_blank\" rel=\"noopener\">ars.vino18@gmail.com<\/a><\/p>\n<p>&nbsp;<\/p>\n<p>&nbsp;<\/p>\n<p>K\u00f6vessen, ossza meg \u00e9s kedveljen minket:<\/p>\n<p><a href=\"https:\/\/l.facebook.com\/l.php?u=http%3A%2F%2Fsalonsauvignon.eu%2F%3Ffbclid%3DIwAR1uSPZ9UoavTiTB45W1qEem5Kml5YJ9v8dT2xnnAkFqth1Rrw58AK4fV2U&amp;h=AT2rcV-lY-LA0MNEu4xJu4zTA5vjIfOVr66L9U2ZSxV8ExX3zymYeK1CSb9plEFB67emWN-gCTjoqbuLWurdv8oCG8p0eil7NyZ8Tmrw0YoSokB7yl2aQSTySXGW9kiCio15QvhDug&amp;__tn__=q&amp;c%5B0%5D=AT3wTnzNP1CJbelAg8JInHmm_J3qX0wedZqq1IOFr95FGaA0LvXk8DLAx4Ko3KY35MZUMlQhreclSTNIFUaVyYd-wA7aazNTft7z9H7jJQ7D1maidXo_goqVmYOY7KPxhEZFeh_y6ro4gbPVjKFoLHUE\">http:\/\/salonsauvignon.eu\/<\/a><br \/>\n<a href=\"https:\/\/www.facebook.com\/salonsauvignon\/\" target=\"_blank\" rel=\"noopener\">https:\/\/www.facebook.com\/salonsauvignon\/<\/a><\/p>\n<p><a href=\"https:\/\/www.instagram.com\/salonsauvignon2024\/\" target=\"_blank\" rel=\"noopener\">https:\/\/www.instagram.com\/salonsauvignon2024\/<\/a><\/p>\n<p>FB esem\u00e9ny:\u00a0<a href=\"https:\/\/www.facebook.com\/events\/1401749227094515\/permalink\/1401749257094512\" target=\"_blank\" rel=\"noopener\">https:\/\/www.facebook.com\/events\/1401749227094515\/permalink\/1401749257094512<\/a><\/p>\n<p>&nbsp;<\/p>\n<h3><b>SALON SAUVIGNON PTUJ 2023 \/\/ 2024. M\u00c1JUS 18. SZOMBAT \/\/ 13:00 - 19:00 \/\/ DOMINIK\u00c1NUS KOLOSTOR PTUJ \/\/ SZLOV\u00c9NIA<\/b><\/h3>\n<p>&nbsp;<\/p>\n<p><b>Salon SAUVIGNON Ptuj 2024, Art &amp; Wine fesztiv\u00e1l.<\/b><\/p>\n<p>Tizedik alkalommal a ptuji domonkos kolostor gy\u00f6ny\u00f6r\u0171 g\u00f3tikus kereng\u0151j\u00e9ben.<\/p>\n<p>Egy fest\u0151i k\u00f6z\u00e9pkori v\u00e1rosban, sz\u0151l\u0151\u00fcltetv\u00e9nyekkel k\u00f6r\u00fclv\u00e9ve.<\/p>\n<p>A legjobb Sauvignon Blanc Szlov\u00e9ni\u00e1b\u00f3l \u00e9s a vil\u00e1gb\u00f3l. V\u00e1logatott Cabernet Sauvignons.<\/p>\n<p>Fels\u0151bb konyham\u0171v\u00e9szet.<\/p>\n<p>Art. Zene.<\/p>\n<p>Mesterkurzus.<\/p>\n<p>A mesterkurzus a fesztiv\u00e1l tizedik \u00e9vfordul\u00f3j\u00e1nak \u00e9s annak a gondolatnak a jegy\u00e9ben zajlik, hogy a sauvignon egyik legjobb borterm\u0151 ter\u00fclete Ausztri\u00e1n, Szlov\u00e9ni\u00e1n \u00e9s Horv\u00e1torsz\u00e1gon \u00e1t h\u00faz\u00f3dik, \u00e9s el\u00e1gaz\u00e1sokkal rendelkezik Olaszorsz\u00e1g, Magyarorsz\u00e1g \u00e9s Szerbia fel\u00e9. Ez\u00e9rt gy\u0171jt\u00f6tt\u00fck \u00f6ssze a legjobb szak\u00e9rt\u0151ket:<\/p>\n<p>- Sa\u0161a \u0160PIRANEC a Vinart nev\u0171 kultikus horv\u00e1t borfesztiv\u00e1l igazgat\u00f3ja \u00e9s nemzetk\u00f6zi borszak\u00e9rt\u0151,<\/p>\n<p>- Robert Gorjak nemzetk\u00f6zileg elismert, WSET-diplom\u00e1val rendelkez\u0151 szak\u00e9rt\u0151, az egyik vezet\u0151 szlov\u00e9n borszak\u00e9rt\u0151, az els\u0151 szlov\u00e9n boriskola, a Belvin School t\u00e1rsalap\u00edt\u00f3ja.<\/p>\n<\/div>\n<p id=\"tw-target-text\" class=\"tw-data-text tw-text-large tw-ta\" dir=\"ltr\" data-placeholder=\"Prevod\" aria-label=\"Ford\u00edtott sz\u00f6veg\" data-ved=\"2ahUKEwiPzZykseeFAxUP1QIHHZdUCI0Q3ewLegQIBRAU\"><span class=\"Y2IQFc\" lang=\"en\">- Reinhard Muster, cs\u00facsbor\u00e1sz, kozmopolita, a vil\u00e1gsz\u00ednvonal\u00fa bor\u00e9rt\u00e9kel\u00e9sek sz\u00e1mos d\u00edjazottja. Id\u00e9n megkapta a Concours Mondial Bruxelles nemzetk\u00f6zi bor\u00e9rt\u00e9kel\u0151 Sauvignon Selection verseny legmagasabb d\u00edj\u00e1t - \"Trophy Winner\" a Sauvignon Blanc Ried Grubthal 2020-\u00e9rt.<\/span><\/p>\n<div dir=\"auto\">\n<p>&nbsp;<\/p>\n<p>Bel\u00e9p\u0151d\u00edj:<\/p>\n<p>20 \u20ac el\u0151v\u00e9telben \u00e9s nagyobb bejelentett csoportok sz\u00e1m\u00e1ra a rendezv\u00e9ny napj\u00e1n.<\/p>\n<p>22 \u20ac a rendezv\u00e9ny napj\u00e1n.<\/p>\n<p>Jegyet a fesztiv\u00e1l honlapj\u00e1n, a salonsauvignon.eu oldalon lehet foglalni.<\/p>\n<p>Mesterkurzus \u00e1ra:<\/p>\n<p>50 \u20ac a bel\u00e9p\u0151vel egy\u00fctt.<\/p>\n<p>A fesztiv\u00e1lra vagy a mesterkurzusra el\u0151v\u00e9telben a weboldalon lehet jegyet v\u00e1s\u00e1rolni:\u00a0<a href=\"https:\/\/salonsauvignon.eu\/hun\/dogodek\/salon-sauvignon-ptuj\/\">https:\/\/salonsauvignon.eu\/dogodek\/salon-sauvignon-ptuj\/<\/a><\/p>\n<p>&nbsp;<\/p>\n<p>Tov\u00e1bbi inform\u00e1ci\u00f3k:<\/p>\n<p>Telefonsz\u00e1m: 00386 41 328 488<\/p>\n<p>E-mail: ars.vino18@gmail.com<\/p>\n<p>K\u00f6vessen, ossza meg \u00e9s kedveljen minket:<\/p>\n<p><a href=\"https:\/\/www.facebook.com\/salonsauvignon\/\" target=\"_blank\" rel=\"noopener\">https:\/\/www.facebook.com\/salonsauvignon\/<\/a><\/p>\n<p><a href=\"https:\/\/www.instagram.com\/salonsauvignon2024\/\" target=\"_blank\" rel=\"noopener\">https:\/\/www.instagram.com\/salonsauvignon2024\/<\/a><\/p>\n<\/div>","protected":false},"excerpt":{"rendered":"<p>&nbsp; SALON SAUVIGNON PTUJ 2024 \/\/ V SOBOTO 18. MAJA 2024 \/\/ 13:00 \u2013 19:00 \/\/ DOMINIKANSKI SAMOSTAN PTUJ KLET BRDA &#8211;\u00a0Darinko Ribolica, glavni enolog: \u201cSte \u017ee obiskali pravlji\u010dno de\u017eelo na zahodu Slovenije, ugnezdeno na pol poti med Alpami in Jadranom? To so na\u0161a Brda. Svet razgibanih gri\u010dev, kjer smo si Brici ustvarili domove, kmetije [&hellip;]<\/p>","protected":false},"author":2,"featured_media":9344,"comment_status":"closed","ping_status":"closed","sticky":false,"template":"","format":"standard","meta":{"_jetpack_memberships_contains_paid_content":false,"footnotes":"","jetpack_publicize_message":"","jetpack_publicize_feature_enabled":true,"jetpack_social_post_already_shared":false,"jetpack_social_options":{"image_generator_settings":{"template":"highway","enabled":false},"version":2},"_wpscppro_custom_social_share_image":0,"_facebook_share_type":"","_twitter_share_type":"","_linkedin_share_type":"","_pinterest_share_type":"","_linkedin_share_type_page":"","_instagram_share_type":"","_selected_social_profile":[]},"categories":[63,47],"tags":[],"class_list":["post-9283","post","type-post","status-publish","format-standard","has-post-thumbnail","hentry","category-vinarji","category-novice"],"jetpack_publicize_connections":[],"jetpack_featured_media_url":"https:\/\/salonsauvignon.eu\/wp-content\/uploads\/2024\/04\/KLET-BRDA-SS24-copy.jpg","jetpack_sharing_enabled":true,"_links":{"self":[{"href":"https:\/\/salonsauvignon.eu\/hun\/wp-json\/wp\/v2\/posts\/9283","targetHints":{"allow":["GET"]}}],"collection":[{"href":"https:\/\/salonsauvignon.eu\/hun\/wp-json\/wp\/v2\/posts"}],"about":[{"href":"https:\/\/salonsauvignon.eu\/hun\/wp-json\/wp\/v2\/types\/post"}],"author":[{"embeddable":true,"href":"https:\/\/salonsauvignon.eu\/hun\/wp-json\/wp\/v2\/users\/2"}],"replies":[{"embeddable":true,"href":"https:\/\/salonsauvignon.eu\/hun\/wp-json\/wp\/v2\/comments?post=9283"}],"version-history":[{"count":6,"href":"https:\/\/salonsauvignon.eu\/hun\/wp-json\/wp\/v2\/posts\/9283\/revisions"}],"predecessor-version":[{"id":9608,"href":"https:\/\/salonsauvignon.eu\/hun\/wp-json\/wp\/v2\/posts\/9283\/revisions\/9608"}],"wp:featuredmedia":[{"embeddable":true,"href":"https:\/\/salonsauvignon.eu\/hun\/wp-json\/wp\/v2\/media\/9344"}],"wp:attachment":[{"href":"https:\/\/salonsauvignon.eu\/hun\/wp-json\/wp\/v2\/media?parent=9283"}],"wp:term":[{"taxonomy":"category","embeddable":true,"href":"https:\/\/salonsauvignon.eu\/hun\/wp-json\/wp\/v2\/categories?post=9283"},{"taxonomy":"post_tag","embeddable":true,"href":"https:\/\/salonsauvignon.eu\/hun\/wp-json\/wp\/v2\/tags?post=9283"}],"curies":[{"name":"wp","href":"https:\/\/api.w.org\/{rel}","templated":true}]}}