{"id":6550,"date":"2022-04-09T17:40:28","date_gmt":"2022-04-09T15:40:28","guid":{"rendered":"https:\/\/salonsauvignon.eu\/?p=6550"},"modified":"2022-04-17T20:07:12","modified_gmt":"2022-04-17T18:07:12","slug":"carolea-prima-2022","status":"publish","type":"post","link":"https:\/\/salonsauvignon.eu\/ita\/carolea-prima-2022\/","title":{"rendered":"Carolea Prima 2022"},"content":{"rendered":"<p><img fetchpriority=\"high\" decoding=\"async\" class=\"alignnone wp-image-6552\" src=\"https:\/\/salonsauvignon.eu\/wp-content\/uploads\/2022\/04\/Carolea-Prima_kolaz-SS2022-300x300.jpg\" alt=\"Carolea Prima\" width=\"681\" height=\"681\" \/><\/p>\n<p>SAUVIGNON Ptuj 2022, festival dell'arte e del vino.<br \/>\nSabato 7 maggio alle 13:00.<\/p>\n<p><strong>Carolea Prima - olio extravergine di oliva<\/strong> \"Siamo un'azienda familiare con un grande amore per le olive. Coltiviamo un ettaro di terra in Istria, dove abbiamo piantato 420 olivi delle variet\u00e0 Istrska bellica, Carbonaca, Bu\u017ea, Ro\u0161injola e Bu\u017ea Punto\u017ea. Gli alberi crescono a Bale, lontano dal traffico e dall'industria, nell'aria pulita e nella natura incontaminata, che d\u00e0 all'olio un sapore ancora pi\u00f9 autentico. <a href=\"https:\/\/www.carolea-prima.com\" target=\"_blank\" rel=\"noopener\">https:\/\/www.carolea-prima.com<\/a><\/p>\n<p>\/\/ L'ottava volta - di nuovo nei bellissimi chiostri gotici del monastero domenicano di Ptuj.<\/p>\n<p>In una pittoresca citt\u00e0 medievale circondata da vigneti.<\/p>\n<p>I migliori sauvignon della Slovenia e del mondo.<\/p>\n<p>Cucina raffinata.<\/p>\n<p>Master Class. I vincitori di quest'anno saranno\u00a0<span lang=\"SL\">prof. Dr. Klemen Lisjak e doc. Dr. Guillaume Antalick.<\/span><\/p>\n<p>Arte. Musica.<\/p>\n<p>Concludiamo il nostro sabato tra le mura di un carismatico monastero medievale con un concerto del popolare cantante Ditka.<\/p>\n<p>Prezzo del biglietto:<\/p>\n<p>18\u20ac in anticipo e per i gruppi pi\u00f9 grandi il giorno dell'evento.<\/p>\n<p>21\u20ac il giorno dell'evento.<\/p>\n<p>Prezzo della Master Class:<\/p>\n<p>36 euro, compreso un biglietto per l'evento.<\/p>\n<p>Maggiori informazioni su<\/p>\n<p>mobn. 041328488<br \/>\n<a href=\"https:\/\/salonsauvignon.eu\/ita\/\" target=\"_blank\" rel=\"noopener noreferrer\" data-saferedirecturl=\"https:\/\/www.google.com\/url?q=https:\/\/www.salonsauvignon.eu&amp;source=gmail&amp;ust=1648842252240000&amp;usg=AOvVaw1VdxKrb5FHYGp9vVuMuB3I\">www.salonsauvignon.eu<\/a><\/p>\n<p>Segui, condividi e metti \"mi piace\" su:<\/p>\n<p><a href=\"https:\/\/salonsauvignon.eu\/ita\/\" target=\"_blank\" rel=\"noopener noreferrer\" data-saferedirecturl=\"https:\/\/www.google.com\/url?q=https:\/\/salonsauvignon.eu\/&amp;source=gmail&amp;ust=1648842252240000&amp;usg=AOvVaw0DpkoQYw562Pn3MPqwCo9l\">https:\/\/salonsauvignon.eu\/<\/a><br \/>\n<a href=\"https:\/\/www.facebook.com\/salonsauvignon\/\" target=\"_blank\" rel=\"noopener noreferrer\" data-saferedirecturl=\"https:\/\/www.google.com\/url?q=https:\/\/www.facebook.com\/salonsauvignon\/&amp;source=gmail&amp;ust=1648842252240000&amp;usg=AOvVaw2Xo5tyjZgiltrV02pvwoq_\">https:\/\/www.facebook.com\/salon<wbr \/>sauvignon\/<\/a><br \/>\ninstagram: salonsauvignon2022<\/p>\n<p>ENG<\/p>\n<p>SAUVIGNON Ptuj 2022, festival dell'arte e del vino.<br \/>\nSabato 7 maggio dalle 13:00<\/p>\n<p>Per l'ottava volta - ancora una volta nei bellissimi chiostri gotici del monastero domenicano di Ptuj.<\/p>\n<p>All'interno di una pittoresca citt\u00e0 medievale circondata da vigneti.<\/p>\n<p>I migliori sauvignon che la Slovenia e il mondo possano offrire.<\/p>\n<p>Cucina superiore.<\/p>\n<p>Master Class. <span lang=\"SL\">prof. Dr. Klemen Lisjak e doc. Dr. Guillaume Antalick.<\/span><\/p>\n<p>Arte. Musica.<\/p>\n<p>Concluderemo il sabato tra le mura del carismatico monastero medievale con un concerto del popolare cantante Ditka.<\/p>\n<p>Biglietto d'ingresso:<\/p>\n<p>\u20ac 18 in prevendita e per i gruppi pi\u00f9 grandi annunciati il giorno dell'evento.<\/p>\n<p>\u20ac 21 il giorno dell'evento.<\/p>\n<p>Prezzo della Master Class:<\/p>\n<p>\u20ac 36 con biglietto d'ingresso.<\/p>\n<p>Informazioni aggiuntive:<\/p>\n<p>Numero di telefono: +386 41 328 488<br \/>\n<a href=\"https:\/\/salonsauvignon.eu\/ita\/\" target=\"_blank\" rel=\"noopener noreferrer\" data-saferedirecturl=\"https:\/\/www.google.com\/url?q=https:\/\/www.salonsauvignon.eu&amp;source=gmail&amp;ust=1648842252240000&amp;usg=AOvVaw1VdxKrb5FHYGp9vVuMuB3I\">www.salonsauvignon.eu<\/a><\/p>\n<p>Segui, condividi e metti \"mi piace\" su:<\/p>\n<p><a href=\"https:\/\/salonsauvignon.eu\/ita\/\" target=\"_blank\" rel=\"noopener noreferrer\" data-saferedirecturl=\"https:\/\/www.google.com\/url?q=https:\/\/salonsauvignon.eu\/&amp;source=gmail&amp;ust=1648842252240000&amp;usg=AOvVaw0DpkoQYw562Pn3MPqwCo9l\">https:\/\/salonsauvignon.eu\/<\/a><br \/>\n<a href=\"https:\/\/www.facebook.com\/salonsauvignon\/\" target=\"_blank\" rel=\"noopener noreferrer\" data-saferedirecturl=\"https:\/\/www.google.com\/url?q=https:\/\/www.facebook.com\/salonsauvignon\/&amp;source=gmail&amp;ust=1648842252240000&amp;usg=AOvVaw2Xo5tyjZgiltrV02pvwoq_\">https:\/\/www.facebook.com\/salon<wbr \/>sauvignon\/<\/a><br \/>\ninstagram: salonsauvignon2022<\/p>\n<p>#SalonSauvignon #Ptuj #sauvignon #sauvignonblanc #cabernetsauvignon #vino #wine #wine #art #art #culinary #cuisine #enogastronomia #urismo #urismo #VisitPtuj #winefestival #winelovers #food #masterclass #winejudge #salonsauvignonptuj2022 #salonsauvignon2022 #Slovenia<\/p>","protected":false},"excerpt":{"rendered":"<p>SAUVIGNON Ptuj 2022, festival dell'arte e del vino. Sabato 7 maggio alle 13:00. Carolea Prima - olio extravergine di oliva \"Siamo un'azienda familiare con un grande amore per le olive. Coltiviamo un ettaro di terra in Istria, dove abbiamo piantato 420 olivi delle variet\u00e0 Istrska bellica, Carbonaca, Bu\u017ea, Ro\u0161injola e Bu\u017ea Punto\u017ea. Gli alberi crescono a Bale, lontano da [...]<\/p>","protected":false},"author":2,"featured_media":0,"comment_status":"closed","ping_status":"closed","sticky":false,"template":"","format":"standard","meta":{"_jetpack_memberships_contains_paid_content":false,"footnotes":"","jetpack_publicize_message":"","jetpack_publicize_feature_enabled":true,"jetpack_social_post_already_shared":false,"jetpack_social_options":{"image_generator_settings":{"template":"highway","enabled":false},"version":2},"_wpscppro_custom_social_share_image":0,"_facebook_share_type":"","_twitter_share_type":"","_linkedin_share_type":"","_pinterest_share_type":"","_linkedin_share_type_page":"","_instagram_share_type":"","_selected_social_profile":[]},"categories":[47],"tags":[],"class_list":["post-6550","post","type-post","status-publish","format-standard","hentry","category-novice"],"jetpack_publicize_connections":[],"jetpack_featured_media_url":"","jetpack_sharing_enabled":true,"_links":{"self":[{"href":"https:\/\/salonsauvignon.eu\/ita\/wp-json\/wp\/v2\/posts\/6550","targetHints":{"allow":["GET"]}}],"collection":[{"href":"https:\/\/salonsauvignon.eu\/ita\/wp-json\/wp\/v2\/posts"}],"about":[{"href":"https:\/\/salonsauvignon.eu\/ita\/wp-json\/wp\/v2\/types\/post"}],"author":[{"embeddable":true,"href":"https:\/\/salonsauvignon.eu\/ita\/wp-json\/wp\/v2\/users\/2"}],"replies":[{"embeddable":true,"href":"https:\/\/salonsauvignon.eu\/ita\/wp-json\/wp\/v2\/comments?post=6550"}],"version-history":[{"count":6,"href":"https:\/\/salonsauvignon.eu\/ita\/wp-json\/wp\/v2\/posts\/6550\/revisions"}],"predecessor-version":[{"id":6870,"href":"https:\/\/salonsauvignon.eu\/ita\/wp-json\/wp\/v2\/posts\/6550\/revisions\/6870"}],"wp:attachment":[{"href":"https:\/\/salonsauvignon.eu\/ita\/wp-json\/wp\/v2\/media?parent=6550"}],"wp:term":[{"taxonomy":"category","embeddable":true,"href":"https:\/\/salonsauvignon.eu\/ita\/wp-json\/wp\/v2\/categories?post=6550"},{"taxonomy":"post_tag","embeddable":true,"href":"https:\/\/salonsauvignon.eu\/ita\/wp-json\/wp\/v2\/tags?post=6550"}],"curies":[{"name":"wp","href":"https:\/\/api.w.org\/{rel}","templated":true}]}}