{"id":7106,"date":"2022-04-27T21:28:11","date_gmt":"2022-04-27T19:28:11","guid":{"rendered":"https:\/\/salonsauvignon.eu\/?p=7106"},"modified":"2022-05-02T21:59:16","modified_gmt":"2022-05-02T19:59:16","slug":"izjava-za-javnost-7-maj-salon-sauvignon-ptuj-2022","status":"publish","type":"post","link":"https:\/\/salonsauvignon.eu\/ita\/comunicato-pubblico-7-maggio-salon-sauvignon-ptuj-2022\/","title":{"rendered":"Comunicato stampa \/ 7 maggio Salon Sauvignon Ptuj 2022"},"content":{"rendered":"<p style=\"text-align: center;\"><img fetchpriority=\"high\" decoding=\"async\" class=\"wp-image-7107 alignleft\" src=\"https:\/\/salonsauvignon.eu\/wp-content\/uploads\/2022\/05\/Novinarska-april-SS2022-kolaz-300x300.jpg\" alt=\"Comunicato stampa\" width=\"581\" height=\"581\" srcset=\"https:\/\/salonsauvignon.eu\/wp-content\/uploads\/2022\/05\/Novinarska-april-SS2022-kolaz-300x300.jpg 300w, https:\/\/salonsauvignon.eu\/wp-content\/uploads\/2022\/05\/Novinarska-april-SS2022-kolaz-100x100.jpg 100w, https:\/\/salonsauvignon.eu\/wp-content\/uploads\/2022\/05\/Novinarska-april-SS2022-kolaz-600x600.jpg 600w, https:\/\/salonsauvignon.eu\/wp-content\/uploads\/2022\/05\/Novinarska-april-SS2022-kolaz-1024x1024.jpg 1024w, https:\/\/salonsauvignon.eu\/wp-content\/uploads\/2022\/05\/Novinarska-april-SS2022-kolaz-150x150.jpg 150w, https:\/\/salonsauvignon.eu\/wp-content\/uploads\/2022\/05\/Novinarska-april-SS2022-kolaz-768x768.jpg 768w, https:\/\/salonsauvignon.eu\/wp-content\/uploads\/2022\/05\/Novinarska-april-SS2022-kolaz-1536x1536.jpg 1536w, https:\/\/salonsauvignon.eu\/wp-content\/uploads\/2022\/05\/Novinarska-april-SS2022-kolaz-12x12.jpg 12w, https:\/\/salonsauvignon.eu\/wp-content\/uploads\/2022\/05\/Novinarska-april-SS2022-kolaz.jpg 2048w\" sizes=\"(max-width: 581px) 100vw, 581px\" \/><\/p>\n<p>&nbsp;<\/p>\n<p>&nbsp;<\/p>\n<p>&nbsp;<\/p>\n<p>&nbsp;<\/p>\n<p>&nbsp;<\/p>\n<p>&nbsp;<\/p>\n<p>&nbsp;<\/p>\n<p>&nbsp;<\/p>\n<p>&nbsp;<\/p>\n<p>&nbsp;<\/p>\n<p>&nbsp;<\/p>\n<p>&nbsp;<\/p>\n<p>&nbsp;<\/p>\n<p>&nbsp;<\/p>\n<p>&nbsp;<\/p>\n<p style=\"text-align: center;\">SALON SAUVIGNON 2022<\/p>\n<p style=\"text-align: center;\">Festival dell'arte e del vino<\/p>\n<p style=\"text-align: center;\">Sauvignon e Cabernet Sauvignon<\/p>\n<p style=\"text-align: center;\">Master Class<\/p>\n<p style=\"text-align: center;\">Cibo di alta qualit\u00e0<\/p>\n<p style=\"text-align: center;\">Le storie di sedie, vino e mostre d'arte<\/p>\n<p style=\"text-align: center;\">Concerto: Ditka<\/p>\n<p style=\"text-align: center;\">Monastero domenicano di Ptuj<\/p>\n<p style=\"text-align: center;\">Sabato 7 maggio 2022<\/p>\n<p style=\"text-align: center;\">13:00 - 20:00<\/p>\n<p style=\"text-align: left;\">Luned\u00ec 25 aprile, abbiamo tenuto una conferenza stampa nel Parco del Sole di fronte al Monastero Domenicano per presentare il festival internazionale Salon Sauvignon 2022.<\/p>\n<p style=\"text-align: left;\">Nella sua ottava edizione, il festival ritorna nella sua vecchia sede: il carismatico monastero domenicano di Ptuj. \u00c8 ospitato da Ptuj, una pittoresca citt\u00e0 medievale circondata da vigneti.<\/p>\n<p style=\"text-align: left;\">Pi\u00f9 di sessanta viticoltori e altri espositori di spicco della Slovenia e dintorni si presenteranno nel chiostro gotico. I visitatori saranno in grado di godere di vini entro un miglio dal monumento storico artistico restaurato e dai suoi giardini; il cortile sud, che serviva come giardino di erbe per i Fratelli Domenicani, e il vasto Sunny Park, che questa volta \u00e8 interamente dedicato agli eventi del festival.<\/p>\n<p style=\"text-align: left;\">Il Sunny Park ospiter\u00e0 la mostra Storie di sedie, creata dagli studenti del liceo di Ptuj sotto la guida di Du\u0161an Fi\u0161er, un pittore accademico. Ci sar\u00e0 anche la cucina - questa volta di Gostilna Ribi\u010d e Zavod Na - preparata sia per onnivori che per vegani.<\/p>\n<p style=\"text-align: left;\">La Master Class di quest'anno si svolger\u00e0 anche nel Parco del Sole.<\/p>\n<p style=\"text-align: left;\">Il Cortile Sud sar\u00e0 la sede della mostra fotografica Wine and Art, parte dell'omonimo progetto sostenuto da fondi europei e del Ministero della Cultura.<\/p>\n<p style=\"text-align: left;\">Proprio qui, nell'intimo cortile con vista sul fiume Drava, ci sar\u00e0 l'atto finale del festival di quest'anno - un concerto dell'eccezionale cantante Ditka.<\/p>\n<p style=\"text-align: left;\"><strong>Nu\u0161ka GAJ\u0160EK<\/strong>Il sindaco del Comune di Ptuj: \"Il Salon Sauvignon mette Ptuj sulla mappa delle citt\u00e0 del vino importanti e apre le porte a un'estate di festival di Ptuj ricca e varia. \u00c8 un evento da non perdere per i cittadini di Ptuj e gli amanti del vino dalla Slovenia e oltre\".<\/p>\n<p style=\"text-align: left;\"><strong>Slavko DOBNIK<\/strong>, direttore del festival Salon Sauvignon: \"In un'atmosfera rilassata, possiamo ritrovarci nella citt\u00e0 pi\u00f9 antica della Slovenia e degustare oltre cento Sauvignon provenienti dalla Slovenia e dalle zone limitrofe, che sono tra i migliori del mondo.<\/p>\n<p style=\"text-align: left;\">Questo \u00e8 dimostrato anche attraverso il giudizio del Festival e la Master Class, dove mettiamo i dieci migliori sauvignon e cabernet sauvignon del Festival contro i migliori del mondo. Mercator, il pi\u00f9 grande rivenditore sloveno, con il quale abbiamo stretto una partnership, metter\u00e0 i tre sauvignon del festival meglio valutati sugli scaffali dei suoi maggiori rivenditori e dar\u00e0 loro un risalto speciale a giugno\".<\/p>\n<p style=\"text-align: left;\"><strong>Sta\u0161a BIZJAK<\/strong>, direttore del festival e presidente del comitato organizzatore della valutazione del festival: \"La valutazione di quest'anno, presieduta da <strong>Andrej REBERNI\u0160EK<\/strong>, direttore di KGZ Zavod Ptuj, sar\u00e0 presente<strong> Dottor Klemen LISJAK, <\/strong>un esperto di fama mondiale e internazionale proprio su questa variet\u00e0. Il dottor Lisjak \u00e8 anche il titolare della Master Class di quest'anno. Questa \u00e8 un'innovazione su cui vogliamo costruire nei prossimi anni con esperti di vino e scrittori di fama mondiale. Vogliamo che il titolare della Master Class conosca i sauvignon e i cabernet sauvignon del Festival come membro della giuria.<\/p>\n<p style=\"text-align: left;\"><strong>Dr. Klemen LISJAK<\/strong> si unir\u00e0 alla Master Class <strong>Dottor Guillaume Antalick<\/strong> e <strong>Il dott.<\/strong> <strong>Erich Leitner<\/strong>, rinomati esperti internazionali di vino. Ci aspettiamo quindi un dibattito approfondito e vivace sul tema dei sauvignon e dei cabernet sauvignon nel nostro paese e nel mondo\".<\/p>\n<p style=\"text-align: left;\">Sia i giudici del festival che i partecipanti alla Master Class potranno gustare i vini dai bicchieri da degustazione di alta qualit\u00e0 di Armonia Steklarna Roga\u0161ka.<\/p>\n<p style=\"text-align: left;\"><strong>Mitja \u0160KRABL<\/strong>, Head of Retail di Steklarna Roga\u0161ka: \"Abbiamo riconosciuto Salon Sauvignon come un festival prestigioso e creativo con cui vogliamo sviluppare insieme la storia del prestigio. Siamo orgogliosi di presentare il Sauvignon de Sauvignon come un progetto che vogliamo celebrare, non solo il giorno dell'evento principale, ma durante tutto l'anno. Perch\u00e9 i vini pregiati richiedono un bicchiere pregiato - e al Salon Sauvignon, noi lo portiamo in tavola\".<\/p>\n<p style=\"text-align: left;\">Il festival \u00e8 sponsorizzato dal Comune di Ptuj. \u00c8 sponsorizzato dai prestigiosi partner Mercator, Perutnina Ptuj, Messer Slovenija, Steklarna Roga\u0161ka, Vargas-Al Kidri\u010devo e Agro Zavarovalnica. Lo sponsor dei media \u00e8 la casa mediatica Ve\u010der.<\/p>\n<p style=\"text-align: left;\">Prezzo del biglietto:<\/p>\n<p style=\"text-align: left;\">18 EUR in prevendita (prenota il tuo biglietto sul sito web <a href=\"https:\/\/l.facebook.com\/l.php?u=http%3A%2F%2Fsalonsauvignon.eu%2F%3Ffbclid%3DIwAR1uSPZ9UoavTiTB45W1qEem5Kml5YJ9v8dT2xnnAkFqth1Rrw58AK4fV2U&amp;h=AT2rcV-lY-LA0MNEu4xJu4zTA5vjIfOVr66L9U2ZSxV8ExX3zymYeK1CSb9plEFB67emWN-gCTjoqbuLWurdv8oCG8p0eil7NyZ8Tmrw0YoSokB7yl2aQSTySXGW9kiCio15QvhDug&amp;__tn__=q&amp;c%5B0%5D=AT3wTnzNP1CJbelAg8JInHmm_J3qX0wedZqq1IOFr95FGaA0LvXk8DLAx4Ko3KY35MZUMlQhreclSTNIFUaVyYd-wA7aazNTft7z9H7jJQ7D1maidXo_goqVmYOY7KPxhEZFeh_y6ro4gbPVjKFoLHUE\">http:\/\/salonsauvignon.eu\/<\/a> \u00a0sotto la scheda \"prenotazione dei biglietti in prevendita\" e per i gruppi pi\u00f9 grandi il giorno dell'evento.<\/p>\n<p style=\"text-align: left;\">21\u20ac il giorno dell'evento.<\/p>\n<p style=\"text-align: left;\">Prezzo della Master Class:<\/p>\n<p style=\"text-align: left;\">\u20ac36 - include un biglietto per l'evento.<\/p>\n<p style=\"text-align: left;\">Ulteriori informazioni:<\/p>\n<p style=\"text-align: left;\"><strong>Slavko DOBNIK<\/strong>,<\/p>\n<p style=\"text-align: left;\">Direttore del festival,<\/p>\n<p style=\"text-align: left;\">041\/328-488<\/p>\n<p style=\"text-align: left;\"><a href=\"http:\/\/ars.vino18@gmail.com\/\" target=\"_blank\" rel=\"noopener\">ars.vino18@gmail.com<\/a><\/p>\n<p style=\"text-align: left;\"><strong>Sta\u0161a BIZJAK<\/strong>,<\/p>\n<p style=\"text-align: left;\">manager professionale del festival,<\/p>\n<p style=\"text-align: left;\"><a href=\"http:\/\/ars.vino18@gmail.com\/\" target=\"_blank\" rel=\"noopener\">ars.vino18@gmail.com<\/a><\/p>\n<p style=\"text-align: left;\">Segui, condividi e metti \"mi piace\" su:<\/p>\n<p style=\"text-align: left;\"><a href=\"https:\/\/l.facebook.com\/l.php?u=http%3A%2F%2Fsalonsauvignon.eu%2F%3Ffbclid%3DIwAR1uSPZ9UoavTiTB45W1qEem5Kml5YJ9v8dT2xnnAkFqth1Rrw58AK4fV2U&amp;h=AT2rcV-lY-LA0MNEu4xJu4zTA5vjIfOVr66L9U2ZSxV8ExX3zymYeK1CSb9plEFB67emWN-gCTjoqbuLWurdv8oCG8p0eil7NyZ8Tmrw0YoSokB7yl2aQSTySXGW9kiCio15QvhDug&amp;__tn__=q&amp;c%5B0%5D=AT3wTnzNP1CJbelAg8JInHmm_J3qX0wedZqq1IOFr95FGaA0LvXk8DLAx4Ko3KY35MZUMlQhreclSTNIFUaVyYd-wA7aazNTft7z9H7jJQ7D1maidXo_goqVmYOY7KPxhEZFeh_y6ro4gbPVjKFoLHUE\">http:\/\/salonsauvignon.eu\/<\/a><br \/>\n<a href=\"https:\/\/www.facebook.com\/salonsauvignon\/?__cft__%5B0%5D=AZWv0Qvmo3swun0bwvxtEwWHI26muoF5_CK06jvroBiH2QMEebHHmMlbEiTZkI46Dkgtlq86K16EQgpAQmuHD7yjVPbZ4ZO362u7fWKdlxvvGCn4D0gFxlVc5jU5r65YOUc&amp;__tn__=q\" target=\"_blank\" rel=\"noopener\">https:\/\/www.facebook.com\/salonsauvignon\/<\/a><br \/>\ninstagram: salonsauvignon2022<\/p>\n<p style=\"text-align: left;\">Evento FB: <a href=\"https:\/\/www.facebook.com\/events\/1610361392721983\" target=\"_blank\" rel=\"noopener\">https:\/\/www.facebook.com\/events\/1610361392721983<\/a><\/p>\n<p style=\"text-align: left;\">","protected":false},"excerpt":{"rendered":"<p>&nbsp; &nbsp; &nbsp; &nbsp; &nbsp; &nbsp; &nbsp; &nbsp; &nbsp; &nbsp; &nbsp; &nbsp; &nbsp; &nbsp; &nbsp; SALON SAUVIGNON 2022 Art &amp; Wine festival Sauvignoni e Cabernet Sauvignoni Master Class Mostre gastronomiche Storie di sedie e di vino e arte Concerto di Ditka Monastero Domenicano di Ptuj sabato 7 maggio 2022 13:00 - 20:00 Luned\u00ec 25 aprile [...]<\/p>","protected":false},"author":2,"featured_media":7107,"comment_status":"closed","ping_status":"closed","sticky":false,"template":"","format":"standard","meta":{"_jetpack_memberships_contains_paid_content":false,"footnotes":"","jetpack_publicize_message":"","jetpack_publicize_feature_enabled":true,"jetpack_social_post_already_shared":false,"jetpack_social_options":{"image_generator_settings":{"template":"highway","enabled":false},"version":2},"_wpscppro_custom_social_share_image":0,"_facebook_share_type":"","_twitter_share_type":"","_linkedin_share_type":"","_pinterest_share_type":"","_linkedin_share_type_page":"","_instagram_share_type":"","_selected_social_profile":[]},"categories":[47],"tags":[],"class_list":["post-7106","post","type-post","status-publish","format-standard","has-post-thumbnail","hentry","category-novice"],"jetpack_publicize_connections":[],"jetpack_featured_media_url":"https:\/\/salonsauvignon.eu\/wp-content\/uploads\/2022\/05\/Novinarska-april-SS2022-kolaz.jpg","jetpack_sharing_enabled":true,"_links":{"self":[{"href":"https:\/\/salonsauvignon.eu\/ita\/wp-json\/wp\/v2\/posts\/7106","targetHints":{"allow":["GET"]}}],"collection":[{"href":"https:\/\/salonsauvignon.eu\/ita\/wp-json\/wp\/v2\/posts"}],"about":[{"href":"https:\/\/salonsauvignon.eu\/ita\/wp-json\/wp\/v2\/types\/post"}],"author":[{"embeddable":true,"href":"https:\/\/salonsauvignon.eu\/ita\/wp-json\/wp\/v2\/users\/2"}],"replies":[{"embeddable":true,"href":"https:\/\/salonsauvignon.eu\/ita\/wp-json\/wp\/v2\/comments?post=7106"}],"version-history":[{"count":3,"href":"https:\/\/salonsauvignon.eu\/ita\/wp-json\/wp\/v2\/posts\/7106\/revisions"}],"predecessor-version":[{"id":7111,"href":"https:\/\/salonsauvignon.eu\/ita\/wp-json\/wp\/v2\/posts\/7106\/revisions\/7111"}],"wp:featuredmedia":[{"embeddable":true,"href":"https:\/\/salonsauvignon.eu\/ita\/wp-json\/wp\/v2\/media\/7107"}],"wp:attachment":[{"href":"https:\/\/salonsauvignon.eu\/ita\/wp-json\/wp\/v2\/media?parent=7106"}],"wp:term":[{"taxonomy":"category","embeddable":true,"href":"https:\/\/salonsauvignon.eu\/ita\/wp-json\/wp\/v2\/categories?post=7106"},{"taxonomy":"post_tag","embeddable":true,"href":"https:\/\/salonsauvignon.eu\/ita\/wp-json\/wp\/v2\/tags?post=7106"}],"curies":[{"name":"wp","href":"https:\/\/api.w.org\/{rel}","templated":true}]}}