{"id":7486,"date":"2022-08-05T11:10:32","date_gmt":"2022-08-05T09:10:32","guid":{"rendered":"https:\/\/salonsauvignon.eu\/?p=7486"},"modified":"2022-08-14T16:30:28","modified_gmt":"2022-08-14T14:30:28","slug":"vino-hlade-na-promenadi-okusov-celje-2022","status":"publish","type":"post","link":"https:\/\/salonsauvignon.eu\/ita\/vino-fame-sulla-promenade-dei-gusti-totalmente-2022\/","title":{"rendered":"IL VINO DELLA BALLA ALLA PASSEGGIATA DEI SAPORI DI CELJE 2022\u00a0"},"content":{"rendered":"<p><img fetchpriority=\"high\" decoding=\"async\" class=\"alignnone wp-image-7487 aligncenter\" src=\"https:\/\/salonsauvignon.eu\/wp-content\/uploads\/2022\/08\/A-3-300x200.jpg\" alt=\"\" width=\"1034\" height=\"689\" srcset=\"https:\/\/salonsauvignon.eu\/wp-content\/uploads\/2022\/08\/A-3-300x200.jpg 300w, https:\/\/salonsauvignon.eu\/wp-content\/uploads\/2022\/08\/A-3-scaled-600x400.jpg 600w, https:\/\/salonsauvignon.eu\/wp-content\/uploads\/2022\/08\/A-3-1024x683.jpg 1024w, https:\/\/salonsauvignon.eu\/wp-content\/uploads\/2022\/08\/A-3-768x512.jpg 768w, https:\/\/salonsauvignon.eu\/wp-content\/uploads\/2022\/08\/A-3-1536x1024.jpg 1536w, https:\/\/salonsauvignon.eu\/wp-content\/uploads\/2022\/08\/A-3-2048x1365.jpg 2048w, https:\/\/salonsauvignon.eu\/wp-content\/uploads\/2022\/08\/A-3-18x12.jpg 18w\" sizes=\"(max-width: 1034px) 100vw, 1034px\" \/><\/p>\n<h4 style=\"text-align: center;\"><strong>10 SETTEMBRE 2022 \/\/ 14:00 - 20:00 \/\/ CENTRO STORICO DI CELJE<\/strong><\/h4>\n<p style=\"text-align: center;\">\"La tenuta vinicola Hlade si trova al crocevia tra gli Altipiani sloveni e Kozjak. Per essere pi\u00f9 precisi, siamo a dieci chilometri dal centro di Maribor, a \u0160obru.<\/p>\n<p style=\"text-align: center;\">Qui sono piantati anche i nostri vigneti, per un totale di otto ettari.<\/p>\n<p style=\"text-align: center;\">I vigneti sono divisi in due posizioni: la posizione \u0160ober e la posizione Kozjak.<\/p>\n<p style=\"text-align: center;\">L'arenaria e il lapis ci offrono un'ottima base per la coltivazione della vite. I vigneti si trovano tra i 350 e i 500 metri sul livello del mare. Tutto questo ci permette di produrre vini che esprimono mineralit\u00e0, fruttuosit\u00e0 e freschezza.<\/p>\n<p style=\"text-align: center;\">Venite ad assaggiarli - alla Celje 2022 Promenade of Flavours. Saremo lieti di vedervi l\u00ec!\".<\/p>\n<p style=\"text-align: center;\"><img decoding=\"async\" class=\"alignnone wp-image-7488\" src=\"https:\/\/salonsauvignon.eu\/wp-content\/uploads\/2022\/08\/B-4-300x173.jpg\" alt=\"\" width=\"1216\" height=\"701\" srcset=\"https:\/\/salonsauvignon.eu\/wp-content\/uploads\/2022\/08\/B-4-300x173.jpg 300w, https:\/\/salonsauvignon.eu\/wp-content\/uploads\/2022\/08\/B-4-scaled-600x346.jpg 600w, https:\/\/salonsauvignon.eu\/wp-content\/uploads\/2022\/08\/B-4-1024x591.jpg 1024w, https:\/\/salonsauvignon.eu\/wp-content\/uploads\/2022\/08\/B-4-768x443.jpg 768w, https:\/\/salonsauvignon.eu\/wp-content\/uploads\/2022\/08\/B-4-1536x887.jpg 1536w, https:\/\/salonsauvignon.eu\/wp-content\/uploads\/2022\/08\/B-4-2048x1183.jpg 2048w, https:\/\/salonsauvignon.eu\/wp-content\/uploads\/2022\/08\/B-4-18x10.jpg 18w\" sizes=\"(max-width: 1216px) 100vw, 1216px\" \/><\/p>\n<p style=\"text-align: center;\">_________________________<\/p>\n<p style=\"text-align: center;\">Sabato 10 settembre siete cordialmente invitati in uno dei centri cittadini pi\u00f9 pittoreschi della Slovenia - la Passeggiata dei Sapori di Celje 2022, in un momento in cui i vigneti che circondano la citt\u00e0 profumano della dolcezza dell'uva matura.<\/p>\n<p style=\"text-align: center;\">Questo sabato, esploreremo la citt\u00e0 principesca con un bicchiere da degustazione di vino in mano dalle 14.00 fino al tramonto alle 20.00.<\/p>\n<p style=\"text-align: center;\">Cosa offre la Passeggiata dei Sapori di Celje 2022?<\/p>\n<p style=\"text-align: center;\">- i migliori vini dei vigneti che circondano Celje, della Stiria e della Slovenia.<br \/>\n- cucina raffinata delle case gastronomiche di Celje.<br \/>\n- socializzare ed esplorare il pittoresco centro cittadino con un bicchiere di vino in mano.<br \/>\n- una sorpresa musicale.<\/p>\n<p style=\"text-align: center;\">Cosa \u00e8 incluso nel biglietto da 18 euro?<\/p>\n<p style=\"text-align: center;\">- degustazione di oltre sessanta vini di qualit\u00e0,<br \/>\n- un bicchiere da degustazione con il logo Salon Sauvignon,<br \/>\n- lucchetto.<\/p>\n<p style=\"text-align: center;\">Per saperne di pi\u00f9 sulla Promenade dei Sapori, visitate l'evento FB<\/p>\n<p style=\"text-align: center;\"><a href=\"https:\/\/www.facebook.com\/events\/1107809909785375\/?ref=newsfeed\" target=\"_blank\" rel=\"noopener\">Celje 2022 Passeggiata dei sapori<\/a>\u00a0.<\/p>\n<p style=\"text-align: center;\">Se l'evento vi piace, condividetelo e invitate i vostri amici, conoscenti, parenti, partner commerciali.<\/p>\n<p style=\"text-align: center;\">Che possiamo essere in tanti nella Citt\u00e0 del Principe questo sabato!<\/p>\n<p style=\"text-align: center;\">In caso di pioggia, l'evento sar\u00e0 posticipato al 24 settembre 2022 dalle 14:00 alle 20:00.<\/p>\n<p style=\"text-align: center;\">Organizzato dall'Istituto Itadakimasu.<\/p>\n<p style=\"text-align: center;\">Organizzato dall'Istituto Celeia Celje.<\/p>\n<p style=\"text-align: center;\">Partner: produttori di vino, gastronomi, Associazione Vin.Ce, progetto Wine &amp; Art.<\/p>\n<p style=\"text-align: center;\">L'evento \u00e8 organizzato sotto l'egida del festival Salon Sauvignon.<\/p>\n<p style=\"text-align: center;\">Scoprite di pi\u00f9 su Celje, la citt\u00e0 dei conti, su:<\/p>\n<p style=\"text-align: center;\"><a href=\"https:\/\/www.visitcelje.eu\/sl\/\" target=\"_blank\" rel=\"noopener\">https:\/\/www.visitcelje.eu\/sl\/\u00a0<\/a><br \/>\n<a href=\"https:\/\/www.facebook.com\/gocelje?__cft__%5B0%5D=AZW-hRdqsLUNujT0gE1DuIckTtNbKbp1UeHsUmma_wT0RxVsVCAwhnZvAbz3RcRw_bGzuz-pBW0dJAUZ90TtScilgGiTRd0YMeqB7TQejpo4kWuQJFKga0L7HYB1sj4-JtI&amp;__tn__=q\" target=\"_blank\" rel=\"noopener\">https:\/\/www.facebook.com\/gocelje\/<\/a><br \/>\n<a href=\"https:\/\/www.facebook.com\/knezjemestocelje\/?__cft__%5B0%5D=AZW-hRdqsLUNujT0gE1DuIckTtNbKbp1UeHsUmma_wT0RxVsVCAwhnZvAbz3RcRw_bGzuz-pBW0dJAUZ90TtScilgGiTRd0YMeqB7TQejpo4kWuQJFKga0L7HYB1sj4-JtI&amp;__tn__=q\" target=\"_blank\" rel=\"noopener\">https:\/\/www.facebook.com\/knezjemestocelje\/<\/a><\/p>\n<p><img decoding=\"async\" class=\"alignnone wp-image-7489 aligncenter\" src=\"https:\/\/salonsauvignon.eu\/wp-content\/uploads\/2022\/08\/D-2-300x213.jpg\" alt=\"\" width=\"1130\" height=\"802\" srcset=\"https:\/\/salonsauvignon.eu\/wp-content\/uploads\/2022\/08\/D-2-300x213.jpg 300w, https:\/\/salonsauvignon.eu\/wp-content\/uploads\/2022\/08\/D-2-scaled-600x425.jpg 600w, https:\/\/salonsauvignon.eu\/wp-content\/uploads\/2022\/08\/D-2-1024x726.jpg 1024w, https:\/\/salonsauvignon.eu\/wp-content\/uploads\/2022\/08\/D-2-768x544.jpg 768w, https:\/\/salonsauvignon.eu\/wp-content\/uploads\/2022\/08\/D-2-1536x1089.jpg 1536w, https:\/\/salonsauvignon.eu\/wp-content\/uploads\/2022\/08\/D-2-2048x1452.jpg 2048w, https:\/\/salonsauvignon.eu\/wp-content\/uploads\/2022\/08\/D-2-18x12.jpg 18w\" sizes=\"(max-width: 1130px) 100vw, 1130px\" \/><\/p>","protected":false},"excerpt":{"rendered":"<p>10 SETTEMBRE 2022 \/\/ 14:00 - 20:00 \/\/ CENTRO STORICO DI CELJE \"La tenuta vinicola Hlade si trova al crocevia tra l'altopiano sloveno e i monti Kozjak. Per essere pi\u00f9 precisi, siamo a dieci chilometri dal centro di Maribor, a \u0160obru. Qui sono piantati anche i nostri vigneti, per un totale di otto ettari. Dividiamo i nostri vigneti in due localit\u00e0: la localit\u00e0 \u0160ober e la localit\u00e0 Kozjak. Pietra arenaria e [...]<\/p>","protected":false},"author":3,"featured_media":0,"comment_status":"closed","ping_status":"closed","sticky":false,"template":"","format":"standard","meta":{"_jetpack_memberships_contains_paid_content":false,"footnotes":"","jetpack_publicize_message":"","jetpack_publicize_feature_enabled":true,"jetpack_social_post_already_shared":false,"jetpack_social_options":{"image_generator_settings":{"template":"highway","enabled":false},"version":2},"_wpscppro_custom_social_share_image":0,"_facebook_share_type":"","_twitter_share_type":"","_linkedin_share_type":"","_pinterest_share_type":"","_linkedin_share_type_page":"","_instagram_share_type":"","_selected_social_profile":[]},"categories":[47],"tags":[],"class_list":["post-7486","post","type-post","status-publish","format-standard","hentry","category-novice"],"jetpack_publicize_connections":[],"jetpack_featured_media_url":"","jetpack_sharing_enabled":true,"_links":{"self":[{"href":"https:\/\/salonsauvignon.eu\/ita\/wp-json\/wp\/v2\/posts\/7486","targetHints":{"allow":["GET"]}}],"collection":[{"href":"https:\/\/salonsauvignon.eu\/ita\/wp-json\/wp\/v2\/posts"}],"about":[{"href":"https:\/\/salonsauvignon.eu\/ita\/wp-json\/wp\/v2\/types\/post"}],"author":[{"embeddable":true,"href":"https:\/\/salonsauvignon.eu\/ita\/wp-json\/wp\/v2\/users\/3"}],"replies":[{"embeddable":true,"href":"https:\/\/salonsauvignon.eu\/ita\/wp-json\/wp\/v2\/comments?post=7486"}],"version-history":[{"count":2,"href":"https:\/\/salonsauvignon.eu\/ita\/wp-json\/wp\/v2\/posts\/7486\/revisions"}],"predecessor-version":[{"id":7492,"href":"https:\/\/salonsauvignon.eu\/ita\/wp-json\/wp\/v2\/posts\/7486\/revisions\/7492"}],"wp:attachment":[{"href":"https:\/\/salonsauvignon.eu\/ita\/wp-json\/wp\/v2\/media?parent=7486"}],"wp:term":[{"taxonomy":"category","embeddable":true,"href":"https:\/\/salonsauvignon.eu\/ita\/wp-json\/wp\/v2\/categories?post=7486"},{"taxonomy":"post_tag","embeddable":true,"href":"https:\/\/salonsauvignon.eu\/ita\/wp-json\/wp\/v2\/tags?post=7486"}],"curies":[{"name":"wp","href":"https:\/\/api.w.org\/{rel}","templated":true}]}}