{"id":7674,"date":"2022-08-17T11:30:00","date_gmt":"2022-08-17T09:30:00","guid":{"rendered":"https:\/\/salonsauvignon.eu\/?p=7674"},"modified":"2022-08-17T11:30:00","modified_gmt":"2022-08-17T09:30:00","slug":"vina-mramor-na-promenadi-okusov-celje-2022","status":"publish","type":"post","link":"https:\/\/salonsauvignon.eu\/ita\/vino-marmo-sulla-promenade-dei-gusti-totalmente-2022\/","title":{"rendered":"I VINI MRAMOR ALLA PASSEGGIATA DEI SAPORI DI CELJE 2022\u00a0"},"content":{"rendered":"<p style=\"text-align: center;\">\n<p style=\"text-align: center;\"><img fetchpriority=\"high\" decoding=\"async\" class=\"alignnone  wp-image-7675\" src=\"https:\/\/salonsauvignon.eu\/wp-content\/uploads\/2022\/08\/K-1-300x200.jpg\" alt=\"\" width=\"941\" height=\"627\"><\/p>\n<p style=\"text-align: center;\">\n<p style=\"text-align: center;\"><strong>10 SETTEMBRE 2022 \/\/ 14:00 - 20:00 \/\/ CENTRO STORICO \/\/<\/strong><\/p>\n<p style=\"text-align: center;\"><strong>\u00a0<\/strong><\/p>\n<p style=\"text-align: center;\">\"Il nostro vigneto e agriturismo si trova nel cuore del Parco Regionale di Kozjan, nella frazione di Vrenska Gorca, 10 km a sud di Pod\u010detrtek. Si trova in una posizione soleggiata ed \u00e8 circondato da vigneti da diversi decenni, che si estendono nella parte meridionale della collina a un'altitudine compresa tra i 300 e i 360 metri sul livello del mare.<\/p>\n<p style=\"text-align: center;\">\n<p style=\"text-align: center;\">La posizione e le condizioni climatiche della sottoregione viticola di \u0160marsko Vir\u0161tanj sono favorevoli alla crescita delle viti e alla produzione di vini bianchi e rossi di qualit\u00e0.<\/p>\n<p style=\"text-align: center;\">\n<p style=\"text-align: center;\">La famiglia Mramor, guidata dal giovane agricoltore Mark, coltiva 24.000 viti su 5 ettari, piantati principalmente con le tradizionali variet\u00e0 stiriane di Lascaux e Riesling, Silvano verde, Sauvignon, Chardonnay, Moscato e Frankincense blu.<\/p>\n<p style=\"text-align: center;\">\n<p style=\"text-align: center;\">La cantina da 40.000 litri produce attualmente 16 diversi vini bianchi pregiati secchi, semisecchi e semidolci, oltre a rossi barrique e spumanti.<\/p>\n<p style=\"text-align: center;\">\n<p style=\"text-align: center;\">Vi offriremo una selezione da degustare alla Passeggiata dei Sapori nella Citt\u00e0 Principesca. Non vediamo l'ora di discutere i nostri vini con voi!\".<\/p>\n<p style=\"text-align: center;\">\n<p style=\"text-align: center;\">\n<p style=\"text-align: center;\">Per saperne di pi\u00f9 sulla fattoria della famiglia Mramor, visitate il sito:<\/p>\n<p style=\"text-align: center;\">\n<p style=\"text-align: center;\"><a href=\"https:\/\/www.facebook.com\/VinaMramor\/\" target=\"_blank\" rel=\"noopener\">https:\/\/www.facebook.com\/VinaMramor\/<\/a><\/p>\n<p style=\"text-align: center;\"><a href=\"http:\/\/vina-mramor.si\/\" target=\"_blank\" rel=\"noopener\">http:\/\/vina-mramor.si\/<\/a><\/p>\n<p style=\"text-align: center;\">\n<p style=\"text-align: center;\"><img decoding=\"async\" class=\"alignnone  wp-image-7677\" src=\"https:\/\/salonsauvignon.eu\/wp-content\/uploads\/2022\/08\/B2-300x168.jpg\" alt=\"\" width=\"1155\" height=\"647\" srcset=\"https:\/\/salonsauvignon.eu\/wp-content\/uploads\/2022\/08\/B2-300x168.jpg 300w, https:\/\/salonsauvignon.eu\/wp-content\/uploads\/2022\/08\/B2-scaled-600x337.jpg 600w, https:\/\/salonsauvignon.eu\/wp-content\/uploads\/2022\/08\/B2-1024x575.jpg 1024w, https:\/\/salonsauvignon.eu\/wp-content\/uploads\/2022\/08\/B2-768x431.jpg 768w, https:\/\/salonsauvignon.eu\/wp-content\/uploads\/2022\/08\/B2-18x10.jpg 18w\" sizes=\"(max-width: 1155px) 100vw, 1155px\" \/><\/p>\n<p style=\"text-align: center;\">__________________________<\/p>\n<p style=\"text-align: center;\">\n<p style=\"text-align: center;\">Sabato 10 settembre siete cordialmente invitati in uno dei centri cittadini pi\u00f9 pittoreschi della Slovenia - la Passeggiata dei Sapori di Celje 2022, in un momento in cui i vigneti che circondano la citt\u00e0 profumano della dolcezza dell'uva matura.<\/p>\n<p style=\"text-align: center;\">\n<p style=\"text-align: center;\">Questo sabato, esploreremo la citt\u00e0 principesca con un bicchiere da degustazione di vino in mano dalle 14.00 fino al tramonto alle 20.00.<\/p>\n<p style=\"text-align: center;\">\n<p style=\"text-align: center;\">Cosa offre la Passeggiata dei Sapori di Celje 2022?<\/p>\n<p style=\"text-align: center;\">\n<p style=\"text-align: center;\">- i migliori vini dei vigneti che circondano Celje, della Stiria e della Slovenia.<br \/>\n- cucina raffinata delle case gastronomiche di Celje.<br \/>\n- socializzare ed esplorare il pittoresco centro cittadino con un bicchiere di vino in mano.<br \/>\n- una sorpresa musicale.<\/p>\n<p style=\"text-align: center;\">\n<p style=\"text-align: center;\">Cosa \u00e8 incluso nel biglietto da 18 euro?<\/p>\n<p style=\"text-align: center;\">\n<p style=\"text-align: center;\">- degustazione di oltre sessanta vini di qualit\u00e0,<br \/>\n- un bicchiere da degustazione con il logo Salon Sauvignon,<br \/>\n- lucchetto.<\/p>\n<p style=\"text-align: center;\">\n<p style=\"text-align: center;\">Per saperne di pi\u00f9 sulla Promenade dei Sapori, visitate l'evento FB:<\/p>\n<p style=\"text-align: center;\">\n<p style=\"text-align: center;\"><a href=\"https:\/\/www.facebook.com\/events\/1107809909785375\/?ref=newsfeed\" target=\"_blank\" rel=\"noopener\">https:\/\/www.facebook.com\/events\/1107809909785375\/?ref=newsfeed<\/a>,<\/p>\n<p style=\"text-align: center;\">\n<p style=\"text-align: center;\">dove \u00e8 anche possibile prenotare i biglietti al prezzo di prevendita di 16 euro.<\/p>\n<p style=\"text-align: center;\">\n<p style=\"text-align: center;\">Se l'evento vi piace, condividetelo e invitate i vostri amici, conoscenti, parenti, partner commerciali.<\/p>\n<p style=\"text-align: center;\">\n<p style=\"text-align: center;\">Che possiamo essere in tanti nella Citt\u00e0 del Principe questo sabato!<\/p>\n<p style=\"text-align: center;\">\n<p style=\"text-align: center;\">In caso di pioggia, l'evento sar\u00e0 posticipato al 24 settembre 2022 dalle 14:00 alle 20:00.<\/p>\n<p style=\"text-align: center;\">\n<p style=\"text-align: center;\">Organizzato dall'Istituto Itadakimasu.<\/p>\n<p style=\"text-align: center;\">\n<p style=\"text-align: center;\">Organizzato dall'Istituto Celeia Celje.<\/p>\n<p style=\"text-align: center;\">\n<p style=\"text-align: center;\">Partner: produttori di vino, gastronomi, Associazione Vin.Ce, progetto Wine &amp; Art.<\/p>\n<p style=\"text-align: center;\">\n<p style=\"text-align: center;\">L'evento \u00e8 organizzato sotto l'egida del festival Salon Sauvignon.<\/p>\n<p style=\"text-align: center;\">\n<p style=\"text-align: center;\">\n<p style=\"text-align: center;\">Scoprite di pi\u00f9 su Celje, la citt\u00e0 dei conti, su:<\/p>\n<p style=\"text-align: center;\">\n<p style=\"text-align: center;\"><a href=\"https:\/\/www.visitcelje.eu\/sl\/\" target=\"_blank\" rel=\"noopener\">https:\/\/www.visitcelje.eu\/sl\/<\/a><br \/>\n<a href=\"https:\/\/www.facebook.com\/gocelje?__cft__%5B0%5D=AZW-hRdqsLUNujT0gE1DuIckTtNbKbp1UeHsUmma_wT0RxVsVCAwhnZvAbz3RcRw_bGzuz-pBW0dJAUZ90TtScilgGiTRd0YMeqB7TQejpo4kWuQJFKga0L7HYB1sj4-JtI&amp;__tn__=q\" target=\"_blank\" rel=\"noopener\">https:\/\/www.facebook.com\/gocelje\/<\/a><br \/>\n<a href=\"https:\/\/www.facebook.com\/knezjemestocelje\/?__cft__%5B0%5D=AZW-hRdqsLUNujT0gE1DuIckTtNbKbp1UeHsUmma_wT0RxVsVCAwhnZvAbz3RcRw_bGzuz-pBW0dJAUZ90TtScilgGiTRd0YMeqB7TQejpo4kWuQJFKga0L7HYB1sj4-JtI&amp;__tn__=q\" target=\"_blank\" rel=\"noopener\">https:\/\/www.facebook.com\/knezjemestocelje\/<\/a><\/p>","protected":false},"excerpt":{"rendered":"<p>10 SETTEMBRE 2022 \/\/ 14:00 - 20:00 \/\/ CENTRO STORICO \/\/ \" La nostra azienda vitivinicola e turistica si trova nel cuore del Parco Regionale di Kozjan, nella frazione di Vrenska Gorca, 10 km a sud di Pod\u010detrtek. Si trova in una posizione soleggiata ed \u00e8 circondato da vigneti da diversi decenni, [...]<\/p>","protected":false},"author":3,"featured_media":0,"comment_status":"closed","ping_status":"closed","sticky":false,"template":"","format":"standard","meta":{"_jetpack_memberships_contains_paid_content":false,"footnotes":"","jetpack_publicize_message":"","jetpack_publicize_feature_enabled":true,"jetpack_social_post_already_shared":false,"jetpack_social_options":{"image_generator_settings":{"template":"highway","enabled":false},"version":2},"_wpscppro_custom_social_share_image":0,"_facebook_share_type":"","_twitter_share_type":"","_linkedin_share_type":"","_pinterest_share_type":"","_linkedin_share_type_page":"","_instagram_share_type":"","_selected_social_profile":[]},"categories":[63,47],"tags":[],"class_list":["post-7674","post","type-post","status-publish","format-standard","hentry","category-vinarji","category-novice"],"jetpack_publicize_connections":[],"jetpack_featured_media_url":"","jetpack_sharing_enabled":true,"_links":{"self":[{"href":"https:\/\/salonsauvignon.eu\/ita\/wp-json\/wp\/v2\/posts\/7674","targetHints":{"allow":["GET"]}}],"collection":[{"href":"https:\/\/salonsauvignon.eu\/ita\/wp-json\/wp\/v2\/posts"}],"about":[{"href":"https:\/\/salonsauvignon.eu\/ita\/wp-json\/wp\/v2\/types\/post"}],"author":[{"embeddable":true,"href":"https:\/\/salonsauvignon.eu\/ita\/wp-json\/wp\/v2\/users\/3"}],"replies":[{"embeddable":true,"href":"https:\/\/salonsauvignon.eu\/ita\/wp-json\/wp\/v2\/comments?post=7674"}],"version-history":[{"count":2,"href":"https:\/\/salonsauvignon.eu\/ita\/wp-json\/wp\/v2\/posts\/7674\/revisions"}],"predecessor-version":[{"id":7680,"href":"https:\/\/salonsauvignon.eu\/ita\/wp-json\/wp\/v2\/posts\/7674\/revisions\/7680"}],"wp:attachment":[{"href":"https:\/\/salonsauvignon.eu\/ita\/wp-json\/wp\/v2\/media?parent=7674"}],"wp:term":[{"taxonomy":"category","embeddable":true,"href":"https:\/\/salonsauvignon.eu\/ita\/wp-json\/wp\/v2\/categories?post=7674"},{"taxonomy":"post_tag","embeddable":true,"href":"https:\/\/salonsauvignon.eu\/ita\/wp-json\/wp\/v2\/tags?post=7674"}],"curies":[{"name":"wp","href":"https:\/\/api.w.org\/{rel}","templated":true}]}}