{"id":7688,"date":"2022-08-18T16:30:50","date_gmt":"2022-08-18T14:30:50","guid":{"rendered":"https:\/\/salonsauvignon.eu\/?p=7688"},"modified":"2022-08-18T16:30:50","modified_gmt":"2022-08-18T14:30:50","slug":"vinogradnistvo-cvitanic-na-promenadi-okusov-ptuj-2022","status":"publish","type":"post","link":"https:\/\/salonsauvignon.eu\/ita\/viticoltura-cvitanic-sulla-promenade-dei-gusti-ptuj-2022\/","title":{"rendered":"CVITANI\u010c VITICOLTURA ALLA PASSEGGIATA DEI SAPORI PTUJ 2022"},"content":{"rendered":"<p><img fetchpriority=\"high\" decoding=\"async\" class=\"alignnone  wp-image-7689 aligncenter\" src=\"https:\/\/salonsauvignon.eu\/wp-content\/uploads\/2022\/08\/A-16-300x225.jpg\" alt=\"\" width=\"719\" height=\"539\" srcset=\"https:\/\/salonsauvignon.eu\/wp-content\/uploads\/2022\/08\/A-16-300x225.jpg 300w, https:\/\/salonsauvignon.eu\/wp-content\/uploads\/2022\/08\/A-16-600x450.jpg 600w, https:\/\/salonsauvignon.eu\/wp-content\/uploads\/2022\/08\/A-16-1024x768.jpg 1024w, https:\/\/salonsauvignon.eu\/wp-content\/uploads\/2022\/08\/A-16-768x576.jpg 768w, https:\/\/salonsauvignon.eu\/wp-content\/uploads\/2022\/08\/A-16-1536x1151.jpg 1536w, https:\/\/salonsauvignon.eu\/wp-content\/uploads\/2022\/08\/A-16-16x12.jpg 16w, https:\/\/salonsauvignon.eu\/wp-content\/uploads\/2022\/08\/A-16.jpg 2048w\" sizes=\"(max-width: 719px) 100vw, 719px\" \/><\/p>\n<p>&nbsp;<\/p>\n<p style=\"text-align: center;\"><strong>SABATO 3 SETTEMBRE 2022, 14:00 - 20:00 \/\/ CORTILE SUPERIORE DEL CASTELLO DI PTUJ \/\/<\/strong><\/p>\n<p style=\"text-align: center;\">\n<p style=\"text-align: center;\">Jurij Cvitani\u010d: \"La nostra ricca tradizione vitivinicola risale al 1937, quando mio nonno, Jurij I, da cui ho preso il nome, acquist\u00f2 una tenuta con vigneti a Zamu\u0161any, negli Altipiani della Slovenia centrale. \u00c8 cos\u00ec che la quinta generazione ha portato avanti con successo la viticoltura.<\/p>\n<p style=\"text-align: center;\">\n<p style=\"text-align: center;\">Coltiviamo 5 000 viti, principalmente chiffon, Riesling, Riesling, La Riesling, Traminer profumato e Muscat Ottonel. Raccogliamo, pressiamo, travasiamo e imbottigliamo, tutto per variet\u00e0.<\/p>\n<p style=\"text-align: center;\">\n<p style=\"text-align: center;\">Questa volta non vediamo l'ora di presentarvi i nostri vini nel bellissimo Castello di Ptuj - alla Passeggiata dei Sapori di Ptuj!\".<\/p>\n<p style=\"text-align: center;\">\n<p style=\"text-align: center;\">\n<p style=\"text-align: center;\">Per saperne di pi\u00f9 sui Vigneti Cvitani\u010d consultare il sito:<\/p>\n<p style=\"text-align: center;\">\n<p style=\"text-align: center;\"><a href=\"https:\/\/www.facebook.com\/Vinogradni%C5%A1tvo-Cvitani%C4%8D-195042203899886\/\" target=\"_blank\" rel=\"noopener\">https:\/\/www.facebook.com\/Vinogradni\u0161tvo-Cvitani\u010d-195042203899886\/<\/a> <a href=\"https:\/\/vinogradnistvo-cvitanic.si\/\" target=\"_blank\" rel=\"noopener\">https:\/\/vinogradnistvo-cvitanic.si<\/a><\/p>\n<p style=\"text-align: center;\">\n<p style=\"text-align: center;\">\n<p style=\"text-align: center;\"><img decoding=\"async\" class=\"alignnone  wp-image-7690\" src=\"https:\/\/salonsauvignon.eu\/wp-content\/uploads\/2022\/08\/B-15-300x225.jpg\" alt=\"\" width=\"696\" height=\"522\" srcset=\"https:\/\/salonsauvignon.eu\/wp-content\/uploads\/2022\/08\/B-15-300x225.jpg 300w, https:\/\/salonsauvignon.eu\/wp-content\/uploads\/2022\/08\/B-15-600x450.jpg 600w, https:\/\/salonsauvignon.eu\/wp-content\/uploads\/2022\/08\/B-15-768x576.jpg 768w, https:\/\/salonsauvignon.eu\/wp-content\/uploads\/2022\/08\/B-15-16x12.jpg 16w, https:\/\/salonsauvignon.eu\/wp-content\/uploads\/2022\/08\/B-15.jpg 960w\" sizes=\"(max-width: 696px) 100vw, 696px\" \/><\/p>\n<p style=\"text-align: center;\">\n<p style=\"text-align: center;\">_____________________<\/p>\n<p style=\"text-align: center;\">\n<p style=\"text-align: center;\">\n<p style=\"text-align: center;\">Trascorrete una giornata circondati da uno dei castelli pi\u00f9 belli della Slovenia.<\/p>\n<p style=\"text-align: center;\">\n<p style=\"text-align: center;\">Trascorrete la giornata sulla Passeggiata dei Sapori nella citt\u00e0 pi\u00f9 antica della Slovenia.<\/p>\n<p style=\"text-align: center;\">\n<p style=\"text-align: center;\">La Passeggiata dei Sapori di Ptuj si svolge per la terza volta presso il Castello di Ptuj, da cui si gode di una magnifica vista sui vigneti dell'Halos, sugli Altipiani sloveni e sugli Altipiani di Ljutomer-Ormo\u017e.<\/p>\n<p style=\"text-align: center;\">\n<p style=\"text-align: center;\">\n<p style=\"text-align: center;\">Cosa offre la Passeggiata dei sapori di Ptuj 2022?<\/p>\n<p style=\"text-align: center;\">\n- una cucina raffinata, abbinata ai vini pregiati dei vigneti di Ptuj,<br \/>\n- Concerto di Tadej VESENJAK, cantautore di Jeruzalemskie gorice.<\/p>\n<p>Cosa comprende il biglietto da 18 euro?<\/p>\n<p style=\"text-align: center;\">\n- degustazione di oltre sessanta vini di qualit\u00e0,<br \/>\n- un bicchiere da degustazione con il logo Salon Sauvignon,<br \/>\n- lucchetto.<\/p>\n<p style=\"text-align: center;\">\nPer saperne di pi\u00f9 sulla Promenade dei Sapori, visitate l'evento FB<\/p>\n<p style=\"text-align: center;\">\n<p style=\"text-align: center;\">\u00a0<a href=\"https:\/\/www.facebook.com\/events\/2053397331536448\/?ref=newsfeed\" target=\"_blank\" rel=\"noopener\">https:\/\/www.facebook.com\/events\/2053397331536448\/?ref=newsfeed<\/a><\/p>\n<p style=\"text-align: center;\">\n<p style=\"text-align: center;\">dove \u00e8 anche possibile prenotare i biglietti al prezzo di prevendita di 16 euro.<\/p>\n<p style=\"text-align: center;\">\n<p>Se l'evento vi piace, condividetelo e invitate i vostri amici, conoscenti, parenti, partner commerciali.<\/p>\n<p style=\"text-align: center;\">\nDivertiamoci al Castello di Ptuj questo sabato di settembre!<\/p>\n<p>Ci troveremo al Castello di Ptuj con qualsiasi tempo.<\/p>\n<p style=\"text-align: center;\">\n<p style=\"text-align: center;\">L'evento \u00e8 organizzato da Itadakimasu Ptuj.<\/p>\n<p style=\"text-align: center;\">\n<p style=\"text-align: center;\">Organizzato dal Museo regionale di Ptuj - Ormo\u017e e dall'Istituto turistico di Ptuj.<\/p>\n<p style=\"text-align: center;\">\n<p style=\"text-align: center;\">L'evento \u00e8 organizzato sotto l'egida del festival Salon Sauvignon.<\/p>\n<p style=\"text-align: center;\">\nPartner: viticoltori, case gastronomiche, l'Associazione dei giovani rurali di Spodnje Podravje, l'Istituto agricolo e forestale di Ptuj.<\/p>\n<p style=\"text-align: center;\">\n@pokrajinski.muzej.ptuj.ormoz @visitptuj<\/p>","protected":false},"excerpt":{"rendered":"<p>&nbsp; SABATO 3 SETTEMBRE 2022, 14:00 - 20:00 \/\/ CORTE SUPERIORE DI PTUJSKEGA GRAD \/\/ Jurij Cvitani\u010d: \"La nostra ricca tradizione vitivinicola risale al 1937, quando mio nonno, Jurij I, da cui ho preso il nome, acquist\u00f2 una tenuta con vigneti a Zamu\u0161any, negli Altipiani della Slovenia centrale. \u00c8 cos\u00ec che la quinta generazione ha continuato con successo [...]<\/p>","protected":false},"author":3,"featured_media":0,"comment_status":"closed","ping_status":"closed","sticky":false,"template":"","format":"standard","meta":{"_jetpack_memberships_contains_paid_content":false,"footnotes":"","jetpack_publicize_message":"","jetpack_publicize_feature_enabled":true,"jetpack_social_post_already_shared":false,"jetpack_social_options":{"image_generator_settings":{"template":"highway","enabled":false},"version":2},"_wpscppro_custom_social_share_image":0,"_facebook_share_type":"","_twitter_share_type":"","_linkedin_share_type":"","_pinterest_share_type":"","_linkedin_share_type_page":"","_instagram_share_type":"","_selected_social_profile":[]},"categories":[63,47],"tags":[],"class_list":["post-7688","post","type-post","status-publish","format-standard","hentry","category-vinarji","category-novice"],"jetpack_publicize_connections":[],"jetpack_featured_media_url":"","jetpack_sharing_enabled":true,"_links":{"self":[{"href":"https:\/\/salonsauvignon.eu\/ita\/wp-json\/wp\/v2\/posts\/7688","targetHints":{"allow":["GET"]}}],"collection":[{"href":"https:\/\/salonsauvignon.eu\/ita\/wp-json\/wp\/v2\/posts"}],"about":[{"href":"https:\/\/salonsauvignon.eu\/ita\/wp-json\/wp\/v2\/types\/post"}],"author":[{"embeddable":true,"href":"https:\/\/salonsauvignon.eu\/ita\/wp-json\/wp\/v2\/users\/3"}],"replies":[{"embeddable":true,"href":"https:\/\/salonsauvignon.eu\/ita\/wp-json\/wp\/v2\/comments?post=7688"}],"version-history":[{"count":2,"href":"https:\/\/salonsauvignon.eu\/ita\/wp-json\/wp\/v2\/posts\/7688\/revisions"}],"predecessor-version":[{"id":7693,"href":"https:\/\/salonsauvignon.eu\/ita\/wp-json\/wp\/v2\/posts\/7688\/revisions\/7693"}],"wp:attachment":[{"href":"https:\/\/salonsauvignon.eu\/ita\/wp-json\/wp\/v2\/media?parent=7688"}],"wp:term":[{"taxonomy":"category","embeddable":true,"href":"https:\/\/salonsauvignon.eu\/ita\/wp-json\/wp\/v2\/categories?post=7688"},{"taxonomy":"post_tag","embeddable":true,"href":"https:\/\/salonsauvignon.eu\/ita\/wp-json\/wp\/v2\/tags?post=7688"}],"curies":[{"name":"wp","href":"https:\/\/api.w.org\/{rel}","templated":true}]}}