{"id":7806,"date":"2022-08-29T13:38:55","date_gmt":"2022-08-29T11:38:55","guid":{"rendered":"https:\/\/salonsauvignon.eu\/?p=7806"},"modified":"2022-08-29T13:38:55","modified_gmt":"2022-08-29T11:38:55","slug":"slascicarna-zvezda-na-promenadi-okusov-celje-2022","status":"publish","type":"post","link":"https:\/\/salonsauvignon.eu\/ita\/slascicarna-stella-sulla-promenade-delle-attrazioni-totalmente-2022\/","title":{"rendered":"LA PASTICCERIA STAR ALLA PASSEGGIATA DEL GUSTO CELJE 2022\u00a0"},"content":{"rendered":"<p><img fetchpriority=\"high\" decoding=\"async\" class=\"wp-image-7807 alignnone\" src=\"https:\/\/salonsauvignon.eu\/wp-content\/uploads\/2022\/08\/D-6-300x199.jpg\" alt=\"\" width=\"923\" height=\"612\" srcset=\"https:\/\/salonsauvignon.eu\/wp-content\/uploads\/2022\/08\/D-6-300x199.jpg 300w, https:\/\/salonsauvignon.eu\/wp-content\/uploads\/2022\/08\/D-6-600x397.jpg 600w, https:\/\/salonsauvignon.eu\/wp-content\/uploads\/2022\/08\/D-6-1024x678.jpg 1024w, https:\/\/salonsauvignon.eu\/wp-content\/uploads\/2022\/08\/D-6-768x509.jpg 768w, https:\/\/salonsauvignon.eu\/wp-content\/uploads\/2022\/08\/D-6-1536x1017.jpg 1536w, https:\/\/salonsauvignon.eu\/wp-content\/uploads\/2022\/08\/D-6-18x12.jpg 18w, https:\/\/salonsauvignon.eu\/wp-content\/uploads\/2022\/08\/D-6.jpg 1800w\" sizes=\"(max-width: 923px) 100vw, 923px\" \/><\/p>\n<p style=\"text-align: center;\"><strong>\u00a0\/\/ 10 SETTEMBRE 2022 \/\/ 14:00 - 20:00 \/\/ CITT\u00c0 VECCHIA \/\/<\/strong><\/p>\n<p style=\"text-align: center;\">\n<p style=\"text-align: center;\">\"Lo stemma di Celje ha 3 stelle, lo sanno tutti. Ma ne ha un'altra, che addolcisce il centro della citt\u00e0 da oltre 80 anni. \u00c8 la STELLA DI VETRO, dove si snoda una catena di ricordi di persone e tempi che non esistono pi\u00f9.<\/p>\n<p style=\"text-align: center;\">Varcando la soglia della rinnovata pasticceria, da una comoda poltrona, attraverso le ampie vetrate, si legge il capitolo della via Pre\u0161erenova, raccontato dal centro storico di Celje. Qui troverete la nostalgia,\u00a0<strong>Tradizione<\/strong>\u00a0e ricordi...<\/p>\n<p style=\"text-align: center;\">Questa volta, il centro della citt\u00e0 si trasformer\u00e0 in un PROMENADO DEL GUSTO, dove non vediamo l'ora di accogliervi con il tradizionale dolce di Celje ROLCE, amaretti fatti in casa e altre prelibatezze.\"<\/p>\n<p style=\"text-align: center;\">\n<p style=\"text-align: center;\">Per saperne di pi\u00f9 sulla Zvezda Patisserie, visitate il sito:<\/p>\n<p style=\"text-align: center;\"><a href=\"https:\/\/www.facebook.com\/slascicarnazvezdacelje\" target=\"_blank\" rel=\"noopener\">https:\/\/www.facebook.com\/slascicarnazvezdacelje<\/a><\/p>\n<p>&nbsp;<\/p>\n<p style=\"text-align: center;\"><img decoding=\"async\" class=\"alignnone  wp-image-7808\" src=\"https:\/\/salonsauvignon.eu\/wp-content\/uploads\/2022\/08\/A-20-300x219.jpg\" alt=\"\" width=\"737\" height=\"538\" srcset=\"https:\/\/salonsauvignon.eu\/wp-content\/uploads\/2022\/08\/A-20-300x219.jpg 300w, https:\/\/salonsauvignon.eu\/wp-content\/uploads\/2022\/08\/A-20-600x438.jpg 600w, https:\/\/salonsauvignon.eu\/wp-content\/uploads\/2022\/08\/A-20-1024x747.jpg 1024w, https:\/\/salonsauvignon.eu\/wp-content\/uploads\/2022\/08\/A-20-768x560.jpg 768w, https:\/\/salonsauvignon.eu\/wp-content\/uploads\/2022\/08\/A-20-1536x1120.jpg 1536w, https:\/\/salonsauvignon.eu\/wp-content\/uploads\/2022\/08\/A-20-16x12.jpg 16w, https:\/\/salonsauvignon.eu\/wp-content\/uploads\/2022\/08\/A-20.jpg 1800w\" sizes=\"(max-width: 737px) 100vw, 737px\" \/><\/p>\n<p style=\"text-align: center;\">__________________<\/p>\n<p style=\"text-align: center;\">____<\/p>\n<p>&nbsp;<\/p>\n<p>&nbsp;<\/p>\n<p style=\"text-align: center;\">Sabato 10 settembre siete cordialmente invitati in uno dei centri cittadini pi\u00f9 pittoreschi della Slovenia - la Passeggiata dei Sapori di Celje 2022, in un momento in cui i vigneti che circondano la citt\u00e0 profumano della dolcezza dell'uva matura.<\/p>\n<p style=\"text-align: center;\">\n<p style=\"text-align: center;\">Questo sabato, esploreremo la citt\u00e0 principesca con un bicchiere da degustazione di vino in mano dalle 14.00 fino al tramonto alle 20.00.<\/p>\n<p style=\"text-align: center;\">\n<p style=\"text-align: center;\">Cosa offre la Passeggiata dei Sapori di Celje 2022?<\/p>\n<p style=\"text-align: center;\">\n<p style=\"text-align: center;\">- i migliori vini dei vigneti che circondano Celje, della Stiria e della Slovenia.<br \/>\n- cucina raffinata delle case gastronomiche di Celje.<br \/>\n- socializzare ed esplorare il pittoresco centro cittadino con un bicchiere di vino in mano.<br \/>\n- una sorpresa musicale.<\/p>\n<p style=\"text-align: center;\">\n<p style=\"text-align: center;\">Cosa \u00e8 incluso nel biglietto da 18 euro?<\/p>\n<p style=\"text-align: center;\">\n<p style=\"text-align: center;\">- degustazione di oltre sessanta vini di qualit\u00e0,<br \/>\n- un bicchiere da degustazione con il logo Salon Sauvignon,<br \/>\n- lucchetto.<\/p>\n<p style=\"text-align: center;\">\n<p style=\"text-align: center;\">Per saperne di pi\u00f9 sulla Promenade dei Sapori, visitate l'evento FB:<\/p>\n<p style=\"text-align: center;\">\n<p style=\"text-align: center;\"><a href=\"https:\/\/www.facebook.com\/events\/1107809909785375\/?ref=newsfeed\" target=\"_blank\" rel=\"noopener\">https:\/\/www.facebook.com\/events\/1107809909785375\/?ref=newsfeed<\/a>,<\/p>\n<p style=\"text-align: center;\">\n<p style=\"text-align: center;\">dove \u00e8 anche possibile prenotare i biglietti al prezzo di prevendita di 16 euro.<\/p>\n<p style=\"text-align: center;\">\n<p style=\"text-align: center;\">Se l'evento vi piace, condividetelo e invitate i vostri amici, conoscenti, parenti, partner commerciali.<\/p>\n<p style=\"text-align: center;\">\n<p style=\"text-align: center;\">Che possiamo essere in tanti nella Citt\u00e0 del Principe questo sabato!<\/p>\n<p style=\"text-align: center;\">\n<p style=\"text-align: center;\">In caso di pioggia, l'evento sar\u00e0 posticipato al 24 settembre 2022 dalle 14:00 alle 20:00.<\/p>\n<p style=\"text-align: center;\">\n<p style=\"text-align: center;\">Organizzato dall'Istituto Itadakimasu.<\/p>\n<p style=\"text-align: center;\">\n<p style=\"text-align: center;\">Organizzato dall'Istituto Celeia Celje.<\/p>\n<p style=\"text-align: center;\">\n<p style=\"text-align: center;\">Partner: produttori di vino, gastronomi, Associazione Vin.Ce, progetto Wine &amp; Art.<\/p>\n<p style=\"text-align: center;\">\n<p style=\"text-align: center;\">L'evento \u00e8 organizzato sotto l'egida del festival Salon Sauvignon.<\/p>\n<p style=\"text-align: center;\">\n<p style=\"text-align: center;\">\n<p style=\"text-align: center;\">Scoprite di pi\u00f9 su Celje, la citt\u00e0 dei conti, su:<\/p>\n<p style=\"text-align: center;\">\n<p style=\"text-align: center;\"><a href=\"https:\/\/www.visitcelje.eu\/sl\/\" target=\"_blank\" rel=\"noopener\">https:\/\/www.visitcelje.eu\/sl\/<\/a><br \/>\n<a href=\"https:\/\/www.facebook.com\/gocelje?__cft__%5B0%5D=AZW-hRdqsLUNujT0gE1DuIckTtNbKbp1UeHsUmma_wT0RxVsVCAwhnZvAbz3RcRw_bGzuz-pBW0dJAUZ90TtScilgGiTRd0YMeqB7TQejpo4kWuQJFKga0L7HYB1sj4-JtI&amp;__tn__=q\" target=\"_blank\" rel=\"noopener\">https:\/\/www.facebook.com\/gocelje\/<\/a><br \/>\n<a href=\"https:\/\/www.facebook.com\/knezjemestocelje\/?__cft__%5B0%5D=AZW-hRdqsLUNujT0gE1DuIckTtNbKbp1UeHsUmma_wT0RxVsVCAwhnZvAbz3RcRw_bGzuz-pBW0dJAUZ90TtScilgGiTRd0YMeqB7TQejpo4kWuQJFKga0L7HYB1sj4-JtI&amp;__tn__=q\" target=\"_blank\" rel=\"noopener\">https:\/\/www.facebook.com\/knezjemestocelje\/<\/a><\/p>\n<p style=\"text-align: center;\">\n<p style=\"text-align: center;\">@vin.ce_favorit<\/p>","protected":false},"excerpt":{"rendered":"<p>\u00a0\/\/ 10 SETTEMBRE 2022 \/\/ 14:00 - 20:00 \/\/ CENTRO STORICO \/\/ \"Lo stemma di Celje ha 3 stelle, lo sanno tutti. Ma ne ha un'altra, che addolcisce il centro della citt\u00e0 da oltre 80 anni. \u00c8 la STELLA DI VETRO, dove si snoda una catena di ricordi di persone e tempi che non esistono pi\u00f9. Quando si varca la soglia del rinnovato [...]<\/p>","protected":false},"author":3,"featured_media":7809,"comment_status":"closed","ping_status":"closed","sticky":false,"template":"","format":"standard","meta":{"_jetpack_memberships_contains_paid_content":false,"footnotes":"","jetpack_publicize_message":"","jetpack_publicize_feature_enabled":true,"jetpack_social_post_already_shared":false,"jetpack_social_options":{"image_generator_settings":{"template":"highway","enabled":false},"version":2},"_wpscppro_custom_social_share_image":0,"_facebook_share_type":"","_twitter_share_type":"","_linkedin_share_type":"","_pinterest_share_type":"","_linkedin_share_type_page":"","_instagram_share_type":"","_selected_social_profile":[]},"categories":[47,63],"tags":[],"class_list":["post-7806","post","type-post","status-publish","format-standard","has-post-thumbnail","hentry","category-novice","category-vinarji"],"jetpack_publicize_connections":[],"jetpack_featured_media_url":"https:\/\/salonsauvignon.eu\/wp-content\/uploads\/2022\/08\/D-copy-2.jpg","jetpack_sharing_enabled":true,"_links":{"self":[{"href":"https:\/\/salonsauvignon.eu\/ita\/wp-json\/wp\/v2\/posts\/7806","targetHints":{"allow":["GET"]}}],"collection":[{"href":"https:\/\/salonsauvignon.eu\/ita\/wp-json\/wp\/v2\/posts"}],"about":[{"href":"https:\/\/salonsauvignon.eu\/ita\/wp-json\/wp\/v2\/types\/post"}],"author":[{"embeddable":true,"href":"https:\/\/salonsauvignon.eu\/ita\/wp-json\/wp\/v2\/users\/3"}],"replies":[{"embeddable":true,"href":"https:\/\/salonsauvignon.eu\/ita\/wp-json\/wp\/v2\/comments?post=7806"}],"version-history":[{"count":2,"href":"https:\/\/salonsauvignon.eu\/ita\/wp-json\/wp\/v2\/posts\/7806\/revisions"}],"predecessor-version":[{"id":7811,"href":"https:\/\/salonsauvignon.eu\/ita\/wp-json\/wp\/v2\/posts\/7806\/revisions\/7811"}],"wp:featuredmedia":[{"embeddable":true,"href":"https:\/\/salonsauvignon.eu\/ita\/wp-json\/wp\/v2\/media\/7809"}],"wp:attachment":[{"href":"https:\/\/salonsauvignon.eu\/ita\/wp-json\/wp\/v2\/media?parent=7806"}],"wp:term":[{"taxonomy":"category","embeddable":true,"href":"https:\/\/salonsauvignon.eu\/ita\/wp-json\/wp\/v2\/categories?post=7806"},{"taxonomy":"post_tag","embeddable":true,"href":"https:\/\/salonsauvignon.eu\/ita\/wp-json\/wp\/v2\/tags?post=7806"}],"curies":[{"name":"wp","href":"https:\/\/api.w.org\/{rel}","templated":true}]}}