{"id":7828,"date":"2022-08-31T17:38:56","date_gmt":"2022-08-31T15:38:56","guid":{"rendered":"https:\/\/salonsauvignon.eu\/?p=7828"},"modified":"2022-08-31T17:51:05","modified_gmt":"2022-08-31T15:51:05","slug":"mestna-kavarna-metropol-na-promenadi-okusov-celje-2022","status":"publish","type":"post","link":"https:\/\/salonsauvignon.eu\/ita\/citta-caffe-metropoli-sulla-promenade-delle-attrazioni-citta-2022\/","title":{"rendered":"METROPOL CITY CAF\u00c9 ALLA PASSEGGIATA DEI SAPORI DI CELJE 2022"},"content":{"rendered":"<p><img fetchpriority=\"high\" decoding=\"async\" class=\"alignnone wp-image-7829 aligncenter\" src=\"https:\/\/salonsauvignon.eu\/wp-content\/uploads\/2022\/08\/A-22-300x154.jpg\" alt=\"\" width=\"904\" height=\"464\" srcset=\"https:\/\/salonsauvignon.eu\/wp-content\/uploads\/2022\/08\/A-22-300x154.jpg 300w, https:\/\/salonsauvignon.eu\/wp-content\/uploads\/2022\/08\/A-22-scaled-600x309.jpg 600w, https:\/\/salonsauvignon.eu\/wp-content\/uploads\/2022\/08\/A-22-1024x527.jpg 1024w, https:\/\/salonsauvignon.eu\/wp-content\/uploads\/2022\/08\/A-22-768x395.jpg 768w, https:\/\/salonsauvignon.eu\/wp-content\/uploads\/2022\/08\/A-22-2048x1054.jpg 2048w, https:\/\/salonsauvignon.eu\/wp-content\/uploads\/2022\/08\/A-22-18x9.jpg 18w\" sizes=\"(max-width: 904px) 100vw, 904px\" \/><\/p>\n<p style=\"text-align: center;\"><strong>\/\/ 10 SETTEMBRE 2022 \/\/ 14:00 - 20:00 \/\/ CITT\u00c0 VECCHIA \/\/<\/strong><\/p>\n<p style=\"text-align: center;\">\"Il Metropol City Caf\u00e9 \u00e8 una caffetteria molto conosciuta a Celje, che da mezzo secolo si trova nel centro della citt\u00e0. Possiamo dire che \u00e8 un caff\u00e8 con una tradizione.<\/p>\n<p style=\"text-align: center;\">Insieme al cinema, formano una bella storia che i celgiani seguono fedelmente.<\/p>\n<p style=\"text-align: center;\">L'intero edificio \u00e8 un vero gioiello architettonico, progettato dal famoso architetto sloveno Jo\u017ee Ple\u010dnik.<\/p>\n<p style=\"text-align: center;\">Situato lungo una delle strade pi\u00f9 vivaci della citt\u00e0, nel pieno centro della citt\u00e0 principesca, \u00e8 stato recentemente ristrutturato e ha ripreso vita, arricchendo e vivacizzando la vita quotidiana della citt\u00e0.<\/p>\n<p style=\"text-align: center;\">In qualit\u00e0 di caffetteria, ci occupiamo dei nostri ospiti con bevande calde, bibite, bevande alcoliche e analcoliche, snack e dessert.<\/p>\n<p style=\"text-align: center;\">Saremo lieti di darvi il benvenuto alla Passeggiata del Gusto di Celje!<\/p>\n<p style=\"text-align: center;\">E dopo la passeggiata dei sapori, invitiamo tutti gli ospiti a concludere in bellezza la serata al Metropol\".<\/p>\n<p style=\"text-align: center;\">Per saperne di pi\u00f9 sul Metropol Caf\u00e9, cliccate qui:<\/p>\n<p style=\"text-align: center;\"><a href=\"https:\/\/www.facebook.com\/MetropolKavarna\" target=\"_blank\" rel=\"noopener\">https:\/\/www.facebook.com\/MetropolKavarna<\/a><\/p>\n<p style=\"text-align: center;\"><img decoding=\"async\" class=\"alignnone wp-image-7830\" src=\"https:\/\/salonsauvignon.eu\/wp-content\/uploads\/2022\/08\/B-copy-300x300.jpg\" alt=\"\" width=\"754\" height=\"754\" srcset=\"https:\/\/salonsauvignon.eu\/wp-content\/uploads\/2022\/08\/B-copy-300x300.jpg 300w, https:\/\/salonsauvignon.eu\/wp-content\/uploads\/2022\/08\/B-copy-scaled-100x100.jpg 100w, https:\/\/salonsauvignon.eu\/wp-content\/uploads\/2022\/08\/B-copy-150x150.jpg 150w, https:\/\/salonsauvignon.eu\/wp-content\/uploads\/2022\/08\/B-copy-12x12.jpg 12w\" sizes=\"(max-width: 754px) 100vw, 754px\" \/><\/p>\n<p style=\"text-align: center;\">_____________________<\/p>\n<p style=\"text-align: center;\">Sabato 10 settembre siete cordialmente invitati in uno dei centri cittadini pi\u00f9 pittoreschi della Slovenia - la Passeggiata dei Sapori di Celje 2022, in un momento in cui i vigneti che circondano la citt\u00e0 profumano della dolcezza dell'uva matura.<\/p>\n<p style=\"text-align: center;\">Questo sabato, esploreremo la citt\u00e0 principesca con un bicchiere da degustazione di vino in mano dalle 14.00 fino al tramonto alle 20.00.<\/p>\n<p style=\"text-align: center;\">Cosa offre la Passeggiata dei Sapori di Celje 2022?<\/p>\n<p style=\"text-align: center;\">- i migliori vini dei vigneti che circondano Celje, della Stiria e della Slovenia.<br \/>\n- cucina raffinata delle case gastronomiche di Celje.<br \/>\n- socializzare ed esplorare il pittoresco centro cittadino con un bicchiere di vino in mano.<br \/>\n- una sorpresa musicale.<\/p>\n<p style=\"text-align: center;\">Cosa \u00e8 incluso nel biglietto da 18 euro?<\/p>\n<p style=\"text-align: center;\">- degustazione di oltre sessanta vini di qualit\u00e0,<br \/>\n- un bicchiere da degustazione con il logo Salon Sauvignon,<br \/>\n- lucchetto.<\/p>\n<p style=\"text-align: center;\">Per saperne di pi\u00f9 sulla Promenade dei Sapori, visitate l'evento FB:<\/p>\n<p style=\"text-align: center;\"><a href=\"https:\/\/www.facebook.com\/events\/1107809909785375\/?ref=newsfeed\" target=\"_blank\" rel=\"noopener\">https:\/\/www.facebook.com\/events\/1107809909785375\/?ref=newsfeed<\/a>,<\/p>\n<p style=\"text-align: center;\">dove \u00e8 anche possibile prenotare i biglietti al prezzo di prevendita di 16 euro.<\/p>\n<p style=\"text-align: center;\">Se l'evento vi piace, condividetelo e invitate i vostri amici, conoscenti, parenti, partner commerciali.<\/p>\n<p style=\"text-align: center;\">Che possiamo essere in tanti nella Citt\u00e0 del Principe questo sabato!<\/p>\n<p style=\"text-align: center;\">In caso di pioggia, l'evento sar\u00e0 posticipato al 24 settembre 2022 dalle 14:00 alle 20:00.<\/p>\n<p style=\"text-align: center;\">Organizzato dall'Istituto Itadakimasu.<\/p>\n<p style=\"text-align: center;\">Organizzato dall'Istituto Celeia Celje.<\/p>\n<p style=\"text-align: center;\">Partner: produttori di vino, gastronomi, Associazione Vin.Ce, progetto Wine &amp; Art.<\/p>\n<p style=\"text-align: center;\">L'evento \u00e8 organizzato sotto l'egida del festival Salon Sauvignon.<\/p>\n<p style=\"text-align: center;\">Scoprite di pi\u00f9 su Celje, la citt\u00e0 dei conti, su:<\/p>\n<p style=\"text-align: center;\"><a href=\"https:\/\/www.visitcelje.eu\/sl\/\" target=\"_blank\" rel=\"noopener\">https:\/\/www.visitcelje.eu\/sl\/<\/a><br \/>\n<a href=\"https:\/\/www.facebook.com\/gocelje?__cft__%5B0%5D=AZW-hRdqsLUNujT0gE1DuIckTtNbKbp1UeHsUmma_wT0RxVsVCAwhnZvAbz3RcRw_bGzuz-pBW0dJAUZ90TtScilgGiTRd0YMeqB7TQejpo4kWuQJFKga0L7HYB1sj4-JtI&amp;__tn__=q\" target=\"_blank\" rel=\"noopener\">https:\/\/www.facebook.com\/gocelje\/<\/a><br \/>\n<a href=\"https:\/\/www.facebook.com\/knezjemestocelje\/?__cft__%5B0%5D=AZW-hRdqsLUNujT0gE1DuIckTtNbKbp1UeHsUmma_wT0RxVsVCAwhnZvAbz3RcRw_bGzuz-pBW0dJAUZ90TtScilgGiTRd0YMeqB7TQejpo4kWuQJFKga0L7HYB1sj4-JtI&amp;__tn__=q\" target=\"_blank\" rel=\"noopener\">https:\/\/www.facebook.com\/knezjemestocelje\/<\/a><\/p>\n<p style=\"text-align: center;\">@vin.ce_favorit<\/p>\n<p style=\"text-align: center;\">1TP4Vino 1TP4Culinaria #enogastronomia #PPromenadaokusov #SalonSauvignon<\/p>\n<p style=\"text-align: center;\">1TP4Arte culinaria #enologia 1TP4Degustazione #promenade 1TP4Associazione 1TP4Socializzazione<\/p>\n<p style=\"text-align: center;\">#PCitt\u00e0-prince 1TP4Citt\u00e0 dei tropici #Town-City Core 1TP4Citt\u00e0 #Thailandia #Slovacchia #urismo<\/p>\n<p style=\"text-align: center;\">#cityofcounts 1TP4Cityofcounts 1TP4Cityofcounts<\/p>\n<p style=\"text-align: center;\">","protected":false},"excerpt":{"rendered":"<p>\/\/ 10 SETTEMBRE 2022 \/\/ 14:00 - 20:00 \/\/ CENTRO STORICO \/\/ \"Il Metropol City Caf\u00e9 \u00e8 un noto caff\u00e8 di Celje, situato nel centro della citt\u00e0 da mezzo secolo. Si pu\u00f2 dire che \u00e8 un caff\u00e8 con una tradizione. Insieme al cinema, formano una bella storia che gli abitanti di Celje seguono fedelmente. L'intero edificio \u00e8 un vero gioiello architettonico, progettato da [...]<\/p>","protected":false},"author":3,"featured_media":7834,"comment_status":"closed","ping_status":"closed","sticky":false,"template":"","format":"standard","meta":{"_jetpack_memberships_contains_paid_content":false,"footnotes":"","jetpack_publicize_message":"","jetpack_publicize_feature_enabled":true,"jetpack_social_post_already_shared":false,"jetpack_social_options":{"image_generator_settings":{"template":"highway","enabled":false},"version":2},"_wpscppro_custom_social_share_image":0,"_facebook_share_type":"","_twitter_share_type":"","_linkedin_share_type":"","_pinterest_share_type":"","_linkedin_share_type_page":"","_instagram_share_type":"","_selected_social_profile":[]},"categories":[47,1],"tags":[],"class_list":["post-7828","post","type-post","status-publish","format-standard","has-post-thumbnail","hentry","category-novice","category-uncategorized"],"jetpack_publicize_connections":[],"jetpack_featured_media_url":"https:\/\/salonsauvignon.eu\/wp-content\/uploads\/2022\/08\/LOGO.png","jetpack_sharing_enabled":true,"_links":{"self":[{"href":"https:\/\/salonsauvignon.eu\/ita\/wp-json\/wp\/v2\/posts\/7828","targetHints":{"allow":["GET"]}}],"collection":[{"href":"https:\/\/salonsauvignon.eu\/ita\/wp-json\/wp\/v2\/posts"}],"about":[{"href":"https:\/\/salonsauvignon.eu\/ita\/wp-json\/wp\/v2\/types\/post"}],"author":[{"embeddable":true,"href":"https:\/\/salonsauvignon.eu\/ita\/wp-json\/wp\/v2\/users\/3"}],"replies":[{"embeddable":true,"href":"https:\/\/salonsauvignon.eu\/ita\/wp-json\/wp\/v2\/comments?post=7828"}],"version-history":[{"count":3,"href":"https:\/\/salonsauvignon.eu\/ita\/wp-json\/wp\/v2\/posts\/7828\/revisions"}],"predecessor-version":[{"id":7833,"href":"https:\/\/salonsauvignon.eu\/ita\/wp-json\/wp\/v2\/posts\/7828\/revisions\/7833"}],"wp:featuredmedia":[{"embeddable":true,"href":"https:\/\/salonsauvignon.eu\/ita\/wp-json\/wp\/v2\/media\/7834"}],"wp:attachment":[{"href":"https:\/\/salonsauvignon.eu\/ita\/wp-json\/wp\/v2\/media?parent=7828"}],"wp:term":[{"taxonomy":"category","embeddable":true,"href":"https:\/\/salonsauvignon.eu\/ita\/wp-json\/wp\/v2\/categories?post=7828"},{"taxonomy":"post_tag","embeddable":true,"href":"https:\/\/salonsauvignon.eu\/ita\/wp-json\/wp\/v2\/tags?post=7828"}],"curies":[{"name":"wp","href":"https:\/\/api.w.org\/{rel}","templated":true}]}}