{"id":8651,"date":"2023-04-18T15:16:26","date_gmt":"2023-04-18T13:16:26","guid":{"rendered":"https:\/\/salonsauvignon.eu\/?p=8651"},"modified":"2023-04-18T15:16:26","modified_gmt":"2023-04-18T13:16:26","slug":"kdo-vse-bo-z-nami-2023-2","status":"publish","type":"post","link":"https:\/\/salonsauvignon.eu\/ita\/kdo-vse-bo-z-nami-2023-2\/","title":{"rendered":"CHE SARANNO TUTTI CON NOI NEL 2023"},"content":{"rendered":"<p><img fetchpriority=\"high\" decoding=\"async\" class=\"alignnone  wp-image-8652\" src=\"https:\/\/salonsauvignon.eu\/wp-content\/uploads\/2023\/04\/KDO-BO-Z-NAMI-KOLAZ\u030c-SS23-300x300.jpg\" alt=\"\" width=\"707\" height=\"707\" srcset=\"https:\/\/salonsauvignon.eu\/wp-content\/uploads\/2023\/04\/KDO-BO-Z-NAMI-KOLAZ\u030c-SS23-300x300.jpg 300w, https:\/\/salonsauvignon.eu\/wp-content\/uploads\/2023\/04\/KDO-BO-Z-NAMI-KOLAZ\u030c-SS23-100x100.jpg 100w, https:\/\/salonsauvignon.eu\/wp-content\/uploads\/2023\/04\/KDO-BO-Z-NAMI-KOLAZ\u030c-SS23-600x600.jpg 600w, https:\/\/salonsauvignon.eu\/wp-content\/uploads\/2023\/04\/KDO-BO-Z-NAMI-KOLAZ\u030c-SS23-1024x1024.jpg 1024w, https:\/\/salonsauvignon.eu\/wp-content\/uploads\/2023\/04\/KDO-BO-Z-NAMI-KOLAZ\u030c-SS23-150x150.jpg 150w, https:\/\/salonsauvignon.eu\/wp-content\/uploads\/2023\/04\/KDO-BO-Z-NAMI-KOLAZ\u030c-SS23-768x768.jpg 768w, https:\/\/salonsauvignon.eu\/wp-content\/uploads\/2023\/04\/KDO-BO-Z-NAMI-KOLAZ\u030c-SS23-1536x1536.jpg 1536w, https:\/\/salonsauvignon.eu\/wp-content\/uploads\/2023\/04\/KDO-BO-Z-NAMI-KOLAZ\u030c-SS23-12x12.jpg 12w, https:\/\/salonsauvignon.eu\/wp-content\/uploads\/2023\/04\/KDO-BO-Z-NAMI-KOLAZ\u030c-SS23.jpg 2048w\" sizes=\"(max-width: 707px) 100vw, 707px\" \/><\/p>\n<p>&nbsp;<\/p>\n<p><b>SALONE SAUVIGNON PTUJ 2023 \/\/ SABATO 22 APRILE 2023 \/\/ 13:00 - 21:00 \/\/ MONASTERO DOMINICANO PTUJ SLOVENIJA \/\/<\/b><\/p>\n<p>&nbsp;<\/p>\n<p>Kdo vse bo z nami<\/p>\n<p>&nbsp;<\/p>\n<p>&nbsp;<\/p>\n<p>CANTINE<\/p>\n<p>&nbsp;<\/p>\n<p><strong>SLOVENIA<\/strong><\/p>\n<p>&nbsp;<\/p>\n<p><strong>REGIONE VINICOLA DEL PODRAVJE<\/strong><\/p>\n<p>REGIONE VINICOLA DELLA STIRIA<\/p>\n<p>&nbsp;<\/p>\n<p>PTUJSKA KLET<\/p>\n<p>RACCOLTA<\/p>\n<p>KRAMER<\/p>\n<p>KOBAL<\/p>\n<p>LORDO<\/p>\n<p>FAMIGLIA<\/p>\n<p>STATERA<\/p>\n<p>RIFERIMENTO<\/p>\n<p>PERKO<\/p>\n<p>EMIL<\/p>\n<p>KONRAD<\/p>\n<p>KRAJNC<\/p>\n<p>VINI DELLA FAMIGLIA PUKLAVEC<\/p>\n<p>MARO<\/p>\n<p>VERBO<\/p>\n<p>ERGA<\/p>\n<p>KRAINZ<\/p>\n<p>VOLANTINAGGIO<\/p>\n<p>AVOS<\/p>\n<p>FABIAN<\/p>\n<p>SENEKOVIC<\/p>\n<p>PLATEI<\/p>\n<p>BRA\u010cKO<\/p>\n<p>PORTE PAX<\/p>\n<p>FALOTTA<\/p>\n<p>VALDHUBER<\/p>\n<p>KREN<\/p>\n<p>SHERBINEK<\/p>\n<p>MUKENAUER<\/p>\n<p>GAUBO<\/p>\n<p>VALDHUBER CECO<\/p>\n<p>VINO KU\u0160TER<\/p>\n<p>LEBER<\/p>\n<p>JARC<\/p>\n<p>ASSASSINO<\/p>\n<p>HLADE<\/p>\n<p>HORVAT<\/p>\n<p>MERANOVO<\/p>\n<p>VRECL<\/p>\n<p>FRESCO<\/p>\n<p>IL PECCATO D'ORO<\/p>\n<p>APPALTATORE<\/p>\n<p>SUD<\/p>\n<p>EMINO<\/p>\n<p>STEYER<\/p>\n<p>RADGONSKE GORICE<\/p>\n<p>&nbsp;<\/p>\n<p>REGIONE VINICOLA DEL PREKMURJE<\/p>\n<p>&nbsp;<\/p>\n<p>PASSO<\/p>\n<p>KELENC<\/p>\n<p>&nbsp;<\/p>\n<p><strong>LA REGIONE VINICOLA DEL POSAVJE<\/strong><\/p>\n<p>REGIONE VINICOLA BIZELJSKO-SREMI\u010c<\/p>\n<p>&nbsp;<\/p>\n<p>CROCE<\/p>\n<p>TAJFL<\/p>\n<p>DULARE<\/p>\n<p>&nbsp;<\/p>\n<p>REGIONE VINICOLA DELLA DOLENJSKA<\/p>\n<p>&nbsp;<\/p>\n<p>ALBIANA<\/p>\n<p>&nbsp;<\/p>\n<p>REGIONE VINICOLA DI BELA KRAJINA<\/p>\n<p>&nbsp;<\/p>\n<p>METLIKA<\/p>\n<p>CHIUSURE<\/p>\n<p>&nbsp;<\/p>\n<p><strong>LA REGIONE VINICOLA DELLA PRIMORSKA<\/strong><\/p>\n<p>&nbsp;<\/p>\n<p>REGIONE VINICOLA DELLA VALLE DELLA VIPAVA<\/p>\n<p>&nbsp;<\/p>\n<p>TILIA<\/p>\n<p>DE ADAMI \/\/ PALI<\/p>\n<p>\u017dOR\u017d 1696<\/p>\n<p>BOZICH<\/p>\n<p>ROUNA<\/p>\n<p>MARC<\/p>\n<p>PETRICA<\/p>\n<p>VAI A<\/p>\n<p>SULLA FACCIA<\/p>\n<p>TRO\u0160T<\/p>\n<p>FERVINO<\/p>\n<p>FERJAN\u010cI\u010c<\/p>\n<p>REGIONE VINICOLA DI GORI\u0160KA BRDA<\/p>\n<p>&nbsp;<\/p>\n<p>KLET BRDA<\/p>\n<p>&nbsp;<\/p>\n<p><strong>SERBIA<\/strong><\/p>\n<p>&nbsp;<\/p>\n<p>TRE CONFINI E UNA NUVOLA \/\/ TRE CONFINI E UNA NUVOLA \/\/ TRE CONFINI E UNA NUVOLA \/\/<\/p>\n<p>&nbsp;<\/p>\n<p><strong>CROAZIA<\/strong><\/p>\n<p>&nbsp;<\/p>\n<p>COPIATORE<\/p>\n<p>&nbsp;<\/p>\n<p><strong>REPUBBLICA CECA<\/strong><\/p>\n<p>&nbsp;<\/p>\n<p>SCHMIED \u2013 GREAT WINE<\/p>\n<p><strong>\u00a0<\/strong><\/p>\n<p><strong>AUSTRIA<\/strong><\/p>\n<p>&nbsp;<\/p>\n<p>MUSTER GAMLITZ<\/p>\n<p>&nbsp;<\/p>\n<p>&nbsp;<\/p>\n<p><strong>GASTRONOMI<\/strong><\/p>\n<p>&nbsp;<\/p>\n<p>Luka NOVAK e PERUTNINA PTUJ<\/p>\n<p>Ristorante RIBI\u010c<\/p>\n<p>Cioccolateria XOCOC<\/p>\n<p>Ristorante NOVA RAJNGLA<\/p>\n<p>Ristorante SPARGUS<\/p>\n<p>&nbsp;<\/p>\n<p>Mercoled\u00ec vi raccontiamo quali capolavori gastronomici ci offriranno le case gastronomiche - sia onnivore che vegane\/vegetariane.<\/p>\n<p>&nbsp;<\/p>\n<p><strong>ESPOSITORI<\/strong><\/p>\n<p>&nbsp;<\/p>\n<p>Frantoio KOCBEK<\/p>\n<p>Frantoio \u0160TUMPERGER<\/p>\n<p>STOCKWENZEL<\/p>\n<p>&nbsp;<\/p>\n<p>Il concerto del festival \u00e8 dedicato alle gemme della canzone pop slovena interpretate dalla cantante Natalia TUMPEJ e dal pianista Luka ZAVI\u0160I\u010c.<\/p>\n<p>Mostre: vino al confine, vino e arte, storie di sedie.<\/p>\n<p>Lo sponsor generale del festival \u00e8 il Comune di Ptuj,<\/p>\n<p>&nbsp;<\/p>\n<p>Il festival \u00e8 stato sponsorizzato da STEKLARNA ROGA\u0160KA, PERUTNINA PTUJ e MESSER SLOVENIJA, oltre che da numerosi partner e donatori.<\/p>\n<p>&nbsp;<\/p>\n<p>Il partner principale del 9\u00b0 Salone SAUVIGNON PTUJ 2023 \u00e8 il 6\u00b0 Congresso sloveno del vino e dei vini.<\/p>\n<p>Segui, condividi e metti \"mi piace\" su:<\/p>\n<p>salonsauvignon.eu<\/p>\n<p><a href=\"https:\/\/www.facebook.com\/salonsauvignon?__cft__[0]=AZUHMmUw--hvK-dWXOQnF03V5NOwkxJ4FRW4qqL_cgTuPM9eHCxXInHKp0Cl7y9ISs5KDa8kMP8Vwfik4QTI5ywtqlTCe8VRaAqMMakirQ5prX3e7BQ5CGQJLWIyppOn_QphiDZy-woQG0praCJyQihK&amp;__tn__=-]K-R\" target=\"_blank\" rel=\"noopener\">https:\/\/www.facebook.com\/salonsauvignon\/<\/a><\/p>\n<p>instagram: salonsauvignon2023<\/p>","protected":false},"excerpt":{"rendered":"<p>&nbsp; SALON SAUVIGNON PTUJ 2023 \/\/ V SOBOTO 22. APRILA 2023 \/\/ 13:00 \u2013 21:00 \/\/ DOMINIKANSKI SAMOSTAN PTUJ SLOVENIJA \/\/ &nbsp; Kdo vse bo z nami &nbsp; &nbsp; VINARJI &nbsp; SLOVENIJA &nbsp; VINORODNA DE\u017dELA PODRAVJE VINORODNI OKOLI\u0160 \u0160TAJERSKA &nbsp; PTUJSKA KLET ZAVEC KRAMER KOBAL GROSS FAMILIJA STATERA REBERNI\u0160EK PERKO EMIL KONRAD KRAJNC PUKLAVEC FAMILY [&hellip;]<\/p>","protected":false},"author":2,"featured_media":8652,"comment_status":"closed","ping_status":"closed","sticky":false,"template":"","format":"standard","meta":{"_jetpack_memberships_contains_paid_content":false,"footnotes":"","jetpack_publicize_message":"","jetpack_publicize_feature_enabled":true,"jetpack_social_post_already_shared":false,"jetpack_social_options":{"image_generator_settings":{"template":"highway","enabled":false},"version":2},"_wpscppro_custom_social_share_image":0,"_facebook_share_type":"","_twitter_share_type":"","_linkedin_share_type":"","_pinterest_share_type":"","_linkedin_share_type_page":"","_instagram_share_type":"","_selected_social_profile":[]},"categories":[47,63],"tags":[],"class_list":["post-8651","post","type-post","status-publish","format-standard","has-post-thumbnail","hentry","category-novice","category-vinarji"],"jetpack_publicize_connections":[],"jetpack_featured_media_url":"https:\/\/salonsauvignon.eu\/wp-content\/uploads\/2023\/04\/KDO-BO-Z-NAMI-KOLAZ\u030c-SS23.jpg","jetpack_sharing_enabled":true,"_links":{"self":[{"href":"https:\/\/salonsauvignon.eu\/ita\/wp-json\/wp\/v2\/posts\/8651","targetHints":{"allow":["GET"]}}],"collection":[{"href":"https:\/\/salonsauvignon.eu\/ita\/wp-json\/wp\/v2\/posts"}],"about":[{"href":"https:\/\/salonsauvignon.eu\/ita\/wp-json\/wp\/v2\/types\/post"}],"author":[{"embeddable":true,"href":"https:\/\/salonsauvignon.eu\/ita\/wp-json\/wp\/v2\/users\/2"}],"replies":[{"embeddable":true,"href":"https:\/\/salonsauvignon.eu\/ita\/wp-json\/wp\/v2\/comments?post=8651"}],"version-history":[{"count":1,"href":"https:\/\/salonsauvignon.eu\/ita\/wp-json\/wp\/v2\/posts\/8651\/revisions"}],"predecessor-version":[{"id":8653,"href":"https:\/\/salonsauvignon.eu\/ita\/wp-json\/wp\/v2\/posts\/8651\/revisions\/8653"}],"wp:featuredmedia":[{"embeddable":true,"href":"https:\/\/salonsauvignon.eu\/ita\/wp-json\/wp\/v2\/media\/8652"}],"wp:attachment":[{"href":"https:\/\/salonsauvignon.eu\/ita\/wp-json\/wp\/v2\/media?parent=8651"}],"wp:term":[{"taxonomy":"category","embeddable":true,"href":"https:\/\/salonsauvignon.eu\/ita\/wp-json\/wp\/v2\/categories?post=8651"},{"taxonomy":"post_tag","embeddable":true,"href":"https:\/\/salonsauvignon.eu\/ita\/wp-json\/wp\/v2\/tags?post=8651"}],"curies":[{"name":"wp","href":"https:\/\/api.w.org\/{rel}","templated":true}]}}